{"id":229518,"date":"2026-09-02T05:20:11","date_gmt":"2026-09-02T05:20:11","guid":{"rendered":"https:\/\/www.europesays.com\/hu\/229518\/"},"modified":"2026-09-02T05:20:11","modified_gmt":"2026-09-02T05:20:11","slug":"auto-acelfelnis-olcso-uj-benzines-suv-val-rukkolt-elo-az-opel","status":"publish","type":"post","link":"https:\/\/www.europesays.com\/hu\/229518\/","title":{"rendered":"Aut\u00f3: Ac\u00e9lfelnis, olcs\u00f3, \u00faj benzines SUV-val rukkolt el\u0151 az Opel"},"content":{"rendered":"<p>Az <a href=\"https:\/\/hvg.hu\/cimke\/opel\" target=\"_self\" rel=\"nofollow noopener\">Opel<\/a> 2 \u00e9vvel ezel\u0151tt leplezte le a vadonat\u00faj <a href=\"https:\/\/hvg.hu\/cegauto\/20240627_20-ev-utan-ujra-tamad-a-frontera-budapestre-erkezett-a-vadonatuj-opel\" target=\"_self\" rel=\"nofollow noopener\">Fronter\u00e1t<\/a>, mely remek \u00e1r-\u00e9rt\u00e9k ar\u00e1ny\u00fa, hibrid \u00e9s elektromos hajt\u00e1sl\u00e1ncokkal el\u00e9rhet\u0151 SUV-b\u00f3l most egy nyomott \u00e1r\u00fa \u00faj benzines alapmodell t\u0171nt fel a sz\u00ednen.<\/p>\n<p>A kereszts\u00e9gben Opel Frontera Start nevet kapott, szeptembert\u0151l rendelhet\u0151 \u00fajdons\u00e1g 6,99 milli\u00f3 forintba ker\u00fcl, ily m\u00f3don 500 ezer forinttal olcs\u00f3bb a kor\u00e1bbi alapmodelln\u00e9l.<\/p>\n<p><img decoding=\"async\" class=\"wp-block-hvg-custom-image__image\" src=\"https:\/\/www.europesays.com\/hu\/wp-content\/uploads\/2026\/09\/c38ecb00-e957-4911-a976-fb8b977cb531.jpg\" data-size=\"https:\/\/www.europesays.com\/hu\/wp-content\/uploads\/2026\/09\/c38ecb00-e957-4911-a976-fb8b977cb531.jpg\"\/><\/p>\n<p>Az Effekt k\u00e9k f\u00e9nyez\u00e9s\u0171 4,39 m\u00e9teres szabadid\u0151-aut\u00f3nak nemcsak a visszapillant\u00f3 h\u00e1zai, hanem a l\u00f6kh\u00e1r\u00edt\u00f3j\u00e1nak als\u00f3 kop\u00f3bet\u00e9tei \u00e9s 16 colos ac\u00e9lfelnijeinek \u00faj d\u00edszt\u00e1rcs\u00e1i is feket\u00e9k. <\/p>\n<p>A 460-1600 literes csomagter\u0171 \u00fajdons\u00e1g mozgat\u00e1s\u00e1r\u00f3l egy 100 l\u00f3er\u0151s teljes\u00edtm\u00e9ny\u0171 \u00e9s 205 Nm nyomat\u00e9k\u00fa, hibrid technika n\u00e9lk\u00fcli l\u00e1ncos vez\u00e9rl\u00e9s\u0171 1,2 literes 3 hengeres turb\u00f3s benzinmotor gondoskodik.<\/p>\n<p>A hatfokozat\u00fa k\u00e9zi v\u00e1lt\u00f3s alapmodell 12,4 m\u00e1sodperc alatt tudja le a 0\u2013100-as sprintet \u00e9s 179 km\/h v\u00e9gsebess\u00e9g\u0171. <\/p>\n<p><img decoding=\"async\" class=\"wp-block-hvg-custom-image__image\" src=\"https:\/\/www.europesays.com\/hu\/wp-content\/uploads\/2026\/09\/08c250c8-638e-4212-b3ae-b1a25bed35e3.jpg\" data-size=\"https:\/\/www.europesays.com\/hu\/wp-content\/uploads\/2026\/09\/08c250c8-638e-4212-b3ae-b1a25bed35e3.jpg\"\/><\/p>\n<p>A sof\u0151r\u00fcl\u00e9s hat ir\u00e1nyban \u00e1ll\u00edthat\u00f3, a l\u00e9gkondicion\u00e1l\u00f3 az alapfelszerel\u00e9s r\u00e9sze csak\u00fagy, mint sz\u00e1mos vezet\u0151i asszisztens, k\u00f6zt\u00fck a tolat\u00f3radar \u00e9s a s\u00e1velhagy\u00e1sra figyelmeztet\u0151 vezet\u00e9st\u00e1mogat\u00f3 rendszer. <\/p>\n<p>A Start utasai saj\u00e1t mobileszk\u00f6z\u00fcket a k\u00e9nyelmesen haszn\u00e1lhat\u00f3 k\u00f6z\u00e9pkonzoli okostelefon \u00e1llom\u00e1son kereszt\u00fcl egyszer\u0171en az aut\u00f3 rendszereire csatlakoztathatj\u00e1k, \u00e9s a vezet\u0151 el\u0151tti 10 colos inform\u00e1ci\u00f3s kijelz\u0151 is alaptartoz\u00e9k.<\/p>\n<p><img decoding=\"async\" class=\"wp-block-hvg-custom-image__image\" src=\"https:\/\/www.europesays.com\/hu\/wp-content\/uploads\/2026\/09\/4edfae59-f110-45c8-8078-15c0658a06b1.jpg\" data-size=\"https:\/\/www.europesays.com\/hu\/wp-content\/uploads\/2026\/09\/4edfae59-f110-45c8-8078-15c0658a06b1.jpg\"\/><\/p>\n","protected":false},"excerpt":{"rendered":"Az Opel 2 \u00e9vvel ezel\u0151tt leplezte le a vadonat\u00faj Fronter\u00e1t, mely remek \u00e1r-\u00e9rt\u00e9k ar\u00e1ny\u00fa, hibrid \u00e9s elektromos hajt\u00e1sl\u00e1ncokkal&hellip;\n","protected":false},"author":2,"featured_media":229519,"comment_status":"","ping_status":"","sticky":false,"template":"","format":"standard","meta":{"footnotes":"","_share_on_mastodon":"0"},"categories":[10],"tags":[14514,115,3782,110,44,42,40,43,41,400,16937,809,2846,111],"class_list":["post-229518","post","type-post","status-publish","format-standard","has-post-thumbnail","category-vallalkozas","tag-3-hengeres-motor","tag-auto","tag-benzinmotor","tag-business","tag-hu","tag-hungarian","tag-hungary","tag-magyar","tag-magyarorszag","tag-olcso-auto","tag-opel","tag-stellantis","tag-suv","tag-vallalkozas"],"share_on_mastodon":{"url":"https:\/\/pubeurope.com\/@hu\/117199767835813981","error":""},"_links":{"self":[{"href":"https:\/\/www.europesays.com\/hu\/wp-json\/wp\/v2\/posts\/229518","targetHints":{"allow":["GET"]}}],"collection":[{"href":"https:\/\/www.europesays.com\/hu\/wp-json\/wp\/v2\/posts"}],"about":[{"href":"https:\/\/www.europesays.com\/hu\/wp-json\/wp\/v2\/types\/post"}],"author":[{"embeddable":true,"href":"https:\/\/www.europesays.com\/hu\/wp-json\/wp\/v2\/users\/2"}],"replies":[{"embeddable":true,"href":"https:\/\/www.europesays.com\/hu\/wp-json\/wp\/v2\/comments?post=229518"}],"version-history":[{"count":0,"href":"https:\/\/www.europesays.com\/hu\/wp-json\/wp\/v2\/posts\/229518\/revisions"}],"wp:featuredmedia":[{"embeddable":true,"href":"https:\/\/www.europesays.com\/hu\/wp-json\/wp\/v2\/media\/229519"}],"wp:attachment":[{"href":"https:\/\/www.europesays.com\/hu\/wp-json\/wp\/v2\/media?parent=229518"}],"wp:term":[{"taxonomy":"category","embeddable":true,"href":"https:\/\/www.europesays.com\/hu\/wp-json\/wp\/v2\/categories?post=229518"},{"taxonomy":"post_tag","embeddable":true,"href":"https:\/\/www.europesays.com\/hu\/wp-json\/wp\/v2\/tags?post=229518"}],"curies":[{"name":"wp","href":"https:\/\/api.w.org\/{rel}","templated":true}]}}