{"id":229526,"date":"2026-09-02T05:24:13","date_gmt":"2026-09-02T05:24:13","guid":{"rendered":"https:\/\/www.europesays.com\/hu\/229526\/"},"modified":"2026-09-02T05:24:13","modified_gmt":"2026-09-02T05:24:13","slug":"telex-lehet-hogy-csak-10-metert-kell-asnunk-de-lehet-hogy-100-at-versenyt-futnak-az-idovel-hogy-kimentsek-az-alagutakban-rekedteket","status":"publish","type":"post","link":"https:\/\/www.europesays.com\/hu\/229526\/","title":{"rendered":"Telex: \u201eLehet, hogy csak 10 m\u00e9tert kell \u00e1snunk, de lehet, hogy 100-at\u201d \u2013 versenyt futnak az id\u0151vel, hogy kiments\u00e9k az alagutakban rekedteket"},"content":{"rendered":"<p>Versenyt futnak az id\u0151vel a nep\u00e1li ment\u0151alakulatok, hogy \u00e9lve tal\u00e1lj\u00e1k meg azt a t\u00f6bb sz\u00e1z embert, akik feltehet\u0151en a m\u00falt szerd\u00e1n t\u00f6rt\u00e9nt k\u00ednai\u2013nep\u00e1li vill\u00e1m\u00e1rv\u00edzben megsemmis\u00fclt v\u00edzer\u0151m\u0171vek s\u00e1rral bor\u00edtott alag\u00fatjaiban rekedtek. A nep\u00e1li er\u0151m\u0171c\u00e9geket k\u00e9pvisel\u0151 IPPAN (Independent Power Producers\u2019 Association) \u00e9rdekv\u00e9delmi szervezet adatai szerint nagyj\u00e1b\u00f3l kilencsz\u00e1z munk\u00e1s t\u0171nt el 11 k\u00fcl\u00f6nb\u00f6z\u0151 v\u00edzer\u0151m\u0171n\u00e9l. A legt\u00f6bben, 576-an a majdnem t\u00edz kilom\u00e9ter hossz\u00fa \u00fczemv\u00edz-alag\u00fattal rendelkez\u0151 Upper Trishuli-1 er\u0151m\u0171n\u00e9l. K\u00f6z\u00fcl\u00fck a felt\u00e9telez\u00e9sek szerint <a href=\"https:\/\/news.sky.com\/story\/nepal-tibet-flooding-latest-almost-300-foreign-nationals-among-hundreds-missing-tourism-board-says-13575720?postid=12342116#liveblog-body\" target=\"_blank\" rel=\"nofollow noopener\">nagyj\u00e1b\u00f3l h\u00e1romsz\u00e1zan<\/a> rekedhettek az alag\u00fatban \u00e9s a f\u00f6ld alatti termekben.<\/p>\n<p>K\u00f6zben <a href=\"https:\/\/apnews.com\/article\/nepal-flash-floods-death-toll-tibet-china-835459b2978adcd2b3bcf6e0595aee6c\" target=\"_blank\" rel=\"nofollow noopener\">a legfrissebb hivatalos nep\u00e1li adatok<\/a> szerint 987 holttestet tal\u00e1ltak, az elt\u0171ntek sz\u00e1ma 3916, \u00e9s majdnem 12 ezer embert mentettek ki a katasztr\u00f3fa s\u00fajtotta ter\u00fcletr\u0151l. K\u00f3rh\u00e1zi \u00e1pol\u00e1sra 267 s\u00e9r\u00fclt szorul. A folytat\u00f3d\u00f3 ment\u00e9sben t\u00f6bb mint h\u00faszezer katona \u00e9s rend\u0151r vesz r\u00e9szt. A vas\u00e1rnapi, az\u00f3ta nem friss\u00fclt k\u00ednai adatok szerint a hat\u00e1r tibeti oldal\u00e1n 16-an haltak meg, \u00e9s 546-an t\u0171ntek el, k\u00f6zt\u00fck 261 k\u00fclf\u00f6ldi. A hal\u00e1los \u00e1ldozatok \u00f6sszes\u00edtett sz\u00e1ma \u00edgy meghaladja az 1000-et.<\/p>\n<p>T\u00f6bb sz\u00e1z hal\u00e1los \u00e1ldozatot a Trishuli foly\u00f3 als\u00f3 foly\u00e1s\u00e1n\u00e1l tal\u00e1ltak meg, sok holttestet ugyanis t\u00f6bb mint sz\u00e1z kilom\u00e9terre sodort el az \u00e1r. T\u00f6bb v\u00e1rosban is megteltek a halottash\u00e1zak, ez\u00e9rt a h\u00e9tv\u00e9g\u00e9n m\u00e1r k\u00e9nytelenek voltak elkezdeni \u00e1tmenetileg eltemetni az azonos\u00edtatlan halottakat, miut\u00e1n lef\u00e9nyk\u00e9pezt\u00e9k \u0151ket, valamint DNS-mint\u00e1kat, ujjlenyomatokat vettek t\u0151l\u00fck. Az elt\u0171nt emberek rokonai k\u00f6zben a megmaradt telep\u00fcl\u00e9seket j\u00e1rj\u00e1k, hogy megtal\u00e1lj\u00e1k szeretteiket \u2013 ha m\u00e1shol nem, a hal\u00e1los \u00e1ldozatokr\u00f3l k\u00e9sz\u00fclt f\u00e9nyk\u00e9pek k\u00f6z\u00f6tt.<\/p>\n<p>Harc az id\u0151vel<\/p>\n<p>A ment\u00e9st ir\u00e1ny\u00edt\u00f3 nep\u00e1li hadsereg m\u00e1r a katasztr\u00f3fa m\u00e1snapj\u00e1n kiemelt figyelmet szentelt a k\u00ednai hat\u00e1rt\u00f3l d\u00e9lre halad\u00f3 Trishuli foly\u00f3n \u00e9p\u00fcl\u0151 vagy m\u00e1r m\u0171k\u00f6d\u0151 v\u00edzer\u0151m\u0171vekre. A k\u00fclf\u00f6ldi seg\u00edts\u00e9get m\u00e1s esetben elutas\u00edt\u00f3 nep\u00e1li korm\u00e1ny k\u00e9r\u00e9s\u00e9re Indi\u00e1b\u00f3l \u00e9s K\u00edn\u00e1b\u00f3l <a href=\"https:\/\/www.bbc.com\/news\/live\/cwrk34rzx3z2t?post=asset%3Acf28b482-1fb8-4671-8d36-708b074d05d5#post\" target=\"_blank\" rel=\"nofollow noopener\">\u00e9rkeztek<\/a> alag\u00fatment\u00e9sben tapasztalt specialist\u00e1k a helysz\u00ednre.<\/p>\n<p>A fenti becsl\u00e9seken t\u00fal egyel\u0151re nem lehet pontosan tudni, mennyien rekedtek az alagutakban, amiket az \u00e1rv\u00edz s\u00e1rral bor\u00edtott be, \u00e9s h\u00e1ny embert sodort el mag\u00e1val a <a href=\"https:\/\/telex.hu\/kulfold\/2026\/08\/28\/nepal-kina-aradas-katasztrofa-mentes-to-villamarviz-veszely\" target=\"_blank\" rel=\"nofollow noopener\">foly\u00e9kony betonk\u00e9nt jellemzett<\/a>, iszapot, homokot, kavicsot \u00e9s hatalmas sziklat\u00f6mb\u00f6ket is tartalmaz\u00f3 \u00e1radat.<\/p>\n<p>Az viszont biztos, hogy a nep\u00e1li katasztr\u00f3fav\u00e9delem szerint p\u00e9nteken 191, szombaton pedig 88 t\u00fal\u00e9l\u0151t mentettek ki az alagutakb\u00f3l \u2013 <a href=\"https:\/\/www.bbc.com\/news\/live\/cwrk34rzx3z2t?post=asset%3A4884babb-f034-453e-b843-3743d315acba#post\" target=\"_blank\" rel=\"nofollow noopener\">\u00edrta a BBC<\/a>.<\/p>\n<p>Voltak, akik maguk menek\u00fcltek ki, az \u0151 besz\u00e1mol\u00f3ik sokat seg\u00edtettek a ment\u0151csapatoknak. Egy munk\u00e1s, miut\u00e1n vas\u00e1rnap helikopterrel lehozt\u00e1k a katasztr\u00f3fa s\u00fajtotta ter\u00fcletr\u0151l, a CNN-nek <a href=\"https:\/\/edition.cnn.com\/2026\/08\/30\/asia\/nepal-workers-flooded-hydro-tunnel-intl\" target=\"_blank\" rel=\"nofollow noopener\">azt mondta<\/a>, hogy \u00e9ppen az \u00e9jszakai m\u0171szak ut\u00e1n ment ki az egyik er\u0151m\u0171 alag\u00fatj\u00e1b\u00f3l, amikor megl\u00e1tta az \u00e1rvizet, \u00e9s elkezdett felfel\u00e9 futni a hegyoldalon. \u201eAkik nem tudtak felkapaszkodni, azokat elsodorta\u201d \u2013 mondta a f\u00e9rfi.<\/p>\n<p>Egy m\u00e1sik munk\u00e1s arr\u00f3l besz\u00e9lt, hogy \u00f6t koll\u00e9g\u00e1j\u00e1val t\u00f6bb sz\u00e1z m\u00e9ternyire volt egy alag\u00fatban, amikor bet\u00f6rt a v\u00edz, \u00e9s az alag\u00fat plafonj\u00e1n l\u00e9v\u0151 kapaszkod\u00f3k seg\u00edts\u00e9g\u00e9vel menek\u00fcltek csak meg. V\u00e9g\u00fcl hat \u00f3ra alatt tudtak kijutni az alag\u00fatb\u00f3l.<\/p>\n<p><img decoding=\"async\" src=\"https:\/\/www.europesays.com\/hu\/wp-content\/uploads\/2026\/09\/1788188988-temp-sji8dkbqf1spfohihhg_cikktorzs:xl.jpg\"  loading=\"lazy\" alt=\"Ment\u0151csapatok a Trishuli 3A v\u00edzer\u0151m\u0171 alag\u00fatja k\u00f6zel\u00e9ben \u2013 Fot\u00f3: Nepal Prime Minister's Office \/ Reuters\" class=\"placeholder_\"\/><\/p>\n<p>Ment\u0151csapatok a Trishuli 3A v\u00edzer\u0151m\u0171 alag\u00fatja k\u00f6zel\u00e9ben \u2013 Fot\u00f3: Nepal Prime Minister&#8217;s Office \/ Reuters<\/p>\n<p>Azt sem lehet tudni, hogy hat nappal a katasztr\u00f3fa ut\u00e1n \u00e9letben vannak-e m\u00e9g az alagutakban rekedt munk\u00e1sok. Szak\u00e9rt\u0151k szerint a falak el\u00e9g er\u0151sek ahhoz, hogy kib\u00edrj\u00e1k a s\u00e1r\u00e1radat puszt\u00edt\u00e1s\u00e1t, \u00e9s az er\u0151m\u0171vek f\u00f6ld alatti l\u00e9tes\u00edtm\u00e9nyeinek termeiben lehets\u00e9ges a t\u00fal\u00e9l\u00e9s. \u201eEzek az alagutak el\u00e9g nagyok ahhoz, hogy teheraut\u00f3kkal lehessen rajtuk \u00e1thajtani. Elegend\u0151 hely van benn\u00fck ahhoz, hogy az emberek biztons\u00e1gban mened\u00e9ket tal\u00e1ljanak\u2026 Ugyanakkor versenyfut\u00e1s zajlik az id\u0151vel, mivel az embereknek \u00e9lelemre \u00e9s v\u00edzre van sz\u00fcks\u00e9g\u00fck\u201d \u2013 <a href=\"https:\/\/news.sky.com\/story\/nepal-tibet-flooding-latest-almost-300-foreign-nationals-among-hundreds-missing-tourism-board-says-13575720?postid=12342116#liveblog-body\" target=\"_blank\" rel=\"nofollow noopener\">mondta a Sky Newsnak<\/a> Jakob Steiner, a Grazi Egyetem jelenleg Bangladesben \u00e9l\u0151 geol\u00f3gusa.<\/p>\n<p>Az alag\u00fatban \u201evan konyha \u00e9s \u00e9lelem, de nem tudom, hogy mennyi az oxig\u00e9n\u201d \u2013 <a href=\"https:\/\/edition.cnn.com\/2026\/08\/31\/asia\/nepal-missing-hydropower-tunnels-flood-explainer-intl-hnk\" target=\"_blank\" rel=\"nofollow noopener\">mondta a CNN-nek<\/a> a Chilime er\u0151m\u0171n\u00e9l zajl\u00f3 ment\u00e9si munk\u00e1latokban seg\u00edt\u0151 egyik hegyi vezet\u0151. Mint mondta, vas\u00e1rnap a ment\u0151csapatok mind\u00f6ssze 130 m\u00e9tert tudtak haladni a nagyj\u00e1b\u00f3l 250 m\u00e9ter hossz\u00fa alag\u00fatban, amit teljesen elz\u00e1rt a s\u00e1r a k\u00fclvil\u00e1gt\u00f3l.<\/p>\n<p>Egy, a ment\u00e9sben r\u00e9szt vev\u0151 hegym\u00e1sz\u00f3 a Guardiannek <a href=\"https:\/\/www.theguardian.com\/world\/2026\/aug\/31\/nepal-tibet-floods-rescuers-hundreds-trapped-hydropower\" target=\"_blank\" rel=\"nofollow noopener\">azt mondta<\/a>, hogy fal\u00e9cekb\u0151l k\u00e9sz\u00edtett ideiglenes hidat haszn\u00e1lva igyekeztek bejutni, de egy id\u0151 ut\u00e1n m\u00e1r nem tudtak tov\u00e1bb haladni. \u201eVan bent egy biztons\u00e1gos ter\u00fclet. N\u00e9melyik\u00fck ak\u00e1r \u00e9letben is lehet. Rem\u00e9lem, \u00e9letben vannak\u201d \u2013 mondta. Egy m\u00e1r boml\u00f3 holttestet \u00e9s egy leszakadt jobb l\u00e1bfejet is tal\u00e1ltak, amiket a hadsereg egyik b\u00e1zis\u00e1ra vittek, nyilatkozta <a href=\"https:\/\/www.nytimes.com\/2026\/08\/29\/world\/asia\/nepal-flood-hydropower-tunnels-rescue-missing-workers.html\" target=\"_blank\" rel=\"nofollow noopener\">a New York Timesnak<\/a>. \u201eEmbertelen lett volna h\u00e1trahagyni a holttestet\u201d \u2013 mondta.<\/p>\n<p>A ment\u00e9st nehez\u00edti, hogy egyes er\u0151m\u0171veket csak helikopterrel lehet el\u00e9rni, miut\u00e1n az \u00e1radat elmosta az oda vezet\u0151 utakat \u00e9s hidakat, \u00e9s a mindent bebor\u00edt\u00f3 s\u00e1rban m\u00e9g az alagutak bej\u00e1rat\u00e1t is csak nagy nehezen siker\u00fclt megtal\u00e1lni.<\/p>\n<p>Az Upper Trishuli 3A er\u0151m\u0171n\u00e9l t\u00f6bbtucatnyian dolgoztak a t\u00f6bb mint n\u00e9gy kilom\u00e9teres alag\u00fat v\u00e9g\u00e9n l\u00e9v\u0151 g\u00e9ph\u00e1zban. Ott a ment\u00e9sben r\u00e9szt vev\u0151k azzal pr\u00f3b\u00e1lkoztak, hogy a meger\u0151s\u00edtett falu alag\u00fatba fel\u00fclr\u0151l t\u00f6rtek be, miut\u00e1n markol\u00f3kkal lyukat \u00e1stak a f\u00f6ldbe. Egy kisebb lyukat is f\u00fartak, hogy leveg\u0151t \u00e9s \u00e9lelmet juttassanak be az esetleg ott l\u00e9v\u0151 embereknek. Emellett <a href=\"https:\/\/telex.hu\/kulfold\/2026\/08\/31\/nepal-himalaja-kina-villamarviz-aradas-termeszeti-katasztrofa\" target=\"_blank\" rel=\"nofollow noopener\">robbant\u00e1ssal igyekeznek el\u00e9rni<\/a> a ter\u00fcletet, err\u0151l lehetett a legt\u00f6bbet hallani a h\u00edrekben.<\/p>\n<p><img decoding=\"async\" src=\"https:\/\/www.europesays.com\/hu\/wp-content\/uploads\/2026\/09\/1788189370-temp-v9ppe67tadl05feeonl_cikktorzs:xl.jpg\"  loading=\"lazy\" alt=\"A v\u00edzer\u0151m\u0171 egyik alag\u00fatj\u00e1nak bej\u00e1rata 2026. augusztus 30-\u00e1n \u2013 Fot\u00f3: Ritesh Shukla \/ Getty Images\" class=\"placeholder_\"\/><\/p>\n<p>A v\u00edzer\u0151m\u0171 egyik alag\u00fatj\u00e1nak bej\u00e1rata 2026. augusztus 30-\u00e1n \u2013 Fot\u00f3: Ritesh Shukla \/ Getty Images<\/p>\n<p>A nep\u00e1li minisztereln\u00f6ki hivatal vas\u00e1rnapi k\u00f6zl\u00e9se szerint ment\u0151munk\u00e1sokat eresztettek le a lyukba, de hi\u00e1ba kiab\u00e1ltak az esetleges t\u00fal\u00e9l\u0151knek, <a href=\"https:\/\/www.cnn.com\/2026\/08\/31\/world\/live-news\/nepal-china-flood?post-id=cmtgpkbdb00233b6su74otyok\" target=\"_blank\" rel=\"nofollow noopener\">nem kaptak v\u00e1laszt<\/a>. A nep\u00e1li hadsereg <a href=\"https:\/\/www.bbc.com\/news\/live\/cwrk34rzx3z2t?post=asset%3Ab636bbcc-2a56-4d82-af03-6e5ed4fc8c7d#post\" target=\"_blank\" rel=\"nofollow noopener\">k\u00f6zl\u00e9se<\/a> szerint megkezdt\u00e9k az alag\u00fat megtiszt\u00edt\u00e1s\u00e1t a s\u00e1rt\u00f3l \u00e9s t\u00f6rmel\u00e9kekt\u0151l. A ment\u00e9st tan\u00e1csad\u00f3k\u00e9nt seg\u00edt\u0151 Arnold Dix ausztr\u00e1l geol\u00f3gus a CNN-nek h\u00e9tf\u0151n <a href=\"https:\/\/edition.cnn.com\/2026\/08\/30\/asia\/nepal-workers-flooded-hydro-tunnel-intl\" target=\"_blank\" rel=\"nofollow noopener\">azt mondta<\/a>, nem lehet tudni, hogy az alag\u00fat mennyire van tele s\u00e1rral: \u201elehet, hogy csak t\u00edz m\u00e9tert kell \u00e1snunk, de lehet, hogy sz\u00e1z m\u00e9tert\u201d. A ment\u0151alakulatoknak azzal is sz\u00e1molniuk kell, hogy az alag\u00fatban l\u00e9v\u0151 v\u00edz \u0151ket is el\u00f6ntheti.<\/p>\n<p>A nep\u00e1li villamosm\u0171vek katmandui sz\u00e9kh\u00e1z\u00e1n\u00e1l szerda \u00f3ta minden nap \u00f6sszegy\u0171lnek az elt\u0171nt munk\u00e1sok rokonai h\u00edrekre v\u00e1rva, \u00e9s a ment\u00e9si munk\u00e1latok felgyors\u00edt\u00e1s\u00e1t k\u00f6vetelik \u2013 \u00edrta a Kathmandu Post. Egyik\u00fck <a href=\"https:\/\/kathmandupost.com\/national\/2026\/08\/30\/every-second-counts-families-await-tunnel-rescue\" target=\"_blank\" rel=\"nofollow noopener\">azt mondta<\/a>, utolj\u00e1ra szerda reggel besz\u00e9lt a f\u00e9rj\u00e9vel, miel\u0151tt a f\u00e9rfi bement a Trishuli 3A alag\u00fatj\u00e1ba, ahol karbantart\u00e1si munk\u00e1latokban seg\u00edtett. Az\u00f3ta nem hallott fel\u0151le. \u201eM\u00e9g mindig 50 sz\u00e1zal\u00e9knyi rem\u00e9nyt l\u00e1tok arra, hogy \u00e9letben van, mivel van bent oxig\u00e9nell\u00e1t\u00f3 rendszer, de a rem\u00e9ny minden egyes \u00f3r\u00e1val cs\u00f6kken\u201d \u2013 mondta a n\u0151. A Postnak egy tisztvisel\u0151 azt mondta, a f\u00f6ldalatti r\u00e9sz t\u00f6bb emelet m\u00e9ly, \u00e9s el\u00e9g oxig\u00e9nnek kellett maradnia a t\u00fal\u00e9l\u00e9shez, \u00e9s iv\u00f3v\u00edzhez is van hozz\u00e1f\u00e9r\u00e9s.<\/p>\n<p>A k\u00ednai hat\u00e1r\u00e1tkel\u0151 elt\u0171nt a f\u00f6ld sz\u00edn\u00e9r\u0151l<\/p>\n<p>A k\u00ednai ment\u0151alakulatok k\u00f6zben egyre k\u00f6zelebb jutnak az \u00e1rad\u00e1sban el\u0151sz\u00f6r megsemmis\u00fclt nep\u00e1li\u2013k\u00ednai hat\u00e1r\u00e1tkel\u0151h\u00f6z, ahova eddig csak egy maroknyi kutat\u00f3-ment\u0151, valamint a k\u00ednai \u00e1llami m\u00e9dia n\u00e9h\u00e1ny munkat\u00e1rsa \u00e9rt el. A CCTV k\u00ednai \u00e1llami telev\u00edzi\u00f3 <a href=\"https:\/\/www.theguardian.com\/world\/2026\/aug\/31\/nepal-tibet-floods-rescuers-hundreds-trapped-hydropower\" target=\"_blank\" rel=\"nofollow noopener\">szerint<\/a> Peking t\u00f6bb mint k\u00e9tezer embert vet be a ment\u00e9sben, \u00e9s <a href=\"https:\/\/edition.cnn.com\/2026\/08\/31\/world\/live-news\/nepal-china-flood?post-id=cmtgwmxhs000z3b6sm89dutnw\" target=\"_blank\" rel=\"nofollow noopener\">igyekeznek \u00faj utat v\u00e1gni<\/a> az \u00e1rad\u00e1sban megsemmis\u00fclt \u00fat hely\u00e9re. H\u00e9tf\u0151n t\u00f6bb mint \u00f6tsz\u00e1z m\u00e9tert <a href=\"https:\/\/english.news.cn\/20260901\/a1af6902a0aa4f8c95e8d0b2d2615d8b\/c.html\" target=\"_blank\" rel=\"nofollow noopener\">haladtak<\/a>, \u00e9s m\u00e9g picivel t\u00f6bb mint egy kilom\u00e9tert kell megtenni\u00fck a Gyirong hat\u00e1r\u00e1tkel\u0151ig, aminek hatalmas \u00e9p\u00fclet\u00e9t az \u00f3ri\u00e1si \u00e1rad\u00e1s teljesen megsemmis\u00edtette.<\/p>\n<p>A CCTV kedden <a href=\"https:\/\/www.youtube.com\/watch?v=8J9aMPW62_c\" target=\"_blank\" rel=\"nofollow noopener\">jelentkezett be a hat\u00e1r\u00e1tkel\u0151t\u0151l<\/a>: csak a s\u00e1rb\u00f3l kikandik\u00e1l\u00f3 elg\u00f6rb\u00fclt betonvasak jelzik, hogy ott valaha \u00e9p\u00fcletek \u00e1lltak. Egyed\u00fcl egy magasabban l\u00e9v\u0151 <a href=\"https:\/\/www.cnn.com\/2026\/08\/31\/world\/live-news\/nepal-china-flood?post-id=cmthxxln500003b6u3gf7aey9\" target=\"_blank\" rel=\"nofollow noopener\">v\u00edztorony maradt meg<\/a>. A ment\u00e9st er\u0151s es\u0151z\u00e9sek nehez\u00edtett\u00e9k, de kedden m\u00e1r <a href=\"https:\/\/www.youtube.com\/watch?v=Z5MB-6PUQyc\" target=\"_blank\" rel=\"nofollow noopener\">ment\u0151helikopterek is be tudtak rep\u00fclni<\/a>, hogy felszerel\u00e9seket \u00e9s embereket vigyenek.<\/p>\n<p>A besz\u00e1mol\u00f3kban arr\u00f3l nem tettek eml\u00edt\u00e9st, hogy holttesteket tal\u00e1ltak volna, a korl\u00e1tozott k\u00ednai nyilv\u00e1noss\u00e1gban pedig neh\u00e9z plusz inform\u00e1ci\u00f3hoz jutni. A k\u00ednai \u00e1llami sajt\u00f3 riportere a helysz\u00edni tud\u00f3s\u00edt\u00e1s\u00e1ban <a href=\"https:\/\/english.cctv.com\/2026\/09\/01\/ARTIL5H0mSWPNu14NbCiGp4v260901.shtml?spm=C69523.PREmHITS7XIG.M3v2f1PS6DTC.12\" target=\"_blank\" rel=\"nofollow noopener\">azt mondta<\/a>, hogy a ment\u0151alakulatok \u201e\u00e9letjeleket \u00e9rz\u00e9kel\u0151 m\u0171szerekkel, bont\u00f3szersz\u00e1mokkal \u00e9s keres\u0151kuty\u00e1kkal felszerelkezve tov\u00e1bb kutatnak t\u00fal\u00e9l\u0151k ut\u00e1n; nem hajland\u00f3ak lemondani a rem\u00e9ny legapr\u00f3bb szikr\u00e1j\u00e1r\u00f3l sem\u201d.<\/p>\n<p>Azonos\u00edthatatlan holttestek<\/p>\n<p>K\u00f6zben szerte Nep\u00e1lban kezdenek megtelni a halottash\u00e1zak az \u00e1rad\u00e1sban meghalt emberek holttesteivel, az \u00e1ldozatok nagy r\u00e9sze a felismerhetetlens\u00e9gig \u00f6sszeroncsol\u00f3dott. \u00d3ri\u00e1si ter\u00fcletet kell \u00e1tf\u00e9s\u00fclni az \u00e1ldozatok ut\u00e1n, a helysz\u00ednt\u0151l 150 km-re tal\u00e1lhat\u00f3 Bharatpur v\u00e1ros\u00e1ban is t\u00f6bb mint 250 holttest sodr\u00f3dott partra. K\u00f6z\u00fcl\u00fck majdnem k\u00e9tsz\u00e1zat <a href=\"https:\/\/www.nytimes.com\/2026\/08\/30\/world\/asia\/nepal-floods-mass-burials-missing.html\" target=\"_blank\" rel=\"nofollow noopener\">k\u00e9nytelenek voltak<\/a> vas\u00e1rnap <a href=\"https:\/\/www.theguardian.com\/world\/2026\/aug\/30\/people-return-remains-homes-nepal-floods-devighat-trishuli-river\" target=\"_blank\" rel=\"nofollow noopener\">egy erd\u0151ben<\/a> <a href=\"https:\/\/www.bbc.com\/news\/live\/cwrk34rzx3z2t?post=asset%3A72131c82-79bf-4792-bec2-e5e966561e63#post\" target=\"_blank\" rel=\"nofollow noopener\">eltemetni<\/a>, mert nem tudt\u00e1k megoldani a h\u0171t\u00e9s\u00fcket. A nep\u00e1li k\u00fcl\u00fcgyminiszter ugyan vas\u00e1rnap t\u00f6bb mint ezer h\u0171t\u0151berendez\u00e9st k\u00e9rt a nemzetk\u00f6zi k\u00f6z\u00f6ss\u00e9gt\u0151l, azok nem \u00e9rkeznek meg azonnal.<\/p>\n<p><img decoding=\"async\" src=\"https:\/\/www.europesays.com\/hu\/wp-content\/uploads\/2026\/09\/1788188828-temp-pq1l0cngm59e9npkbog_cikktorzs:xl.jpg\"  loading=\"lazy\" alt=\"\u00c1ldozatok holttest\u00e9t keresik nep\u00e1li katon\u00e1k a Narajani foly\u00f3ban, a nep\u00e1li Csitvanban 2026. augusztus 31-\u00e9n \u2013 Fot\u00f3: Narendra Sresztha \/ MTI\" class=\"placeholder_\"\/><\/p>\n<p>\u00c1ldozatok holttest\u00e9t keresik nep\u00e1li katon\u00e1k a Narajani foly\u00f3ban, a nep\u00e1li Csitvanban 2026. augusztus 31-\u00e9n \u2013 Fot\u00f3: Narendra Sresztha \/ MTI<\/p>\n<p>A testeket egy azonos\u00edt\u00f3sz\u00e1mmal ell\u00e1tott s\u00edrba helyezt\u00e9k, miut\u00e1n DNS-mint\u00e1kat vettek r\u00f3luk, lef\u00e9nyk\u00e9pezt\u00e9k \u0151ket, \u00e9s feljegyeztek minden jelet vagy ruhadarabot, amir\u0151l azonos\u00edthat\u00f3k lehetnek. Mind\u00f6ssze egytucatnyi holttestet tudtak \u00e1tadni a csal\u00e1dtagjaiknak, hogy el tudj\u00e1k temetni \u0151ket \u2013 <a href=\"https:\/\/www.nytimes.com\/2026\/08\/30\/world\/asia\/nepal-floods-mass-burials-missing.html\" target=\"_blank\" rel=\"nofollow noopener\">\u00edrta a New York Times<\/a>. Egy rend\u0151r azt mondta, hogy m\u00e9g mindig naponta 15-25 \u00fajabb holttestet tal\u00e1lnak, \u00e9s \u201eez m\u00e9g h\u00f3napokig \u00edgy lesz\u201d.<\/p>\n<p>Az elt\u0171nt emberek rokonai k\u00f6z\u00fcl sokan t\u00f6bb sz\u00e1z kilom\u00e9tereket utaznak rend\u0151rs\u00e9geket, k\u00f3rh\u00e1zakat \u00e9s halottash\u00e1zakat l\u00e1togatva, abban a rem\u00e9nyben, hogy valahol megtal\u00e1lj\u00e1k szerett\u00fcket \u2013 <a href=\"https:\/\/kathmandupost.com\/national\/2026\/08\/31\/in-search-of-the-missing-families-fan-out-across-nepal-after-bhotekoshi-flood\" target=\"_blank\" rel=\"nofollow noopener\">\u00edrta a Kathmandu Post<\/a>. Pokhara v\u00e1ros\u00e1ba p\u00e9ld\u00e1ul a helyi rend\u0151rs\u00e9g szerint naponta ezer ember \u00e9rkezik.<\/p>\n","protected":false},"excerpt":{"rendered":"Versenyt futnak az id\u0151vel a nep\u00e1li ment\u0151alakulatok, hogy \u00e9lve tal\u00e1lj\u00e1k meg azt a t\u00f6bb sz\u00e1z embert, akik feltehet\u0151en&hellip;\n","protected":false},"author":2,"featured_media":229527,"comment_status":"","ping_status":"","sticky":false,"template":"","format":"standard","meta":{"footnotes":"","_share_on_mastodon":"0"},"categories":[33],"tags":[2506,3060,38,35,37,44,42,40,64,43,41,11338,3777,34,36,39,44666,41600],"class_list":["post-229526","post","type-post","status-publish","format-standard","has-post-thumbnail","category-hirek","tag-alagut","tag-arviz","tag-focimek","tag-headlines","tag-hirek","tag-hu","tag-hungarian","tag-hungary","tag-kulfold","tag-magyar","tag-magyarorszag","tag-mentes","tag-nepal","tag-news","tag-top-stories","tag-vezeto-hirek","tag-villamarviz","tag-vizeromu"],"share_on_mastodon":{"url":"https:\/\/pubeurope.com\/@hu\/117199783007481441","error":""},"_links":{"self":[{"href":"https:\/\/www.europesays.com\/hu\/wp-json\/wp\/v2\/posts\/229526","targetHints":{"allow":["GET"]}}],"collection":[{"href":"https:\/\/www.europesays.com\/hu\/wp-json\/wp\/v2\/posts"}],"about":[{"href":"https:\/\/www.europesays.com\/hu\/wp-json\/wp\/v2\/types\/post"}],"author":[{"embeddable":true,"href":"https:\/\/www.europesays.com\/hu\/wp-json\/wp\/v2\/users\/2"}],"replies":[{"embeddable":true,"href":"https:\/\/www.europesays.com\/hu\/wp-json\/wp\/v2\/comments?post=229526"}],"version-history":[{"count":0,"href":"https:\/\/www.europesays.com\/hu\/wp-json\/wp\/v2\/posts\/229526\/revisions"}],"wp:featuredmedia":[{"embeddable":true,"href":"https:\/\/www.europesays.com\/hu\/wp-json\/wp\/v2\/media\/229527"}],"wp:attachment":[{"href":"https:\/\/www.europesays.com\/hu\/wp-json\/wp\/v2\/media?parent=229526"}],"wp:term":[{"taxonomy":"category","embeddable":true,"href":"https:\/\/www.europesays.com\/hu\/wp-json\/wp\/v2\/categories?post=229526"},{"taxonomy":"post_tag","embeddable":true,"href":"https:\/\/www.europesays.com\/hu\/wp-json\/wp\/v2\/tags?post=229526"}],"curies":[{"name":"wp","href":"https:\/\/api.w.org\/{rel}","templated":true}]}}