{"id":229558,"date":"2026-09-02T06:00:11","date_gmt":"2026-09-02T06:00:11","guid":{"rendered":"https:\/\/www.europesays.com\/hu\/229558\/"},"modified":"2026-09-02T06:00:11","modified_gmt":"2026-09-02T06:00:11","slug":"index-kultur-kulon-elt-a-ferjetol-kizartak-a-kozossegbol-ma-30-milliard-forintot-er-a-portreja","status":"publish","type":"post","link":"https:\/\/www.europesays.com\/hu\/229558\/","title":{"rendered":"Index &#8211; Kult\u00far &#8211; K\u00fcl\u00f6n \u00e9lt a f\u00e9rj\u00e9t\u0151l, kiz\u00e1rt\u00e1k a k\u00f6z\u00f6ss\u00e9gb\u0151l, ma 30 milli\u00e1rd forintot \u00e9r a portr\u00e9ja"},"content":{"rendered":"<p>A <a href=\"https:\/\/www.gov.uk\/government\/news\/minister-acts-to-help-save-rembrandt-masterpiece-from-leaving-the-uk\" id=\"hyperlink_b34cf8b9ecc82cd089d4b6f2e20be14e\" rel=\"nofollow noopener\" target=\"_blank\">brit korm\u00e1ny<\/a> ideiglenesen megakad\u00e1lyozta, hogy k\u00fclf\u00f6ldre ker\u00fclj\u00f6n Rembrandt egyik legk\u00fcl\u00f6nlegesebb k\u00e9sei portr\u00e9ja. Az 1657-ben festett Catrina Hooghsaet portr\u00e9ja mintegy 71,7 milli\u00f3 fontot, vagyis nagyj\u00e1b\u00f3l 30,5 milli\u00e1rd forintot \u00e9r, ezzel minden id\u0151k legdr\u00e1g\u00e1bb olyan m\u0171t\u00e1rgya lett, amelyet Nagy-Britanni\u00e1ban nemzeti kincsk\u00e9nt pr\u00f3b\u00e1lnak az orsz\u00e1gban tartani. A festm\u00e9ny t\u00f6rt\u00e9net\u00e9t azonban nemcsak az \u00e1ra teszi k\u00fcl\u00f6nlegess\u00e9: egy XVII. sz\u00e1zadi amszterdami n\u0151t \u00e1br\u00e1zol, aki f\u00e9rj\u00e9t\u0151l k\u00fcl\u00f6n \u00e9lt, Rembrandt pedig a papag\u00e1j\u00e1val egy\u00fctt \u00f6r\u00f6k\u00edtette meg.<\/p>\n<p>A brit kultur\u00e1lis t\u00e1rca d\u00f6nt\u00e9se nem jelent v\u00e9gleges exporttilalmat.<\/p>\n<p>A korm\u00e1ny az\u00e9rt f\u00fcggesztette fel a k\u00e9p kiviteli enged\u00e9ly\u00e9nek kiad\u00e1s\u00e1t, hogy legyen ideje valamelyik brit m\u00fazeumnak, gal\u00e9ri\u00e1nak vagy m\u00e1s megfelel\u0151 v\u00e1s\u00e1rl\u00f3nak el\u0151teremteni a v\u00e9tel\u00e1rat, \u00e9s \u00edgy a festm\u00e9ny az orsz\u00e1gban maradhasson.<\/p>\n<p>Az els\u0151 halad\u00e9k december 26-ig tart, ezt k\u00f6vet\u0151en a tulajdonosnak 15 munkanapja lesz m\u00e9rlegelni az esetleges v\u00e9teli aj\u00e1nlatokat. Ha komoly v\u00e1s\u00e1rl\u00e1si sz\u00e1nd\u00e9k mutatkozik, az elj\u00e1r\u00e1st tov\u00e1bbi kilenc h\u00f3nappal is meghosszabb\u00edthatj\u00e1k.\u00a0A korm\u00e1ny szerint m\u00e9g soha nem kapott ilyen \u00e9rt\u00e9k\u0171 m\u0171t\u00e1rgy nemzeti kincs st\u00e1tuszt Nagy-Britanni\u00e1ban. A d\u00f6nt\u00e9st el\u0151k\u00e9sz\u00edt\u0151 szak\u00e9rt\u0151i bizotts\u00e1g mindh\u00e1rom \u00fagynevezett Waverley-krit\u00e9rium alapj\u00e1n kiemelked\u0151nek tal\u00e1lta a festm\u00e9nyt: <\/p>\n<p>                        szorosan kapcsol\u00f3dik a brit kultur\u00e1lis t\u00f6rt\u00e9nelemhez,<br \/>\n                        kiv\u00e9teles eszt\u00e9tikai jelent\u0151s\u00e9g\u0171,<br \/>\n                        emellett Rembrandt \u00e9letm\u0171v\u00e9nek \u00e9s a portr\u00e9fest\u00e9szet t\u00f6rt\u00e9net\u00e9nek kutat\u00e1s\u00e1hoz is fontos forr\u00e1s.<\/p>\n<p>                        Egy n\u0151, aki k\u00fcl\u00f6n \u00e9lt a f\u00e9rj\u00e9t\u0151l<\/p>\n<p>Rembrandt 1657-ben festette meg Catrina Hooghsaetet, egy j\u00f3m\u00f3d\u00fa amszterdami mennonita n\u0151t. A mennonit\u00e1k szigor\u00fa protest\u00e1ns k\u00f6z\u00f6ss\u00e9g\u00e9hez tartoz\u00f3 Catrina a k\u00e9pen fekete ruh\u00e1ban, feh\u00e9r gall\u00e9rral \u00e9s f\u0151k\u00f6t\u0151vel jelenik meg. \u00d6lt\u00f6zete visszafogott, t\u00e1rsadalmi helyzet\u00e9r\u0151l legink\u00e1bb arany \u00e9kszerei \u00e1rulkodnak. A h\u00e1tt\u00e9rben l\u00e1that\u00f3 nagy papag\u00e1j azonban k\u00fcl\u00f6n\u00f6sen szokatlann\u00e1 teszi a portr\u00e9t. A\u00a0<a href=\"https:\/\/www.theartnewspaper.com\/2026\/08\/28\/uk-government-places-export-bar-on-%C2%A371m-rembrandt-portrait\" id=\"hyperlink_df7899f3c2b068650e5e26275387f7bb\" target=\"_blank\" rel=\"nofollow noopener\">The Art Newspaper<\/a>\u00a0szerint nem egyszer\u0171en Rembrandt fest\u0151i \u00f6tlet\u00e9r\u0151l volt sz\u00f3:<\/p>\n<p>Catrin\u00e1nak val\u00f3ban volt papag\u00e1ja, amelyet m\u00e9g a v\u00e9grendelet\u00e9ben is megeml\u00edtett.<\/p>\n<p>A n\u0151 \u00e9lett\u00f6rt\u00e9nete legal\u00e1bb ennyire rendhagy\u00f3. B\u00e1r f\u00e9rjn\u00e9l volt, k\u00fcl\u00f6n \u00e9lt a m\u00e1sodik f\u00e9rj\u00e9t\u0151l, ami a XVII. sz\u00e1zadi Holland K\u00f6zt\u00e1rsas\u00e1gban, k\u00fcl\u00f6n\u00f6sen egy szigor\u00fa vall\u00e1si k\u00f6z\u00f6ss\u00e9gen bel\u00fcl, rendk\u00edv\u00fcli helyzetnek sz\u00e1m\u00edtott.<\/p>\n<p>A <a href=\"https:\/\/www.gov.uk\/government\/news\/35-million-rembrandt-painting-at-risk-of-leaving-the-uk\" id=\"hyperlink_98a45ee41b1d59d09c78f7e7bc778fcb\" rel=\"nofollow noopener\" target=\"_blank\">brit korm\u00e1ny<\/a> m\u00e1r a k\u00e9p 2015-\u00f6s export\u00fcgye idej\u00e9n kiemelte, hogy Catrina j\u00f3l dokument\u00e1lt mag\u00e1n\u00e9lete, f\u00fcggetlens\u00e9ge \u00e9s t\u00e1rsadalmi helyzete miatt a portr\u00e9 nemcsak Rembrandt k\u00e9sei korszak\u00e1nak egyik fontos alkot\u00e1sa, hanem a korabeli holland t\u00e1rsadalom kutat\u00e1s\u00e1hoz is k\u00fcl\u00f6nleges forr\u00e1s.<\/p>\n<p>Catrina m\u00e1sodik h\u00e1zass\u00e1ga s\u00falyos konfliktusokkal terhelt volt. F\u00e9rj\u00e9vel a vil\u00e1gi hat\u00f3s\u00e1gokat \u00e9s saj\u00e1t vall\u00e1si k\u00f6z\u00f6ss\u00e9g\u00fcket is bevont\u00e1k vit\u00e1ikba, v\u00e9g\u00fcl pedig enged\u00e9lyt kaptak arra, hogy k\u00fcl\u00f6n h\u00e1ztart\u00e1sban \u00e9ljenek. K\u00e9s\u0151bb ism\u00e9t meg\u00f6zvegy\u00fclt, majd 66 \u00e9vesen harmadszor is f\u00e9rjhez ment, ez\u00fattal egy luther\u00e1nus orvoshoz. 1685-ben bek\u00f6vetkezett hal\u00e1la ut\u00e1n f\u00e9rje eladta a portr\u00e9t.<\/p>\n<p>                        T\u00f6bb mint 250 \u00e9ve Nagy-Britanni\u00e1ban van<\/p>\n<p>A festm\u00e9ny a XVIII. sz\u00e1zad k\u00f6zepe \u00f3ta Nagy-Britanni\u00e1ban tal\u00e1lhat\u00f3. A brit korm\u00e1ny h\u00e1tt\u00e9ranyaga szerint minden val\u00f3sz\u00edn\u0171s\u00e9g szerint m\u00e1r 1752-ben John Fane gy\u0171jtem\u00e9ny\u00e9ben volt a kenti Mereworth House-ban, k\u00e9s\u0151bb pedig t\u00f6bb arisztokrata csal\u00e1d tulajdon\u00e1ba ker\u00fclt. 1860-t\u00f3l hossz\u00fa id\u0151n \u00e1t a walesi Penrhyn Castle-ben f\u00fcgg\u00f6tt.<\/p>\n<p>A <a href=\"https:\/\/www.theguardian.com\/artanddesign\/2015\/oct\/16\/buyer-sought-35m-rembrandt-portrait-export-bar\" id=\"hyperlink_4981ad4745de51bfdbe75e3760a2a87d\" rel=\"nofollow noopener\" target=\"_blank\">The Guardian<\/a> szerint a festm\u00e9nyt m\u00e1r 2015-ben is megpr\u00f3b\u00e1lt\u00e1k kivinni az orsz\u00e1gb\u00f3l. Akkor egy \u00e1zsiai vev\u0151 sz\u00e1m\u00e1ra k\u00e9rtek exportenged\u00e9lyt, a v\u00e9tel\u00e1r pedig 35 milli\u00f3 font volt. A brit korm\u00e1ny akkor n\u00e9gy h\u00f3napra elhalasztotta az enged\u00e9ly kiad\u00e1s\u00e1t, hogy legyen id\u0151 hazai vev\u0151t tal\u00e1lni. Az Art Fund k\u00e9s\u0151bb jelezte, hogy komoly sz\u00e1nd\u00e9k mutatkozik a sz\u00fcks\u00e9ges \u00f6sszeg el\u0151teremt\u00e9s\u00e9re, v\u00e9g\u00fcl pedig az exportenged\u00e9ly k\u00e9relmez\u0151je visszavonta a k\u00e9rv\u00e9nyt, \u00edgy a Rembrandt Nagy-Britanni\u00e1ban maradt.<\/p>\n<p>Ezut\u00e1n a k\u00e9pet h\u00e1rom \u00e9vre a cardiffi National Museum Walesnek adt\u00e1k k\u00f6lcs\u00f6n. A<a href=\"https:\/\/www.theartnewspaper.com\/2026\/08\/28\/uk-government-places-export-bar-on-%C2%A371m-rembrandt-portrait\" id=\"hyperlink_df7899f3c2b068650e5e26275387f7bb\" target=\"_blank\" rel=\"nofollow noopener\">\u00a0The Art Newspaper<\/a>\u00a0szerint a festm\u00e9nyt 2025-ben ism\u00e9t eladt\u00e1k, ez\u00fattal a Christie&#8217;s k\u00f6zvet\u00edt\u00e9s\u00e9vel, mag\u00e1n\u00e9rt\u00e9kes\u00edt\u00e9s keret\u00e9ben. A jelenlegi tulajdonos kil\u00e9t\u00e9t nem hozt\u00e1k nyilv\u00e1noss\u00e1gra.<\/p>\n<p>Tizenegy \u00e9v alatt azonban \u00f3ri\u00e1sit n\u0151tt a k\u00e9p \u00e9rt\u00e9ke: m\u00edg 2015-ben 35 milli\u00f3 font\u00e9rt cser\u00e9lt gazd\u00e1t, most m\u00e1r t\u00f6bb mint 71 milli\u00f3 fontra, vagyis hozz\u00e1vet\u0151leg 30 milli\u00e1rd forintra becs\u00fclik.<\/p>\n<p>Ruth Mackenzie brit kultur\u00e1lis \u00e1llamtitk\u00e1r \u00fagy v\u00e9li, a portr\u00e9 \u00e9vsz\u00e1zadok \u00f3ta r\u00e9sze Nagy-Britannia kultur\u00e1lis \u00e9let\u00e9nek, ez\u00e9rt azt szeretn\u00e9k, ha m\u00fazeumok, t\u00e1mogat\u00f3k \u00e9s mag\u00e1ngy\u0171jt\u0151k \u00f6sszefogn\u00e1nak a megtart\u00e1s\u00e1\u00e9rt.<\/p>\n<p>A lap szerint ha december v\u00e9g\u00e9ig siker\u00fcl megfelel\u0151 vev\u0151t tal\u00e1lni, Catrina \u00e9s papag\u00e1ja tov\u00e1bbra is Nagy-Britanni\u00e1ban maradhat. Ha azonban senki sem tudja el\u0151teremteni a t\u00f6bb mint 30 milli\u00e1rd forintos v\u00e9tel\u00e1rat, a festm\u00e9ny t\u00f6bb mint k\u00e9t \u00e9s f\u00e9l \u00e9vsz\u00e1zad ut\u00e1n elhagyhatja az orsz\u00e1got.<\/p>\n<p><a href=\"https:\/\/dex.hu\/x.php?id=googlepref_desktop&amp;url=https:\/\/google.com\/preferences\/source?q=https:\/\/index.hu\" class=\"google-pref-banner \" id=\"googlePrefBanner\" rel=\"nofollow noopener\" target=\"_blank\"><\/p>\n<p>    Itt \u00e1ll\u00edtsa be, hogy az Index az els\u0151k k\u00f6z\u00f6tt legyen a Google-tal\u00e1latokban!<\/p>\n<p><\/a><\/p>\n<p>                <a href=\"https:\/\/konyvek.index.hu\/\" target=\"_blank\" rel=\"nofollow noopener\"><br \/>\n                <img decoding=\"async\" src=\"https:\/\/index.hu\/assets\/images\/konyvajanlo\/book_indapress\/book_indapress_logo.svg\" loading=\"lazy\" alt=\"Inda Press Kiad\u00f3\"\/><br \/>\n                <\/a><\/p>\n<p>                <img decoding=\"async\" src=\"https:\/\/www.europesays.com\/hu\/wp-content\/uploads\/2026\/09\/weiler.png\" loading=\"lazy\" alt=\"Weiler\"\/><\/p>\n<p>Weiler P\u00e9ter k\u00e9pz\u0151m\u0171v\u00e9sz munk\u00e1ss\u00e1ga \u00e9s portf\u00f3li\u00f3ja mesters\u00e9ges intelligenci\u00e1val f\u0171szerezve.<\/p>\n<p>                <a class=\"book_index_btn\" href=\"https:\/\/indexadhu.hit.gemius.pl\/hitredir?id=nSCbubuYpDWJZLZs0TssLrbt33Lk5kbipuiZrkg89G3.g7&amp;stparam=ziqlgsqujx&amp;fastid=fgbosddliklnesklmglpufovvgkr&amp;nc=0&amp;url=https:\/\/www.indapresskiado.hu\/products\/kocsis-katica-weiler?_pos=1&amp;_sid=6bb0f2f84&amp;_ss=r\" target=\"_blank\" rel=\"nofollow noopener\">MEGVESZEM<\/a><\/p>\n<p>    <img decoding=\"async\" src=\"https:\/\/www.europesays.com\/hu\/wp-content\/uploads\/2026\/09\/1788328811_302_redot.gif\"\/><\/p>\n<p>    <img decoding=\"async\" src=\"https:\/\/index.hu\/assets\/images\/social-follow\/logo-big.svg\" alt=\"Index.hu logo\"\/><\/p>\n<p>K\u00f6vesse az Indexet Facebookon is!<\/p>\n<p>    <a href=\"https:\/\/facebook.com\/Indexhu\" target=\"_blank\" rel=\"nofollow noopener\"><\/p>\n<p>        K\u00f6vetem!<br \/>\n    <\/a><\/p>\n","protected":false},"excerpt":{"rendered":"A brit korm\u00e1ny ideiglenesen megakad\u00e1lyozta, hogy k\u00fclf\u00f6ldre ker\u00fclj\u00f6n Rembrandt egyik legk\u00fcl\u00f6nlegesebb k\u00e9sei portr\u00e9ja. Az 1657-ben festett Catrina Hooghsaet&hellip;\n","protected":false},"author":2,"featured_media":229559,"comment_status":"","ping_status":"","sticky":false,"template":"","format":"standard","meta":{"footnotes":"","_share_on_mastodon":"0"},"categories":[16],"tags":[60825,151,152,9304,137,44,42,40,2360,150,43,41,3633,7749,138],"class_list":["post-229558","post","type-post","status-publish","format-standard","has-post-thumbnail","category-szorakozas","tag-catrina-hooghsaet","tag-ce-femina","tag-ce-napi","tag-eladas","tag-entertainment","tag-hu","tag-hungarian","tag-hungary","tag-kepzomuveszet","tag-kultur","tag-magyar","tag-magyarorszag","tag-nagy-britannia","tag-rembrandt","tag-szorakozas"],"share_on_mastodon":{"url":"https:\/\/pubeurope.com\/@hu\/117199924740678243","error":""},"_links":{"self":[{"href":"https:\/\/www.europesays.com\/hu\/wp-json\/wp\/v2\/posts\/229558","targetHints":{"allow":["GET"]}}],"collection":[{"href":"https:\/\/www.europesays.com\/hu\/wp-json\/wp\/v2\/posts"}],"about":[{"href":"https:\/\/www.europesays.com\/hu\/wp-json\/wp\/v2\/types\/post"}],"author":[{"embeddable":true,"href":"https:\/\/www.europesays.com\/hu\/wp-json\/wp\/v2\/users\/2"}],"replies":[{"embeddable":true,"href":"https:\/\/www.europesays.com\/hu\/wp-json\/wp\/v2\/comments?post=229558"}],"version-history":[{"count":0,"href":"https:\/\/www.europesays.com\/hu\/wp-json\/wp\/v2\/posts\/229558\/revisions"}],"wp:featuredmedia":[{"embeddable":true,"href":"https:\/\/www.europesays.com\/hu\/wp-json\/wp\/v2\/media\/229559"}],"wp:attachment":[{"href":"https:\/\/www.europesays.com\/hu\/wp-json\/wp\/v2\/media?parent=229558"}],"wp:term":[{"taxonomy":"category","embeddable":true,"href":"https:\/\/www.europesays.com\/hu\/wp-json\/wp\/v2\/categories?post=229558"},{"taxonomy":"post_tag","embeddable":true,"href":"https:\/\/www.europesays.com\/hu\/wp-json\/wp\/v2\/tags?post=229558"}],"curies":[{"name":"wp","href":"https:\/\/api.w.org\/{rel}","templated":true}]}}