{"id":229592,"date":"2026-09-02T06:35:09","date_gmt":"2026-09-02T06:35:09","guid":{"rendered":"https:\/\/www.europesays.com\/hu\/229592\/"},"modified":"2026-09-02T06:35:09","modified_gmt":"2026-09-02T06:35:09","slug":"telex-magyar-peter-azt-mondta-manfred-webernek-hogy-a-tisza-orommel-csatlakozik-majd-az-europai-nepparthoz","status":"publish","type":"post","link":"https:\/\/www.europesays.com\/hu\/229592\/","title":{"rendered":"Telex: Magyar P\u00e9ter azt mondta Manfred Webernek, hogy a Tisza \u00f6r\u00f6mmel csatlakozik majd az Eur\u00f3pai N\u00e9pp\u00e1rthoz"},"content":{"rendered":"<p><a href=\"https:\/\/telex.hu\/szerzo\/nador-andras\" class=\"author__avatar\" rel=\"nofollow noopener\" target=\"_blank\"><img decoding=\"async\" src=\"https:\/\/www.europesays.com\/hu\/wp-content\/uploads\/2026\/09\/1788330909_684_1697554991-temp-IIPOhh_avatar@4x.jpg\" alt=\"N\u00e1dor Andr\u00e1s\" class=\"avatar\" loading=\"lazy\"\/><\/a><\/p>\n<p>\u00c1ll\u00edtsd be a Telexet megb\u00edzhat\u00f3 forr\u00e1snak!<\/p>\n<p>\u201eAz Eur\u00f3pai N\u00e9pp\u00e1rt eln\u00f6k\u00e9t fogadtam Budapesten. Manfred Weberrel felid\u00e9zt\u00fck, hogy mennyi minden v\u00e1ltozott Magyarorsz\u00e1gon, mi\u00f3ta m\u00e1r nincsenek k\u00f6zp\u00e9nz milli\u00e1rdokb\u00f3l finansz\u00edrozott gy\u0171l\u00f6letkamp\u00e1nyok Magyarorsz\u00e1gon\u201d \u2013 \u00edrta Magyar P\u00e9ter egy szerda reggeli Facebook-posztban. A minisztereln\u00f6k szerint Weber arr\u00f3l besz\u00e9lt, hogy bajor politikusk\u00e9nt mindig fontos volt neki Magyarorsz\u00e1g t\u00e1mogat\u00e1sa, \u00e9s \u201eszem\u00e9lyesen is nehezen \u00e9lte meg az Orb\u00e1n Viktor s\u00e9rtetts\u00e9g\u00e9b\u0151l fakad\u00f3 lej\u00e1rat\u00e1sokat\u201d.<\/p>\n<p>Magyar elmondta Webernek, hogy a Tisza <a href=\"https:\/\/www.facebook.com\/peter.magyar.102\/posts\/pfbid02ixbMroU8dHNizZZ7yhiENtU1fHSdFUnG8zAvHNFto9XujFJGXGZPvuoZ1od9cmXrl\" target=\"_blank\" rel=\"nofollow noopener\">\u00f6r\u00f6mmel csatlakozik<\/a> az Eur\u00f3pai N\u00e9pp\u00e1rthoz, miut\u00e1n az uni\u00f3s int\u00e9zm\u00e9nyek lez\u00e1rt\u00e1k a Magyarorsz\u00e1ggal szemben ind\u00edtott 7-es cikkelyes elj\u00e1r\u00e1st.<\/p>\n<p>Manfred Weber felaj\u00e1nlotta: seg\u00edt megold\u00e1st tal\u00e1lni arra, hogy Magyarorsz\u00e1gnak ne kelljen napi egymilli\u00f3 eur\u00f3s b\u00edrs\u00e1got fizetnie az eur\u00f3pai k\u00fcls\u0151 hat\u00e1rok v\u00e9delme \u00e9rdek\u00e9ben alkalmazott menek\u00fclt\u00fcgyi szab\u00e1lyok miatt. Magyar azt \u00edrta, vil\u00e1goss\u00e1 tette az Eur\u00f3pai N\u00e9pp\u00e1rt eln\u00f6k\u00e9nek, hogy Magyarorsz\u00e1g a tov\u00e1bbiakban is megv\u00e9di a hat\u00e1rait, \u00e9s az eddig kiszabott b\u00edrs\u00e1g j\u00f3v\u00e1\u00edr\u00e1s\u00e1t fogja k\u00e9rni az \u00faj uni\u00f3s k\u00f6lts\u00e9gvet\u00e9s t\u00e1rgyal\u00e1sakor.<\/p>\n<p>Magyar azt \u00edrta, a szerdai korm\u00e1ny\u00fcl\u00e9s ut\u00e1n Budapesten fogadja Ant\u00f3nio Cost\u00e1t, az Eur\u00f3pai Tan\u00e1cs eln\u00f6k\u00e9t is, akivel az Uni\u00f3 \u00faj h\u00e9t\u00e9ves k\u00f6lts\u00e9gvet\u00e9s\u00e9r\u0151l \u00e9s az Eur\u00f3pa el\u0151tt \u00e1ll\u00f3 kih\u00edv\u00e1sokr\u00f3l fog t\u00e1rgyalni.<\/p>\n<p>Partnereinkt\u0151l<\/p>\n<p>\u00c1ll\u00edtsd be a Telexet megb\u00edzhat\u00f3 forr\u00e1snak!<\/p>\n<p>K\u00f6vess minket Facebookon is!<\/p>\n<p> Tov\u00e1bbi \u00e9l\u0151 \u00e1rfolyamok! <\/p>\n","protected":false},"excerpt":{"rendered":"\u00c1ll\u00edtsd be a Telexet megb\u00edzhat\u00f3 forr\u00e1snak! \u201eAz Eur\u00f3pai N\u00e9pp\u00e1rt eln\u00f6k\u00e9t fogadtam Budapesten. Manfred Weberrel felid\u00e9zt\u00fck, hogy mennyi minden&hellip;\n","protected":false},"author":2,"featured_media":229593,"comment_status":"","ping_status":"","sticky":false,"template":"","format":"standard","meta":{"footnotes":"","_share_on_mastodon":"0"},"categories":[6],"tags":[80,73,429,44,42,40,43,944,41,14138,7591],"class_list":["post-229592","post","type-post","status-publish","format-standard","has-post-thumbnail","category-magyarorszag","tag-belfold","tag-budapest","tag-europai-unio","tag-hu","tag-hungarian","tag-hungary","tag-magyar","tag-magyar-peter","tag-magyarorszag","tag-manfred-weber","tag-talalkozo"],"share_on_mastodon":{"url":"https:\/\/pubeurope.com\/@hu\/117200062231405342","error":""},"_links":{"self":[{"href":"https:\/\/www.europesays.com\/hu\/wp-json\/wp\/v2\/posts\/229592","targetHints":{"allow":["GET"]}}],"collection":[{"href":"https:\/\/www.europesays.com\/hu\/wp-json\/wp\/v2\/posts"}],"about":[{"href":"https:\/\/www.europesays.com\/hu\/wp-json\/wp\/v2\/types\/post"}],"author":[{"embeddable":true,"href":"https:\/\/www.europesays.com\/hu\/wp-json\/wp\/v2\/users\/2"}],"replies":[{"embeddable":true,"href":"https:\/\/www.europesays.com\/hu\/wp-json\/wp\/v2\/comments?post=229592"}],"version-history":[{"count":0,"href":"https:\/\/www.europesays.com\/hu\/wp-json\/wp\/v2\/posts\/229592\/revisions"}],"wp:featuredmedia":[{"embeddable":true,"href":"https:\/\/www.europesays.com\/hu\/wp-json\/wp\/v2\/media\/229593"}],"wp:attachment":[{"href":"https:\/\/www.europesays.com\/hu\/wp-json\/wp\/v2\/media?parent=229592"}],"wp:term":[{"taxonomy":"category","embeddable":true,"href":"https:\/\/www.europesays.com\/hu\/wp-json\/wp\/v2\/categories?post=229592"},{"taxonomy":"post_tag","embeddable":true,"href":"https:\/\/www.europesays.com\/hu\/wp-json\/wp\/v2\/tags?post=229592"}],"curies":[{"name":"wp","href":"https:\/\/api.w.org\/{rel}","templated":true}]}}