{"id":229612,"date":"2026-09-02T06:52:12","date_gmt":"2026-09-02T06:52:12","guid":{"rendered":"https:\/\/www.europesays.com\/hu\/229612\/"},"modified":"2026-09-02T06:52:12","modified_gmt":"2026-09-02T06:52:12","slug":"retro-radio-mar-sejtheto-ki-alakitja-ozzy-osbourne-t-a-filmvasznon","status":"publish","type":"post","link":"https:\/\/www.europesays.com\/hu\/229612\/","title":{"rendered":"Retro R\u00e1di\u00f3 | M\u00e1r sejthet\u0151 ki alak\u00edtja Ozzy Osbourne-t a filmv\u00e1sznon"},"content":{"rendered":"<p>Egy \u00e9vvel a S\u00f6t\u00e9ts\u00e9g herceg\u00e9nek hal\u00e1la ut\u00e1n, csal\u00e1dja m\u00e1r dolgozik a heavy metal legend\u00e1j\u00e1nak \u00e9let\u00e9t feldolgoz\u00f3 \u00e9letrajzi filmen \u2013 sz\u00e1molt be a Deadline. A forgat\u00f3k\u00f6nyv m\u00e1r k\u00e9sz\u00fcl, a rendez\u0151t azonban m\u00e9g keresik.<\/p>\n<p>                    \t<img decoding=\"async\" src=\"https:\/\/www.europesays.com\/hu\/wp-content\/uploads\/2026\/09\/GettyImages-460309386-scaled.jpg\"\/><\/p>\n<p>A zen\u00e9sz fia, Jack Osbourne nemr\u00e9g el\u00e1rulta, hogy az \u00e9desapj\u00e1r\u00f3l k\u00e9sz\u00fcl\u0151 film forgat\u00f3k\u00f6nyve m\u00e1r \u201eelk\u00e9sz\u00fclt\u201d, jelenleg pedig \u201erendez\u0151t keresnek\u201d a projekthez.<\/p>\n<p>A Black Sabbath t\u00e1rsalap\u00edt\u00f3ja \u00e9s els\u0151 \u00e9nekese, a heavy metal egyik megteremt\u0151je, tavaly j\u00faliusban, 76 \u00e9ves kor\u00e1ban sz\u00edvroham k\u00f6vetkezt\u00e9ben hunyt el. A zen\u00e9sz nem sokkal kor\u00e1bban egy emblematikus birminghami koncerten b\u00facs\u00fazott el rajong\u00f3it\u00f3l. Osbourne-n\u00e1l 2019-ben diagnosztiz\u00e1lt\u00e1k a Parkinson-k\u00f3rt.<\/p>\n<p>\u201eTeljes g\u0151zzel haladunk\u201d \u2013 mondta Jack Osbourne az E! Newsnak, \u00e9s azt is el\u00e1rulta, hogy a csal\u00e1d m\u00e1r konkr\u00e9t sz\u00edn\u00e9szt is kiszemelt az elhunyt zen\u00e9sz szerep\u00e9re.<\/p>\n<p>\u201eMegvan, ki lenne az. Nem \u00e1rulhatom el, hogy ki, de m\u00e1r folytak egyeztet\u00e9sek, \u00e9s ha minden \u00f6ssze\u00e1ll, fantasztikus lesz\u201d \u2013 fogalmazott Jack.<\/p>\n<p>Jack Osbourne, aki producerk\u00e9nt \u00e9s rendez\u0151k\u00e9nt is dolgozik, arr\u00f3l is besz\u00e9lt, hogy a csal\u00e1d sz\u00e1m\u00e1ra els\u0151dleges szempont, milyen filmet szeretn\u00e9nek l\u00e1tni Ozzy rajong\u00f3i.<\/p>\n<p>\u201eVan egy szab\u00e1lyom, amit mindig elmondok az \u00e9desany\u00e1mmal folytatott megbesz\u00e9l\u00e9seken, illetve amikor a csal\u00e1di \u00fczlet \u00fcgyeivel foglalkozom. Ez pedig az: \u00bbAdd meg a rajong\u00f3knak, amit akarnak.\u00ab \u0150k a mi embereink, \u00e9rt\u00fck dolgozunk. \u00c9rt\u00fck \u00edrt ap\u00e1m zen\u00e9t, \u00e9rt\u00fck turn\u00e9zott, \u00e9s \u00e9rt\u00fck adtuk az \u00f6sszes koncertet. Mindig is ez volt a vez\u00e9relv\u00fcnk\u201d \u2013 mondta.<\/p>\n<p>A k\u00e9sz\u00fcl\u0151 produkci\u00f3t a Sonyval k\u00f6z\u00f6sen fejlesztik, ez\u00e9rt Jack Osbourne szerint k\u00fcl\u00f6n\u00f6sen fontos, hogy a film sz\u00e9les k\u00f6z\u00f6ns\u00e9ghez sz\u00f3ljon.<\/p>\n<p>\u201eMivel Ozzy filmj\u00e9t a Sonyval k\u00f6z\u00f6sen k\u00e9sz\u00edtj\u00fck, a megbesz\u00e9l\u00e9seken mindig azt mondom: \u00bbNem k\u00e9sz\u00edthet\u00fcnk valami fellengz\u0151s filmet, amit csak az \u00ednyencek \u00e9rtenek.\u00ab Nem, ezt nem fogjuk megtenni \u2013 sok okb\u00f3l kifoly\u00f3lag \u2013, de els\u0151sorban az\u00e9rt, mert nem ezt akarj\u00e1k a rajong\u00f3k\u201d \u2013 tette hozz\u00e1.<\/p>\n<p>A Deadline felid\u00e9zi, hogy Ozzy Osbourne hivatalos Twitter-oldal\u00e1n m\u00e1r 2021-ben bejelentett\u00e9k: a Sony Pictures \u00e9s a Polygram Entertainment \u201eegy \u00e9letrajzi film fejleszt\u00e9s\u00e9n dolgozik, amely a rocklegenda Ozzy Osbourne rendk\u00edv\u00fcli \u00e9let\u00e9t, valamint a zen\u00e9sz \u00e9s feles\u00e9ge, Sharon k\u00f6z\u00f6tti nagy szerelmi t\u00f6rt\u00e9netet mutatja be\u201d.<\/p>\n<p>A forgat\u00f3k\u00f6nyv meg\u00edr\u00e1s\u00e1ra az Oscar-d\u00edjra jel\u00f6lt Lee Hallt k\u00e9rt\u00e9k fel.<\/p>\n<p>Fot\u00f3: \u00a0Ilya S. Savenok\/Getty Images<\/p>\n","protected":false},"excerpt":{"rendered":"Egy \u00e9vvel a S\u00f6t\u00e9ts\u00e9g herceg\u00e9nek hal\u00e1la ut\u00e1n, csal\u00e1dja m\u00e1r dolgozik a heavy metal legend\u00e1j\u00e1nak \u00e9let\u00e9t feldolgoz\u00f3 \u00e9letrajzi filmen&hellip;\n","protected":false},"author":2,"featured_media":229613,"comment_status":"","ping_status":"","sticky":false,"template":"","format":"standard","meta":{"footnotes":"","_share_on_mastodon":"0"},"categories":[21],"tags":[5735,5736,5737,5738,198,5740,137,5742,199,44,42,40,43,41,189,5739,840,5733,5734,2379,5741,138],"class_list":["post-229612","post","type-post","status-publish","format-standard","has-post-thumbnail","category-hiressegek","tag-60-as","tag-70-es","tag-80-as","tag-90-es","tag-celebrities","tag-dalok","tag-entertainment","tag-fm","tag-hiressegek","tag-hu","tag-hungarian","tag-hungary","tag-magyar","tag-magyarorszag","tag-radio","tag-regi","tag-retro","tag-retro-radio","tag-retroradio","tag-slager","tag-slagerek","tag-szorakozas"],"share_on_mastodon":{"url":"https:\/\/pubeurope.com\/@hu\/117200129278186404","error":""},"_links":{"self":[{"href":"https:\/\/www.europesays.com\/hu\/wp-json\/wp\/v2\/posts\/229612","targetHints":{"allow":["GET"]}}],"collection":[{"href":"https:\/\/www.europesays.com\/hu\/wp-json\/wp\/v2\/posts"}],"about":[{"href":"https:\/\/www.europesays.com\/hu\/wp-json\/wp\/v2\/types\/post"}],"author":[{"embeddable":true,"href":"https:\/\/www.europesays.com\/hu\/wp-json\/wp\/v2\/users\/2"}],"replies":[{"embeddable":true,"href":"https:\/\/www.europesays.com\/hu\/wp-json\/wp\/v2\/comments?post=229612"}],"version-history":[{"count":0,"href":"https:\/\/www.europesays.com\/hu\/wp-json\/wp\/v2\/posts\/229612\/revisions"}],"wp:featuredmedia":[{"embeddable":true,"href":"https:\/\/www.europesays.com\/hu\/wp-json\/wp\/v2\/media\/229613"}],"wp:attachment":[{"href":"https:\/\/www.europesays.com\/hu\/wp-json\/wp\/v2\/media?parent=229612"}],"wp:term":[{"taxonomy":"category","embeddable":true,"href":"https:\/\/www.europesays.com\/hu\/wp-json\/wp\/v2\/categories?post=229612"},{"taxonomy":"post_tag","embeddable":true,"href":"https:\/\/www.europesays.com\/hu\/wp-json\/wp\/v2\/tags?post=229612"}],"curies":[{"name":"wp","href":"https:\/\/api.w.org\/{rel}","templated":true}]}}