{"id":229614,"date":"2026-09-02T06:58:23","date_gmt":"2026-09-02T06:58:23","guid":{"rendered":"https:\/\/www.europesays.com\/hu\/229614\/"},"modified":"2026-09-02T06:58:23","modified_gmt":"2026-09-02T06:58:23","slug":"index-futball-futball-1147","status":"publish","type":"post","link":"https:\/\/www.europesays.com\/hu\/229614\/","title":{"rendered":"Index &#8211; Futball &#8211; Futball"},"content":{"rendered":"<p>Tizenegyedik id\u00e9ny\u00e9t kezdte meg a Ferencv\u00e1rosn\u00e1l Botka Endre, aki a Paks elleni <a href=\"https:\/\/index.hu\/sport\/futball\/2026\/07\/26\/labdarugo-nb-i-2026-2027-1.-fordulo-paks-ferencvaros-osszefoglalo\/\" id=\"hyperlink_24e311494b376c6c647542d78ed49a0d\" target=\"_blank\" title=\"Az NB I nem az Eur\u00f3pa-liga: nagy zak\u00f3val rajtolt a Ferencv\u00e1ros az \u00faj id\u00e9nyben\" data-recommendation=\"bekezdes_utan\" data-recommendation-preview=\"{&quot;og:title&quot;:&quot;Az NB I nem az Eur\u00f3pa-liga: nagy zak\u00f3val rajtolt a Ferencv\u00e1ros az \u00faj id\u00e9nyben&quot;,&quot;og:description&quot;:&quot;Pedig k\u00e9tszer is vezetett Pakson a magyar rekordbajnok.&quot;,&quot;og:image&quot;:&quot;\\\/\\\/kep.cdn.indexvas.hu\\\/1\\\/0\\\/7070\\\/70703\\\/707030\\\/70703067_5215103_ccb31b27ade90debb9a38fdb0b972399_wm.jpg&quot;}\" data-recommendation-id=\"6253095\" rel=\"nofollow noopener\">4\u20132-re<\/a> elvesz\u00edtett\u00a0bajnoki nyit\u00f3m\u00e9rk\u0151z\u00e9sen j\u00falius 26-\u00e1n b\u0151 k\u00e9t \u00e9s f\u00e9l \u00e9v ut\u00e1n volt ism\u00e9t eredm\u00e9nyes a z\u00f6ld-feh\u00e9rek sz\u00edneiben. A tal\u00e1lkoz\u00f3 \u00f3ta viszont nemhogy a p\u00e1ly\u00e1n, de m\u00e9g a kispadon sem lehetett fellelni a 32 \u00e9ves labdar\u00fag\u00f3t, aki most tiszta vizet \u00f6nt\u00f6tt a poh\u00e1rba.<\/p>\n<p>Vide\u00f3j\u00e1t azzal kezdte, ugyan szerz\u0151d\u00e9se lej\u00e1rt j\u00fanius v\u00e9g\u00e9n a klubbal, r\u00f6vid egyeztet\u00e9s ut\u00e1n az egy\u00e9ves hosszabb\u00edt\u00e1s mellett d\u00f6nt\u00f6ttek a felek, majd rejt\u00e9lyes s\u00e9r\u00fcl\u00e9s\u00e9re kanyarodott a 30-szoros magyar v\u00e1logatott v\u00e9d\u0151.<\/p>\n<p>Kisebb s\u00e9r\u00fcl\u00e9ssel szenvedek, teljesen hirtelen a combom beduzzadt, bevizesedett. M\u00e9g mindig nem tudjuk, hogy pontosan mi\u00e9rt, ez\u00e9rt sem tudok egyel\u0151re edz\u00e9sbe \u00e1llni. Meg kell tal\u00e1lni annak az ok\u00e1t, hogy mi\u00e9rt j\u00f6hetett el\u0151<\/p>\n<p>\u2013 mes\u00e9lte Botka.<\/p>\n<p>Hozz\u00e1tette, amikor az ember tudja, hogy p\u00e9ld\u00e1ul milyen izma szakadt el, akkor a gy\u00f3gyul\u00e1si id\u0151vel is tiszt\u00e1ban van, ebben az esetben viszont egyel\u0151re m\u00e9g ott tartanak, hogy megtal\u00e1lj\u00e1k egy\u00e1ltal\u00e1n a gond forr\u00e1s\u00e1t.<\/p>\n<p>\n                          Botka Endre 2017 janu\u00e1rj\u00e1ban igazolt a Budapest Honv\u00e9dt\u00f3l a Ferencv\u00e1roshoz, az\u00f3ta \u00f6sszesen 236 t\u00e9tm\u00e9rk\u0151z\u00e9sen h\u00fazta mag\u00e1ra a n\u00e9pligetiek mez\u00e9t, amelyeken 11 g\u00f3lt \u00e9s 13 asszisztot jegyezhetett.\n                        <\/p>\n<p>\n                          (Bor\u00edt\u00f3k\u00e9p: Botka Endre 2023. j\u00fanius 5-\u00e9n. Fot\u00f3:\u00a0Kasz\u00e1s Tam\u00e1s \/ Index)\u00a0\n                        <\/p>\n<p><a href=\"https:\/\/dex.hu\/x.php?id=googlepref_desktop&amp;url=https:\/\/google.com\/preferences\/source?q=https:\/\/index.hu\" class=\"google-pref-banner \" id=\"googlePrefBanner\" rel=\"nofollow noopener\" target=\"_blank\"><\/p>\n<p>    Itt \u00e1ll\u00edtsa be, hogy az Index az els\u0151k k\u00f6z\u00f6tt legyen a Google-tal\u00e1latokban!<\/p>\n<p><\/a><\/p>\n<p>                <a href=\"https:\/\/konyvek.index.hu\/\" target=\"_blank\" rel=\"nofollow noopener\"><br \/>\n                <img decoding=\"async\" src=\"https:\/\/index.hu\/assets\/images\/konyvajanlo\/book_indapress\/book_indapress_logo.svg\" loading=\"lazy\" alt=\"Inda Press Kiad\u00f3\"\/><br \/>\n                <\/a><\/p>\n<p>                <img decoding=\"async\" src=\"https:\/\/www.europesays.com\/hu\/wp-content\/uploads\/2026\/09\/1788332300_40_rossi.png\" loading=\"lazy\" alt=\"Rossi\"\/><\/p>\n<p>Ismerd meg a magyar labdar\u00fag\u00e1s h\u0151s\u00e9nek eml\u00e9kezetes pillanatait!<br \/>Folytassa, Mister!<\/p>\n<p>                <a class=\"book_index_btn\" href=\"https:\/\/indexadhu.hit.gemius.pl\/hitredir\/id=nSCbubuYpDWJZLZs0TssLrbt33Lk5kbipuiZrkg89G3.g7\/stparam=uciklwjurk\/fastid=efdamtuhsxcjschvtzobuxredglq\/nc=0\/url=https:\/\/www.indapresskiado.hu\/products\/marco-rossi?_pos=1&amp;_psq=rossi&amp;_ss=e&amp;_v=1.0\" target=\"_blank\" rel=\"nofollow noopener\">MEGVESZEM<\/a><\/p>\n<p>    <img loading=\"lazy\" decoding=\"async\" src=\"https:\/\/www.europesays.com\/hu\/wp-content\/uploads\/2026\/09\/1788332303_975_nc=0.gif\" border=\"0\" height=\"0\" width=\"0\"\/><\/p>\n<p>    <img decoding=\"async\" src=\"https:\/\/index.hu\/assets\/images\/social-follow\/logo-big.svg\" alt=\"Index.hu logo\"\/><\/p>\n<p>K\u00f6vesse az Indexet Facebookon is!<\/p>\n<p>    <a href=\"https:\/\/facebook.com\/Indexhu\" target=\"_blank\" rel=\"nofollow noopener\"><\/p>\n<p>        K\u00f6vetem!<br \/>\n    <\/a><\/p>\n","protected":false},"excerpt":{"rendered":"Tizenegyedik id\u00e9ny\u00e9t kezdte meg a Ferencv\u00e1rosn\u00e1l Botka Endre, aki a Paks elleni 4\u20132-re elvesz\u00edtett\u00a0bajnoki nyit\u00f3m\u00e9rk\u0151z\u00e9sen j\u00falius 26-\u00e1n b\u0151&hellip;\n","protected":false},"author":2,"featured_media":229615,"comment_status":"","ping_status":"","sticky":false,"template":"","format":"standard","meta":{"footnotes":"","_share_on_mastodon":"0"},"categories":[14],"tags":[9125,46,3661,553,44,42,40,502,43,41,1128,45,131],"class_list":["post-229614","post","type-post","status-publish","format-standard","has-post-thumbnail","category-sport","tag-botka-endre","tag-ferencvaros","tag-ferencvarosi-tc","tag-futball","tag-hu","tag-hungarian","tag-hungary","tag-labdarugas","tag-magyar","tag-magyarorszag","tag-serules","tag-sport","tag-sports"],"share_on_mastodon":{"url":"https:\/\/pubeurope.com\/@hu\/117200152833085021","error":""},"_links":{"self":[{"href":"https:\/\/www.europesays.com\/hu\/wp-json\/wp\/v2\/posts\/229614","targetHints":{"allow":["GET"]}}],"collection":[{"href":"https:\/\/www.europesays.com\/hu\/wp-json\/wp\/v2\/posts"}],"about":[{"href":"https:\/\/www.europesays.com\/hu\/wp-json\/wp\/v2\/types\/post"}],"author":[{"embeddable":true,"href":"https:\/\/www.europesays.com\/hu\/wp-json\/wp\/v2\/users\/2"}],"replies":[{"embeddable":true,"href":"https:\/\/www.europesays.com\/hu\/wp-json\/wp\/v2\/comments?post=229614"}],"version-history":[{"count":0,"href":"https:\/\/www.europesays.com\/hu\/wp-json\/wp\/v2\/posts\/229614\/revisions"}],"wp:featuredmedia":[{"embeddable":true,"href":"https:\/\/www.europesays.com\/hu\/wp-json\/wp\/v2\/media\/229615"}],"wp:attachment":[{"href":"https:\/\/www.europesays.com\/hu\/wp-json\/wp\/v2\/media?parent=229614"}],"wp:term":[{"taxonomy":"category","embeddable":true,"href":"https:\/\/www.europesays.com\/hu\/wp-json\/wp\/v2\/categories?post=229614"},{"taxonomy":"post_tag","embeddable":true,"href":"https:\/\/www.europesays.com\/hu\/wp-json\/wp\/v2\/tags?post=229614"}],"curies":[{"name":"wp","href":"https:\/\/api.w.org\/{rel}","templated":true}]}}