{"id":229616,"date":"2026-09-02T07:01:08","date_gmt":"2026-09-02T07:01:08","guid":{"rendered":"https:\/\/www.europesays.com\/hu\/229616\/"},"modified":"2026-09-02T07:01:08","modified_gmt":"2026-09-02T07:01:08","slug":"europa-ma-uleseznek-az-unios-kulugyminiszterek-berlin-oroszorszagot-vadolja-a-drontamadassal","status":"publish","type":"post","link":"https:\/\/www.europesays.com\/hu\/229616\/","title":{"rendered":"Eur\u00f3pa Ma: \u00fcl\u00e9seznek az uni\u00f3s k\u00fcl\u00fcgyminiszterek, Berlin Oroszorsz\u00e1got v\u00e1dolja a dr\u00f3nt\u00e1mad\u00e1ssal"},"content":{"rendered":"<p>\n                    K\u00f6zz\u00e9t\u00e9ve:                 02\/09\/2026 &#8211; 8:03 CEST\u2022A legfrissebb fejlem\u00e9nyek<br \/>\n                                     8:39\n                                        <\/p>\n<p>Shona Murray \u00cdrorsz\u00e1gb\u00f3l sz\u00e1mol be az EU k\u00fcl\u00fcgyminisztereinek kulcsfontoss\u00e1g\u00fa tan\u00e1cskoz\u00e1s\u00e1r\u00f3l, miut\u00e1n Berlin d\u00f6nt\u00e9se, hogy a m\u00falt havi dr\u00f3nt\u00e1mad\u00e1st hivatalosan Oroszorsz\u00e1gnak tulajdon\u00edtja, tov\u00e1bb emelte a t\u00e9tet. A t\u00e1rgyal\u00e1sokra akkor ker\u00fcl sor, amikor Ursula von der Leyen bizotts\u00e1gi eln\u00f6k a nap folyam\u00e1n tal\u00e1lkozik Mark Rutt\u00e9vel, a NATO f\u0151titk\u00e1r\u00e1val.<\/p>\n<p>          <img decoding=\"async\" class=\"c-ad__placeholder__logo\" src=\"https:\/\/static.euronews.com\/website\/images\/logos\/logo-euronews-stacked-outlined-72x72-grey-9.svg\" width=\"72\" height=\"72\" alt=\"\" loading=\"lazy\"\/><br \/>\n          HIRDET\u00c9S<\/p>\n<p>          <img decoding=\"async\" class=\"c-ad__placeholder__logo\" src=\"https:\/\/static.euronews.com\/website\/images\/logos\/logo-euronews-stacked-outlined-72x72-grey-9.svg\" width=\"72\" height=\"72\" alt=\"\" loading=\"lazy\"\/><br \/>\n          HIRDET\u00c9S<\/p>\n<p>Sasha Vakulina elemzi az Oroszorsz\u00e1g Ukrajna ellen v\u00edvott h\u00e1bor\u00faj\u00e1nak legfrissebb fejlem\u00e9nyeit, mik\u00f6zben Ant\u00f3nio Guterres ENSZ-f\u0151titk\u00e1r arra sz\u00f3l\u00edtja fel a vil\u00e1g vezet\u0151it, hogy vessenek v\u00e9get ennek a konfliktusnak, valamint az ism\u00e9t fell\u00e1ngol\u00f3 k\u00f6zel-keleti v\u00e1ls\u00e1gnak. <\/p>\n<p>Eur\u00f3pa-szerkeszt\u0151nk, Maria Tadeo exkluz\u00edv interj\u00faban besz\u00e9lget Maro\u0161 \u0160ef\u010dovi\u010d uni\u00f3s kereskedelmi biztossal, mik\u00f6zben v\u00e9szesen k\u00f6zeleg az okt\u00f3beri hat\u00e1rid\u0151, ameddig az EU-nak rendeznie kell K\u00edn\u00e1val szembeni kereskedelmi hi\u00e1ny\u00e1t.<\/p>\n<p>A Europe Today m\u0171sorvezet\u0151je, M\u00e9abh Mc Mahon interj\u00fat k\u00e9sz\u00edt Drago\u0219 P\u00eeslaruval, az eur\u00f3pai beruh\u00e1z\u00e1sok\u00e9rt \u00e9s projektek\u00e9rt felel\u0151s rom\u00e1n miniszterrel. Rom\u00e1nia t\u00f6bb mint 700 milli\u00f3 eur\u00f3nyi uni\u00f3s forr\u00e1st\u00f3l eshet el, miut\u00e1n a bukaresti korm\u00e1ny nem hajtotta v\u00e9gre a Br\u00fcsszel \u00e1ltal k\u00e9rt reformokat.<\/p>\n<p>Hol \u00e9s mikor l\u00e1thatja a Europe Todayt?<\/p>\n<p>\u00d6n \u00e9l\u0151ben k\u00f6vetheti az Euronews vezet\u0151 m\u0171sorvezet\u0151j\u00e9t, M\u00e9abh Mc Mahont \u00e9s EU-szerkeszt\u0151nket, Maria Tade\u00f3t a telev\u00edzi\u00f3ban, az Euronews honlapj\u00e1n, valamint a digit\u00e1lis platformokon (YouTube, Facebook, X \u00e9s Instagram) minden h\u00e9tk\u00f6znap reggel 8 \u00f3rakor, br\u00fcsszeli id\u0151 szerint.<\/p>\n<p>Mind\u00f6ssze 20 perc alatt \u00faj form\u00e1tumunk bemutatja a nap legfontosabb esem\u00e9nyeit, \u00e9s l\u00e9tfontoss\u00e1g\u00fa elemz\u00e9seket k\u00edn\u00e1l az EU-t \u00e9s azon t\u00fal a vil\u00e1got form\u00e1l\u00f3 t\u00f6rt\u00e9netekr\u0151l. A m\u0171sor el\u00e9rhet\u0151 h\u00edrlev\u00e9l \u00e9s podcast. form\u00e1j\u00e1ban is.<\/p>\n","protected":false},"excerpt":{"rendered":"K\u00f6zz\u00e9t\u00e9ve: 02\/09\/2026 &#8211; 8:03 CEST\u2022A legfrissebb fejlem\u00e9nyek 8:39 Shona Murray \u00cdrorsz\u00e1gb\u00f3l sz\u00e1mol be az EU k\u00fcl\u00fcgyminisztereinek kulcsfontoss\u00e1g\u00fa tan\u00e1cskoz\u00e1s\u00e1r\u00f3l,&hellip;\n","protected":false},"author":2,"featured_media":229617,"comment_status":"","ping_status":"","sticky":false,"template":"","format":"standard","meta":{"footnotes":"","_share_on_mastodon":"0"},"categories":[3],"tags":[1096,107,106,105,42,6145,104,43,44022,27706,2494],"class_list":["post-229616","post","type-post","status-publish","format-standard","has-post-thumbnail","category-europa","tag-biztonsag","tag-eu","tag-europa","tag-europe","tag-hungarian","tag-irorszag","tag-kina","tag-magyar","tag-nemzetkozi-kereskedelem","tag-unios-kulpolitika","tag-vedelem"],"share_on_mastodon":{"url":"https:\/\/pubeurope.com\/@hu\/117200164613542708","error":""},"_links":{"self":[{"href":"https:\/\/www.europesays.com\/hu\/wp-json\/wp\/v2\/posts\/229616","targetHints":{"allow":["GET"]}}],"collection":[{"href":"https:\/\/www.europesays.com\/hu\/wp-json\/wp\/v2\/posts"}],"about":[{"href":"https:\/\/www.europesays.com\/hu\/wp-json\/wp\/v2\/types\/post"}],"author":[{"embeddable":true,"href":"https:\/\/www.europesays.com\/hu\/wp-json\/wp\/v2\/users\/2"}],"replies":[{"embeddable":true,"href":"https:\/\/www.europesays.com\/hu\/wp-json\/wp\/v2\/comments?post=229616"}],"version-history":[{"count":0,"href":"https:\/\/www.europesays.com\/hu\/wp-json\/wp\/v2\/posts\/229616\/revisions"}],"wp:featuredmedia":[{"embeddable":true,"href":"https:\/\/www.europesays.com\/hu\/wp-json\/wp\/v2\/media\/229617"}],"wp:attachment":[{"href":"https:\/\/www.europesays.com\/hu\/wp-json\/wp\/v2\/media?parent=229616"}],"wp:term":[{"taxonomy":"category","embeddable":true,"href":"https:\/\/www.europesays.com\/hu\/wp-json\/wp\/v2\/categories?post=229616"},{"taxonomy":"post_tag","embeddable":true,"href":"https:\/\/www.europesays.com\/hu\/wp-json\/wp\/v2\/tags?post=229616"}],"curies":[{"name":"wp","href":"https:\/\/api.w.org\/{rel}","templated":true}]}}