{"id":229622,"date":"2026-09-02T07:04:07","date_gmt":"2026-09-02T07:04:07","guid":{"rendered":"https:\/\/www.europesays.com\/hu\/229622\/"},"modified":"2026-09-02T07:04:07","modified_gmt":"2026-09-02T07:04:07","slug":"index-belfold-osszeutkozott-egy-tehervonat-es-egy-mozdony-gyornel-kesesekre-kell-szamitani","status":"publish","type":"post","link":"https:\/\/www.europesays.com\/hu\/229622\/","title":{"rendered":"Index &#8211; Belf\u00f6ld &#8211; \u00d6ssze\u00fctk\u00f6z\u00f6tt egy tehervonat \u00e9s egy mozdony Gy\u0151rn\u00e9l, k\u00e9s\u00e9sekre kell sz\u00e1m\u00edtani"},"content":{"rendered":"<p>Baleset t\u00f6rt\u00e9nt szerda reggel Gy\u0151r \u00e9s Gy\u0151rszentiv\u00e1n k\u00f6z\u00f6tt: egy tehervonat \u00e9s egy \u00e1rusz\u00e1ll\u00edt\u00f3 c\u00e9g mozdonya \u00fctk\u00f6z\u00f6tt \u00f6ssze \u2013 k\u00f6z\u00f6lte a <a href=\"https:\/\/www.mavcsoport.hu\/mavinform\/baleset-gyori-fovonalon\" id=\"hyperlink_414451749801cc301e991b88310dd8c6\" target=\"_blank\" rel=\"nofollow noopener\">M\u00e1vinform<\/a>.\u00a0<\/p>\n<p>A baleset miatt az \u00e9rintett szakaszon jelenleg csak egy v\u00e1g\u00e1nyon haladhat a vas\u00fati forgalom. Emiatt a gy\u0151ri f\u0151vonalon k\u00f6zleked\u0151knek a reggeli \u00f3r\u00e1kban \u00e9s napk\u00f6zben is hosszabb eljut\u00e1si id\u0151vel kell sz\u00e1molniuk.<\/p>\n<p>A M\u00e1vinform t\u00e1j\u00e9koztat\u00e1sa szerint<\/p>\n<p>v\u00e1rhat\u00f3an 5\u201315 perccel hosszabb menetid\u0151 alakulhat ki a vonalon.<\/p>\n<p>A baleset pontos k\u00f6r\u00fclm\u00e9nyeit \u00e9s ok\u00e1t vas\u00fatbiztons\u00e1gi szakemberek vizsg\u00e1lj\u00e1k. A vas\u00fatt\u00e1rsas\u00e1g arra k\u00e9ri az utasokat, hogy indul\u00e1s el\u0151tt t\u00e1j\u00e9koz\u00f3djanak az aktu\u00e1lis forgalmi helyzetr\u0151l, \u00e9s sz\u00e1m\u00edtsanak az esetleges k\u00e9s\u00e9sekre.<\/p>\n<p>                        Szegedn\u00e9l is fennakad\u00e1sokra kell sz\u00e1m\u00edtani<\/p>\n<p>Szeged \u00e9s Szatymaz k\u00f6z\u00f6tt p\u00f3tl\u00f3buszok sz\u00e1ll\u00edtj\u00e1k az utasokat, mert egy m\u0171szaki hib\u00e1s tehervonat akad\u00e1lyozza a forgalmat \u2013 \u00edrja a <a href=\"https:\/\/www.mavcsoport.hu\/mavinform\/szeged-es-szatymaz-kozott-potlobuszok-jarnak\" id=\"hyperlink_ff7194e94fcde7630f3804d0bb4764fb\" target=\"_blank\" rel=\"nofollow noopener\">M\u00e1vinform<\/a>.<\/p>\n<p>A Budapest\u2013Cegl\u00e9d\u2013Szeged vonalon emiatt d\u00e9lel\u0151tt hosszabb eljut\u00e1si id\u0151re kell sz\u00e1m\u00edtani. T\u00f6bb j\u00e1rat k\u00f6zleked\u00e9s\u00e9t is \u00e9rinti a hiba, egyebek mellett a Szeged \u00e9s a Nyugati p\u00e1lyaudvar k\u00f6z\u00f6tt k\u00f6zleked\u0151 Napf\u00e9ny InterCityk\u00e9t is: a Szegedr\u0151l 7:44-kor indul\u00f3 IC717 helyett Szeged \u00e9s Szatymaz k\u00f6z\u00f6tt p\u00f3tl\u00f3buszok j\u00e1rnak.<\/p>\n<p><a href=\"https:\/\/dex.hu\/x.php?id=googlepref_desktop&amp;url=https:\/\/google.com\/preferences\/source?q=https:\/\/index.hu\" class=\"google-pref-banner \" id=\"googlePrefBanner\" rel=\"nofollow noopener\" target=\"_blank\"><\/p>\n<p>    Itt \u00e1ll\u00edtsa be, hogy az Index az els\u0151k k\u00f6z\u00f6tt legyen a Google-tal\u00e1latokban!<\/p>\n<p><\/a><\/p>\n<p>    <img decoding=\"async\" src=\"https:\/\/index.hu\/assets\/images\/social-follow\/logo-big.svg\" alt=\"Index.hu logo\"\/><\/p>\n<p>K\u00f6vesse az Indexet Facebookon is!<\/p>\n<p>    <a href=\"https:\/\/facebook.com\/Indexhu\" target=\"_blank\" rel=\"nofollow noopener\"><\/p>\n<p>        K\u00f6vetem!<br \/>\n    <\/a><\/p>\n","protected":false},"excerpt":{"rendered":"Baleset t\u00f6rt\u00e9nt szerda reggel Gy\u0151r \u00e9s Gy\u0151rszentiv\u00e1n k\u00f6z\u00f6tt: egy tehervonat \u00e9s egy \u00e1rusz\u00e1ll\u00edt\u00f3 c\u00e9g mozdonya \u00fctk\u00f6z\u00f6tt \u00f6ssze \u2013&hellip;\n","protected":false},"author":2,"featured_media":229623,"comment_status":"","ping_status":"","sticky":false,"template":"","format":"standard","meta":{"footnotes":"","_share_on_mastodon":"0"},"categories":[33],"tags":[469,80,38,890,45018,15052,35,37,44,42,40,15786,43,41,31502,34,5889,36,1499,39],"class_list":["post-229622","post","type-post","status-publish","format-standard","has-post-thumbnail","category-hirek","tag-baleset","tag-belfold","tag-focimek","tag-gyor","tag-gyori-fovonal","tag-gyorszentivan","tag-headlines","tag-hirek","tag-hu","tag-hungarian","tag-hungary","tag-keses","tag-magyar","tag-magyarorszag","tag-mozdony","tag-news","tag-tehervonat","tag-top-stories","tag-utkozes","tag-vezeto-hirek"],"share_on_mastodon":{"url":"https:\/\/pubeurope.com\/@hu\/117200176308770474","error":""},"_links":{"self":[{"href":"https:\/\/www.europesays.com\/hu\/wp-json\/wp\/v2\/posts\/229622","targetHints":{"allow":["GET"]}}],"collection":[{"href":"https:\/\/www.europesays.com\/hu\/wp-json\/wp\/v2\/posts"}],"about":[{"href":"https:\/\/www.europesays.com\/hu\/wp-json\/wp\/v2\/types\/post"}],"author":[{"embeddable":true,"href":"https:\/\/www.europesays.com\/hu\/wp-json\/wp\/v2\/users\/2"}],"replies":[{"embeddable":true,"href":"https:\/\/www.europesays.com\/hu\/wp-json\/wp\/v2\/comments?post=229622"}],"version-history":[{"count":0,"href":"https:\/\/www.europesays.com\/hu\/wp-json\/wp\/v2\/posts\/229622\/revisions"}],"wp:featuredmedia":[{"embeddable":true,"href":"https:\/\/www.europesays.com\/hu\/wp-json\/wp\/v2\/media\/229623"}],"wp:attachment":[{"href":"https:\/\/www.europesays.com\/hu\/wp-json\/wp\/v2\/media?parent=229622"}],"wp:term":[{"taxonomy":"category","embeddable":true,"href":"https:\/\/www.europesays.com\/hu\/wp-json\/wp\/v2\/categories?post=229622"},{"taxonomy":"post_tag","embeddable":true,"href":"https:\/\/www.europesays.com\/hu\/wp-json\/wp\/v2\/tags?post=229622"}],"curies":[{"name":"wp","href":"https:\/\/api.w.org\/{rel}","templated":true}]}}