{"id":229646,"date":"2026-09-02T07:30:07","date_gmt":"2026-09-02T07:30:07","guid":{"rendered":"https:\/\/www.europesays.com\/hu\/229646\/"},"modified":"2026-09-02T07:30:07","modified_gmt":"2026-09-02T07:30:07","slug":"onkent-visszaadta-engedelyet-az-agressziv-mas-turistakra-tamado-osztrak-hegyi-vezeto","status":"publish","type":"post","link":"https:\/\/www.europesays.com\/hu\/229646\/","title":{"rendered":"\u00d6nk\u00e9nt visszaadta enged\u00e9ly\u00e9t az agressz\u00edv, m\u00e1s turist\u00e1kra t\u00e1mad\u00f3 osztr\u00e1k hegyi vezet\u0151"},"content":{"rendered":"<p>Megel\u0151zve a sz\u00f6vets\u00e9gi d\u00f6nt\u00e9st, saj\u00e1t maga mondott le enged\u00e9ly\u00e9r\u0151l egy st\u00e1jer hegyi vezet\u0151, aki 3000 m\u00e9ter magasban, egy keskeny \u00e9s kitett gerincen vit\u00e1ba keveredett egy lengyel p\u00e1rossal, majd verb\u00e1lisan \u00e9s fizikailag is megfenyegette \u0151ket a munkak\u00f6r\u00e9re hivatkozva \u2013 \u00edrja a <a href=\"https:\/\/tirol.orf.at\/stories\/3369167\/\" target=\"_blank\" rel=\"noopener nofollow\">Tirol ORF<\/a> h\u00edrad\u00e1sa nyom\u00e1n a <a href=\"https:\/\/telex.hu\/szepkilatas\/2026\/09\/01\/ausztria-grossglockner-hegyi-vezeto-fenyegetes\" target=\"_blank\" rel=\"noopener nofollow\">Telex<\/a>.<\/p>\n<p>Az esetet a lengyel p\u00e1r f\u00e9rfi tagja r\u00f6gz\u00edtette a sisakj\u00e1n l\u00e9v\u0151 kamer\u00e1val, a <a href=\"https:\/\/www.instagram.com\/reel\/Dci6AV9MNSX\/?utm_source=ig_web_button_share_sheet\" target=\"_blank\" rel=\"noopener nofollow\">felv\u00e9tel<\/a> pedig nagy felh\u00e1borod\u00e1st keltett a k\u00f6z\u00f6ss\u00e9gi m\u00e9di\u00e1ban. A kalsi hegyi vezet\u0151k elhat\u00e1rolt\u00e1k magukat st\u00e1jer koll\u00e9g\u00e1juk viselked\u00e9s\u00e9t\u0151l, az Osztr\u00e1k Hegyi- \u00e9s S\u00edvezet\u0151k Egyes\u00fclete is b\u00edr\u00e1lta a f\u00e9rfit. K\u00f6zben a kelet-tiroli rend\u0151rs\u00e9g is vizsg\u00e1latot ind\u00edtott az \u00fcgyben foglalkoz\u00e1s k\u00f6r\u00e9ben elk\u00f6vetett vesz\u00e9lyeztet\u00e9s gyan\u00faj\u00e1val, valamint a St\u00e1jer Hegyivezet\u0151k Sz\u00f6vets\u00e9g\u00e9nek fegyelmi bizotts\u00e1ga is foglalkozik az \u00fcggyel.<\/p>\n<p>A St\u00e1jer Hegyivezet\u0151k Sz\u00f6vets\u00e9ge h\u00e9tf\u0151n meger\u0151s\u00edtette az osztr\u00e1k sajt\u00f3nak, hogy a vezet\u0151 m\u00e1r nem tagja a szervezetnek, ugyanis a fegyelmi vizsg\u00e1lat k\u00f6zben \u00fagy d\u00f6nt\u00f6tt, hogy kil\u00e9p \u00e9s visszaadja az enged\u00e9ly\u00e9t. A sz\u00f6vets\u00e9g k\u00f6z\u00f6lte, hogy a vezet\u0151t k\u00e9s\u0151bb megd\u00f6bbentette a helyzetre adott saj\u00e1t reakci\u00f3ja. A hegyi vezet\u0151 ez\u00e9rt v\u00e1llalta a felel\u0151ss\u00e9get tettei\u00e9rt.<\/p>\n<p>A sz\u00f6vets\u00e9g hangs\u00falyozza a hegyi vezet\u0151k felel\u0151ss\u00e9g\u00e9t \u00e9s p\u00e9ldamutat\u00f3 szerep\u00e9t, ami a k\u00e9pz\u00e9s\u00fck egyik legfontosabb eleme is. A magasan k\u00e9pzett alpinist\u00e1k jellemz\u0151en elv\u00e9gzik a hegyi vezet\u0151i k\u00e9pz\u00e9st is. Ez a k\u00e9pz\u00e9s nemcsak a hegym\u00e1sz\u00e1s technikai r\u00e9sz\u00e9t fedi le, hanem a hat\u00e9kony vezet\u00e9s pszichikai aspektusait is.<\/p>\n<p>Maga az \u00f6sszet\u0171z\u00e9s a Gro\u00dfglockner-hegyen tal\u00e1lhat\u00f3 M\u00fcrztalersteig \u00f6sv\u00e9nyen (a cs\u00facsra vezet\u0151 norm\u00e1l \u00faton) t\u00f6rt\u00e9nt augusztus 22-\u00e9n, lefel\u00e9, 3000 m\u00e9teres magass\u00e1gban. A hegyi vezet\u0151 \u00e9s csoportja kock\u00e1zatos m\u00f3don el\u0151zte a lengyel magashegyi t\u00far\u00e1z\u00f3kat. A lengyel hegym\u00e1sz\u00f3 szerint egy meredekebb, kock\u00e1zatosabb szakaszn\u00e1l sz\u00e1nd\u00e9kosan lemaradt kicsit a partner\u00e9t\u0151l. A n\u0151 el\u00f6l haladt, karabineres via ferrata kant\u00e1rral biztos\u00edtva mag\u00e1t. A st\u00e1jer vezet\u0151 \u00e9s csoportja ek\u00f6zben h\u00e1tulr\u00f3l k\u00f6zeledett. A lengyel f\u00e9rfi bar\u00e1ts\u00e1gosan k\u00f6sz\u00f6nt\u00f6tte \u0151ket, \u00e1m a hegyi vezet\u0151 sz\u00f3 n\u00e9lk\u00fcl eltolta az \u00fatj\u00e1b\u00f3l, figyelmen k\u00edv\u00fcl hagyva k\u00e9r\u00e9s\u00e9t, hogy \u0151 menne a partnere ut\u00e1n.<\/p>\n<p>Mikor ezt nehezm\u00e9nyezte, a szakember agressz\u00edvan visszasz\u00f3lt: \u201eHegyi vezet\u0151 vagyok, fogd be a sz\u00e1d.\u201d R\u00f6viddel ezut\u00e1n megfenyegette: \u201eFogd be a sz\u00e1d, k\u00fcl\u00f6nben felmegyek, \u00e9s adok neked egyet.\u201d Majd odam\u00e1szott hozz\u00e1 \u00e9s hadon\u00e1szni kezdett.<\/p>\n<p>Az Osztr\u00e1k Hegyi- \u00e9s S\u00edvezet\u0151k Sz\u00f6vets\u00e9ge egy sajt\u00f3k\u00f6zlem\u00e9nyben szint\u00e9n b\u00edr\u00e1lta a viselked\u00e9st: \u201eBevett gyakorlat, hogy egy gyorsabb k\u00f6t\u00e9lcsapat megel\u0151zi a t\u00f6bbi hegym\u00e1sz\u00f3t. Ugyanakkor egy\u00e9rtelm\u0171en elhat\u00e1rol\u00f3dunk ett\u0151l a hegyi vezet\u0151i viselked\u00e9s\u00e9t\u0151l, ami a vide\u00f3n l\u00e1that\u00f3.\u201d<\/p>\n<p>\t\t\t\t\t<script async src=\"\/\/www.instagram.com\/embed.js\"><\/script><\/p>\n","protected":false},"excerpt":{"rendered":"Megel\u0151zve a sz\u00f6vets\u00e9gi d\u00f6nt\u00e9st, saj\u00e1t maga mondott le enged\u00e9ly\u00e9r\u0151l egy st\u00e1jer hegyi vezet\u0151, aki 3000 m\u00e9ter magasban, egy&hellip;\n","protected":false},"author":2,"featured_media":229647,"comment_status":"","ping_status":"","sticky":false,"template":"","format":"standard","meta":{"footnotes":"","_share_on_mastodon":"0"},"categories":[8],"tags":[5138,15536,630,2635,60830,43393,60682,42,43,34,2819,60829,94,93,92],"class_list":["post-229646","post","type-post","status-publish","format-standard","has-post-thumbnail","category-vilag","tag-agresszio","tag-alpok","tag-ausztria","tag-engedely","tag-eroszakossag","tag-etika","tag-hegyi-vezeto","tag-hungarian","tag-magyar","tag-news","tag-sportszerutlenseg","tag-stajerorszag","tag-vilag","tag-world","tag-world-news"],"share_on_mastodon":{"url":"https:\/\/pubeurope.com\/@hu\/117200278589702110","error":""},"_links":{"self":[{"href":"https:\/\/www.europesays.com\/hu\/wp-json\/wp\/v2\/posts\/229646","targetHints":{"allow":["GET"]}}],"collection":[{"href":"https:\/\/www.europesays.com\/hu\/wp-json\/wp\/v2\/posts"}],"about":[{"href":"https:\/\/www.europesays.com\/hu\/wp-json\/wp\/v2\/types\/post"}],"author":[{"embeddable":true,"href":"https:\/\/www.europesays.com\/hu\/wp-json\/wp\/v2\/users\/2"}],"replies":[{"embeddable":true,"href":"https:\/\/www.europesays.com\/hu\/wp-json\/wp\/v2\/comments?post=229646"}],"version-history":[{"count":0,"href":"https:\/\/www.europesays.com\/hu\/wp-json\/wp\/v2\/posts\/229646\/revisions"}],"wp:featuredmedia":[{"embeddable":true,"href":"https:\/\/www.europesays.com\/hu\/wp-json\/wp\/v2\/media\/229647"}],"wp:attachment":[{"href":"https:\/\/www.europesays.com\/hu\/wp-json\/wp\/v2\/media?parent=229646"}],"wp:term":[{"taxonomy":"category","embeddable":true,"href":"https:\/\/www.europesays.com\/hu\/wp-json\/wp\/v2\/categories?post=229646"},{"taxonomy":"post_tag","embeddable":true,"href":"https:\/\/www.europesays.com\/hu\/wp-json\/wp\/v2\/tags?post=229646"}],"curies":[{"name":"wp","href":"https:\/\/api.w.org\/{rel}","templated":true}]}}