{"id":229664,"date":"2026-09-02T07:45:10","date_gmt":"2026-09-02T07:45:10","guid":{"rendered":"https:\/\/www.europesays.com\/hu\/229664\/"},"modified":"2026-09-02T07:45:10","modified_gmt":"2026-09-02T07:45:10","slug":"itthon-magyar-peter-manfred-webernek-magyarorszag-az-eddig-kiszabott-menekultugyi-birsag-jovairasat-fogja-kerni","status":"publish","type":"post","link":"https:\/\/www.europesays.com\/hu\/229664\/","title":{"rendered":"Itthon: Magyar P\u00e9ter Manfred Webernek: Magyarorsz\u00e1g az eddig kiszabott menek\u00fclt\u00fcgyi b\u00edrs\u00e1g j\u00f3v\u00e1\u00edr\u00e1s\u00e1t fogja k\u00e9rni"},"content":{"rendered":"<p>\u00d6r\u00f6mmel csatlakozik a Tisza az Eur\u00f3pai N\u00e9pp\u00e1rthoz, miut\u00e1n az uni\u00f3s int\u00e9zm\u00e9nyek lez\u00e1rt\u00e1k a Magyarorsz\u00e1ggal szemben ind\u00edtott 7-es cikkelyes elj\u00e1r\u00e1st \u2013 k\u00f6z\u00f6lte a minisztereln\u00f6k a <a href=\"https:\/\/www.facebook.com\/peter.magyar.102\/posts\/pfbid02ixbMroU8dHNizZZ7yhiENtU1fHSdFUnG8zAvHNFto9XujFJGXGZPvuoZ1od9cmXrl\" target=\"_blank\" rel=\"nofollow noopener\">k\u00f6z\u00f6ss\u00e9gi oldal\u00e1n<\/a> szerda reggel.<\/p>\n<p>Magyar P\u00e9ter annak aprop\u00f3j\u00e1n, hogy Budapesten fogadta Manfred Webert, a p\u00e1rtcsal\u00e1d eln\u00f6k\u00e9t, azt \u00edrta: k\u00f6z\u00f6sen felid\u00e9zt\u00e9k, hogy mennyi minden v\u00e1ltozott Magyarorsz\u00e1gon, \u201emi\u00f3ta nincsenek k\u00f6zp\u00e9nzmilli\u00e1rdokb\u00f3l finansz\u00edrozott gy\u0171l\u00f6letkamp\u00e1nyok\u201d.<\/p>\n<p>A korm\u00e1nyf\u0151 k\u00f6zl\u00e9se szerint Weber a tal\u00e1lkoz\u00f3n azt mondta, bajor politikusk\u00e9nt mindig is fontos volt sz\u00e1m\u00e1ra Magyarorsz\u00e1g t\u00e1mogat\u00e1sa, \u00e9s szem\u00e9lyesen is nehezen \u00e9lte meg az el\u0151z\u0151 minisztereln\u00f6k, Orb\u00e1n Viktor s\u00e9rtetts\u00e9g\u00e9b\u0151l fakad\u00f3 lej\u00e1rat\u00e1sokat.<\/p>\n<p>Magyar P\u00e9ter kiemelte: a p\u00e1rtcsal\u00e1d eln\u00f6ke \u201eseg\u00edts\u00e9get aj\u00e1nlott, hogy v\u00e9gre siker\u00fclj\u00f6n megold\u00e1st tal\u00e1lni arra, hogy Magyarorsz\u00e1gnak ne kelljen napi egymilli\u00f3 eur\u00f3s b\u00edrs\u00e1got fizetnie az eur\u00f3pai k\u00fcls\u0151 hat\u00e1rok v\u00e9delmekor alkalmazott menek\u00fclt\u00fcgyi szab\u00e1lyok miatt\u201d.<\/p>\n<p>A minisztereln\u00f6k jelezte: Magyarorsz\u00e1g a tov\u00e1bbiakban is megv\u00e9di a hat\u00e1rait, \u00e9s az eddig kiszabott b\u00edrs\u00e1g j\u00f3v\u00e1\u00edr\u00e1s\u00e1t fogja k\u00e9rni az \u00faj uni\u00f3s k\u00f6lts\u00e9gvet\u00e9s t\u00e1rgyal\u00e1sakor. Azt is hangs\u00falyozta, hogy a Tisza-korm\u00e1ny sz\u00e1m\u00e1ra a legfontosabb a magyar emberek \u00e9s v\u00e1llalkoz\u00e1sok \u00e9rdek\u00e9nek k\u00e9pviselete, \u00e9s az uni\u00f3s d\u00f6nt\u00e9shozatal sor\u00e1n senkinek nem ad \u201ebiank\u00f3 csekket\u201d.<\/p>\n<p>Eml\u00e9keztetett tov\u00e1bb\u00e1 arra, hogy szerda este, a korm\u00e1ny\u00fcl\u00e9s ut\u00e1n <a href=\"https:\/\/hvg.hu\/gazdasag\/20260828_antonio-costa-budapest-europai-tanacs-elnok\" target=\"_self\" rel=\"nofollow noopener\">fogadja Ant\u00f3nio Cost\u00e1t, az Eur\u00f3pai Tan\u00e1cs eln\u00f6k\u00e9t<\/a>, akivel az uni\u00f3 \u00faj h\u00e9t\u00e9ves k\u00f6lts\u00e9gvet\u00e9s\u00e9r\u0151l \u00e9s az Eur\u00f3pa el\u0151tt \u00e1ll\u00f3 kih\u00edv\u00e1sokr\u00f3l t\u00e1rgyal majd.<\/p>\n","protected":false},"excerpt":{"rendered":"\u00d6r\u00f6mmel csatlakozik a Tisza az Eur\u00f3pai N\u00e9pp\u00e1rthoz, miut\u00e1n az uni\u00f3s int\u00e9zm\u00e9nyek lez\u00e1rt\u00e1k a Magyarorsz\u00e1ggal szemben ind\u00edtott 7-es cikkelyes&hellip;\n","protected":false},"author":2,"featured_media":229665,"comment_status":"","ping_status":"","sticky":false,"template":"","format":"standard","meta":{"footnotes":"","_share_on_mastodon":"0"},"categories":[6],"tags":[1432,60843,429,44,42,40,43,944,41,14138,99],"class_list":["post-229664","post","type-post","status-publish","format-standard","has-post-thumbnail","category-magyarorszag","tag-birsag","tag-europai-neppart-epp","tag-europai-unio","tag-hu","tag-hungarian","tag-hungary","tag-magyar","tag-magyar-peter","tag-magyarorszag","tag-manfred-weber","tag-politika"],"share_on_mastodon":{"url":"https:\/\/pubeurope.com\/@hu\/117200337279720108","error":""},"_links":{"self":[{"href":"https:\/\/www.europesays.com\/hu\/wp-json\/wp\/v2\/posts\/229664","targetHints":{"allow":["GET"]}}],"collection":[{"href":"https:\/\/www.europesays.com\/hu\/wp-json\/wp\/v2\/posts"}],"about":[{"href":"https:\/\/www.europesays.com\/hu\/wp-json\/wp\/v2\/types\/post"}],"author":[{"embeddable":true,"href":"https:\/\/www.europesays.com\/hu\/wp-json\/wp\/v2\/users\/2"}],"replies":[{"embeddable":true,"href":"https:\/\/www.europesays.com\/hu\/wp-json\/wp\/v2\/comments?post=229664"}],"version-history":[{"count":0,"href":"https:\/\/www.europesays.com\/hu\/wp-json\/wp\/v2\/posts\/229664\/revisions"}],"wp:featuredmedia":[{"embeddable":true,"href":"https:\/\/www.europesays.com\/hu\/wp-json\/wp\/v2\/media\/229665"}],"wp:attachment":[{"href":"https:\/\/www.europesays.com\/hu\/wp-json\/wp\/v2\/media?parent=229664"}],"wp:term":[{"taxonomy":"category","embeddable":true,"href":"https:\/\/www.europesays.com\/hu\/wp-json\/wp\/v2\/categories?post=229664"},{"taxonomy":"post_tag","embeddable":true,"href":"https:\/\/www.europesays.com\/hu\/wp-json\/wp\/v2\/tags?post=229664"}],"curies":[{"name":"wp","href":"https:\/\/api.w.org\/{rel}","templated":true}]}}