{"id":229690,"date":"2026-09-02T08:08:10","date_gmt":"2026-09-02T08:08:10","guid":{"rendered":"https:\/\/www.europesays.com\/hu\/229690\/"},"modified":"2026-09-02T08:08:10","modified_gmt":"2026-09-02T08:08:10","slug":"tortenelmi-transzfert-hozott-az-atigazolasi-hajra-enzo-fernandez-az-elso-akiert-ketszer-is-100-millio-font-felett-fizettek","status":"publish","type":"post","link":"https:\/\/www.europesays.com\/hu\/229690\/","title":{"rendered":"T\u00f6rt\u00e9nelmi transzfert hozott az \u00e1tigazol\u00e1si hajr\u00e1: Enzo Fern\u00e1ndez az els\u0151, aki\u00e9rt k\u00e9tszer is 100 milli\u00f3 font felett fizettek"},"content":{"rendered":"<p>A vil\u00e1gbajnok Enzo Fern\u00e1ndez a Chelsea-t\u0151l a Manchester City labdar\u00fag\u00f3csapat\u00e1hoz szerz\u0151d\u00f6tt. A manchesteri egy\u00fcttes kedd este jelentette be az argentin k\u00f6z\u00e9pp\u00e1ly\u00e1s leigazol\u00e1s\u00e1t, aki\u00e9rt \u2013 sajt\u00f3\u00e9rtes\u00fcl\u00e9sek szerint \u2013 125 milli\u00f3 fontot (mintegy 53,5 milli\u00e1rd forintot) fizetett londoni riv\u00e1lis\u00e1nak.<\/p>\n<p>Fern\u00e1ndez ezzel az els\u0151 olyan labdar\u00fag\u00f3, aki\u00e9rt k\u00e9tszer is t\u00f6bb mint 100 milli\u00f3 font f\u00f6l\u00f6tti \u00f6sszeget adtak ki,<\/p>\n<p>miut\u00e1n a Chelsea 2023 janu\u00e1rj\u00e1ban mintegy 105 milli\u00f3t \u00e1ldozott r\u00e1, amikor megszerezte a Benfic\u00e1t\u00f3l.<\/p>\n<p dir=\"ltr\" lang=\"es\">Enzo Fern\u00e1ndez is here \ud83e\udd1d <a target=\"_blank\" href=\"https:\/\/t.co\/NWyxbpGquy\" rel=\"nofollow\">pic.twitter.com\/NWyxbpGquy<\/a><\/p>\n<p>\u2014 Manchester City (@ManCity) <a target=\"_blank\" href=\"https:\/\/x.com\/ManCity\/status\/2094917548840013899?ref_src=twsrc%5Etfw\" rel=\"nofollow\">September 1, 2026<\/a><\/p>\n<p>A 25 \u00e9ves j\u00e1t\u00e9kos \u2013 aki 2022-ben vb-arany\u00e9rmes, id\u00e9n ez\u00fcst\u00e9rmes volt haz\u00e1ja v\u00e1logatottj\u00e1val \u2013 a londoniakn\u00e1l 170 t\u00e9tm\u00e9rk\u0151z\u00e9sen 31 g\u00f3lt szerzett, a klubbal tavaly Konferencia Lig\u00e1t \u00e9s klubvil\u00e1gbajnoks\u00e1got is nyert, \u00edrja az MTI.<\/p>\n<p>Fern\u00e1ndez ezzel be\u00e1ll\u00edtotta a brit \u00e1tigazol\u00e1si rekordot, melyet holtversenyben tart Alexander Isakkal: a sv\u00e9d t\u00e1mad\u00f3 tavaly ugyanennyi\u00e9rt szerz\u0151d\u00f6tt Newcastle-b\u0151l a Liverpoolhoz.<\/p>\n<p>\t\t<script async src=\"https:\/\/platform.twitter.com\/widgets.js\" charset=\"utf-8\"><\/script><\/p>\n","protected":false},"excerpt":{"rendered":"A vil\u00e1gbajnok Enzo Fern\u00e1ndez a Chelsea-t\u0151l a Manchester City labdar\u00fag\u00f3csapat\u00e1hoz szerz\u0151d\u00f6tt. A manchesteri egy\u00fcttes kedd este jelentette be&hellip;\n","protected":false},"author":2,"featured_media":229691,"comment_status":"","ping_status":"","sticky":false,"template":"","format":"standard","meta":{"footnotes":"","_share_on_mastodon":"0"},"categories":[14],"tags":[4539,7353,28151,44,42,40,502,43,41,2311,698,45,131],"class_list":["post-229690","post","type-post","status-publish","format-standard","has-post-thumbnail","category-sport","tag-angol-foci","tag-chelsea","tag-enzo-fernandez","tag-hu","tag-hungarian","tag-hungary","tag-labdarugas","tag-magyar","tag-magyarorszag","tag-manchester-city","tag-premier-league","tag-sport","tag-sports"],"share_on_mastodon":{"url":"https:\/\/pubeurope.com\/@hu\/117200427783369076","error":""},"_links":{"self":[{"href":"https:\/\/www.europesays.com\/hu\/wp-json\/wp\/v2\/posts\/229690","targetHints":{"allow":["GET"]}}],"collection":[{"href":"https:\/\/www.europesays.com\/hu\/wp-json\/wp\/v2\/posts"}],"about":[{"href":"https:\/\/www.europesays.com\/hu\/wp-json\/wp\/v2\/types\/post"}],"author":[{"embeddable":true,"href":"https:\/\/www.europesays.com\/hu\/wp-json\/wp\/v2\/users\/2"}],"replies":[{"embeddable":true,"href":"https:\/\/www.europesays.com\/hu\/wp-json\/wp\/v2\/comments?post=229690"}],"version-history":[{"count":0,"href":"https:\/\/www.europesays.com\/hu\/wp-json\/wp\/v2\/posts\/229690\/revisions"}],"wp:featuredmedia":[{"embeddable":true,"href":"https:\/\/www.europesays.com\/hu\/wp-json\/wp\/v2\/media\/229691"}],"wp:attachment":[{"href":"https:\/\/www.europesays.com\/hu\/wp-json\/wp\/v2\/media?parent=229690"}],"wp:term":[{"taxonomy":"category","embeddable":true,"href":"https:\/\/www.europesays.com\/hu\/wp-json\/wp\/v2\/categories?post=229690"},{"taxonomy":"post_tag","embeddable":true,"href":"https:\/\/www.europesays.com\/hu\/wp-json\/wp\/v2\/tags?post=229690"}],"curies":[{"name":"wp","href":"https:\/\/api.w.org\/{rel}","templated":true}]}}