{"id":229706,"date":"2026-09-02T08:28:09","date_gmt":"2026-09-02T08:28:09","guid":{"rendered":"https:\/\/www.europesays.com\/hu\/229706\/"},"modified":"2026-09-02T08:28:09","modified_gmt":"2026-09-02T08:28:09","slug":"index-fomo-rohadjon-meg-majkat-kiraboltak-a-las-vegas-i-pokerversenyen","status":"publish","type":"post","link":"https:\/\/www.europesays.com\/hu\/229706\/","title":{"rendered":"Index &#8211; FOMO &#8211; \u201eRohadjon meg!\u201d \u2013 Majk\u00e1t kirabolt\u00e1k a Las Vegas-i p\u00f3kerversenyen"},"content":{"rendered":"<p>A J\u00f3lvanez\u00edgy YouTube-csatorna \u0151szi visszat\u00e9r\u0151 \u00e9vad\u00e1nak els\u0151 vend\u00e9ge Majka volt, aki nem mellesleg a Heti Hetesben is egy\u00fctt dolgozik annak m\u0171sorvezet\u0151j\u00e9vel, Nagy \u00c1d\u00e1mmal. A deb\u00fct\u00e1l\u00f3 epiz\u00f3dban az aktualit\u00e1sok mellett besz\u00e9ltek az AI el\u0151nyeir\u0151l \u00e9s h\u00e1tr\u00e1nyair\u00f3l, a v\u00edzhi\u00e1nyr\u00f3l, illetve Magyar P\u00e9ter Redditen val\u00f3\u00a0\u201e\u0151rj\u00f6ng\u00e9s\u00e9r\u0151l\u201d, \u00e9s sz\u00f3ba ker\u00fclt Szijj\u00e1rt\u00f3 P\u00e9ter volt k\u00fcl\u00fcgyminiszter is. Ahogy Majka kiemelte, nagyon zavarja, ha megk\u00e9rd\u0151jelezik az \u0151szintes\u00e9g\u00e9t, \u00e9s az is, hogy napraforg\u00f3nak \u00e1ll\u00edtott\u00e1k be \u0151t \u2013 t\u00f6bbek k\u00f6z\u00f6tt a k\u00f6z\u00f6s k\u00e9p miatt, amelyet Szijj\u00e1rt\u00f3 osztott meg a k\u00f6z\u00f6ss\u00e9gi oldal\u00e1n.\u00a0<\/p>\n<p>\u0150 osztotta meg, \u00e9n sose tettem ki sehova. Beleszaladtunk abba, hogy ebb\u0151l politikai h\u00edrver\u00e9st csin\u00e1ltak. De meg\u00edrtam ezt is, hogy tanulunk bel\u0151le. Van ilyen, hogy amikor elindulsz, hogy j\u00f3t t\u00e9gy, azt gondolod, hogy majd most akkor tudsz seg\u00edteni, vagy valami olyan dolgot csin\u00e1lni, ami t\u00e9nyleg sz\u00e1m\u00edt, \u00e9s akkor ut\u00e1na beleszaladsz egy ilyen pofonba. Akkor szerintem az egy j\u00f3 tanul\u00f3p\u00e9nz volt<\/p>\n<p>\u2013 jelentette ki, majd a m\u0171sorvezet\u0151 a TV2-vel kapcsolatban is k\u00e9rdezte \u0151t, miszerint nem pr\u00f3b\u00e1lt\u00e1k-e visszacs\u00e1b\u00edtani, amire sokat sejtet\u0151en mosolygott, kijelentve: \u201eHa pr\u00f3b\u00e1ltak se besz\u00e9ln\u00e9k r\u00f3la, mert nem mentem, \u00e9s nem is fogok.\u201d<\/p>\n<p>A m\u0171sorban Majka megeml\u00edtette a Las Vegas-i\u00a0World Series of Poker idei verseny\u00e9t is, amelyen k\u00e9t hetet <a href=\"https:\/\/index.hu\/mindekozben\/poszt\/2026\/07\/11\/majka-ujra-las-vegasban-pokerezik\/\" id=\"hyperlink_a2f0afefaa927a3646ba31f3c3522203\" target=\"_blank\" title=\"Majka \u00fajra besz\u00e1llt a nagy Las Vegas-i p\u00f3kerj\u00e1tszm\u00e1ba, d\u00f6bbenetes \u00f6sszeg forog kock\u00e1n\" rel=\"nofollow noopener\">t\u00f6lt\u00f6tt<\/a>, \u00e9s \u00e1ll\u00edt\u00e1sa szerint a helysz\u00ednen kirabolt\u00e1k.\u00a0<\/p>\n<p>Gyakorlatilag elrabolt\u00e1k a t\u00e1sk\u00e1mat a kaszin\u00f3ban. Felakasztottam a sz\u00e9kre, \u00e9s megk\u00e9rdeztem a dealert egy sz\u00fcnetn\u00e9l, hogy itt hagyhatom-e az asztalon, \u00e9s elvitt\u00e9k. H\u00e1l\u2019 istennek egy viszonylag dr\u00e1g\u00e1bb t\u00e1ska volt, amiben benne volt egy kis t\u00e1ska, amiben a kis cuccaim vannak \u2013 azt mindet elvitt\u00e9k a k\u00e1rty\u00e1immal meg mindennel, meg volt benne egy-k\u00e9t szem\u00e9lyes dolog, de azok teljesen p\u00f3tolhat\u00f3ak<\/p>\n<p>\u2013 mondta, hozz\u00e1t\u00e9ve: \u201eAz egyetlen szerencs\u00e9m az az volt, hogy miel\u0151tt le\u00fclsz j\u00e1tszani egy asztalhoz, a dealer elk\u00e9ri az ID-dat, hogy zsetont adjon neked, meg hogy ki vagy, \u00e9s mi\u00e9rt \u00fclsz le oda. \u00c9s az \u00fatlevelet, amit kivettem, ut\u00e1na a zsebembe tettem vissza, nem a t\u00e1sk\u00e1ba, ahol volt eredetileg. \u00c9s az benne volt a zsebemben \u2013 ez k\u00e9t nappal az indul\u00e1s el\u0151tt t\u00f6rt\u00e9nt. \u00dagyhogy gondold el, mehettem volna a Los Angeles-i nagyk\u00f6vets\u00e9gre ideiglenes \u00fatlev\u00e9l\u00e9rt, hogy haza tudjak j\u00f6nni.\u201d<\/p>\n<p>Az esettel kapcsolatban \u00fagy fogalmazott, b\u00e1r az ember azt hinn\u00e9, hogy egy kaszin\u00f3 kell\u0151en be van kamer\u00e1zva ahhoz, hogy ez ne forduljon el\u0151, de elmond\u00e1sa szerint az, aki elvitte a t\u00e1sk\u00e1j\u00e1t, pontosan tiszt\u00e1ban volt azzal, mi a menete egy ilyen b\u0171ncselekm\u00e9ny bejelent\u00e9s\u00e9nek. Felh\u00edvta a biztons\u00e1gi szolg\u00e1latot, hogy n\u00e9zz\u00e9k meg, ki lehetett a tettes, akik felvil\u00e1gos\u00edtott\u00e1k \u0151t arr\u00f3l, hogy el\u0151bb ki kell t\u00f6lteni\u00fck egy pap\u00edrt, illetve a rend\u0151rs\u00e9gnek kell jelezni az esetet, akiknek a helysz\u00ednre val\u00f3 ki\u00e9rkez\u00e9st k\u00f6vet\u0151en adj\u00e1k \u00e1t a felv\u00e9telt, \u00edgy tal\u00e1n el\u0151ker\u00fcl a t\u00e1ska. Mint mondta, m\u00e9rlegelnie kellett, hogy emiatt hajland\u00f3-e otthagyni a versenyt, megkock\u00e1ztatva annak es\u00e9ly\u00e9t, hogy ak\u00e1r m\u00e9g t\u00f6bb <a href=\"https:\/\/index.hu\/kultur\/2026\/07\/20\/majka-poker-verseny-las-vegas-penz-nyeremeny-koncert-jet-lag\/\" id=\"hyperlink_7e3319765eda7099c9fda34b731718dd\" target=\"_blank\" title=\"Majka el\u00e1rulta, mennyit kasz\u00e1lt a Las Vegas-i p\u00f3kertorn\u00e1kon\" rel=\"nofollow noopener\">p\u00e9nzt nyerjen<\/a>.\u00a0<\/p>\n<p>V\u00e9geztem hajnal f\u00e9l h\u00e1romra, elmentem az office-ba, mondtam a cs\u00e1v\u00f3nak, hogy \u00e9n vagyok az. Akkor kij\u00f6tt, al\u00e1\u00edrtuk a pap\u00edrt. Mondta: \u00bbJ\u00f3, akkor h\u00edvjunk-e rend\u0151rs\u00e9get?\u00ab F\u00e9l h\u00e1romn\u00e1l j\u00e1runk, most m\u00e1r k\u00e9t \u00e9s f\u00e9l \u00f3ra eltelt. H\u00edvjunk rend\u0151rs\u00e9get. Mondom, mennyi id\u0151, m\u00edg kij\u00f6n a rend\u0151rs\u00e9g? \u00bbH\u00e1t, az k\u00f6r\u00fclbel\u00fcl ilyen 3-4 \u00f3ra, mire megt\u00f6rt\u00e9nik minden\u00ab. Ut\u00e1na 5:30, akkor m\u00e9g haza kell mennem, le kell fek\u00fcdjek, \u00e9s m\u00e1snap 11 \u00f3rakor j\u00f6n a Day 2.\u00a0Teh\u00e1t vissza kell menj\u00e9l oda viszonylag norm\u00e1lisan. \u00c9s akkor m\u00e9rlegelsz, hogy feladod<\/p>\n<p>\u2013 fejtette ki, megjegyezve, v\u00e9g\u00fcl letiltotta az \u00f6sszes bankk\u00e1rty\u00e1j\u00e1t, \u00e9s \u00e1ll\u00edtja, a tettes pontosan tudta, hogy ez \u00edgy fog t\u00f6rt\u00e9nni.<\/p>\n<p>\u00dczenem neki \u2013 b\u00e1r \u00fagyse \u00e9rti \u00e9s nem hallja, kiv\u00e9ve ha nem valami magyar volt \u2013, rohadjon meg!<\/p>\n<p>\n                          (Bor\u00edt\u00f3k\u00e9p: Majka 2026. j\u00falius 23-\u00e1n. Fot\u00f3:\u00a0Szoll\u00e1r Zs\u00f3fi \/ Index)\u00a0\n                        <\/p>\n<p><a href=\"https:\/\/dex.hu\/x.php?id=googlepref_desktop&amp;url=https:\/\/google.com\/preferences\/source?q=https:\/\/index.hu\" class=\"google-pref-banner \" id=\"googlePrefBanner\" rel=\"nofollow noopener\" target=\"_blank\"><\/p>\n<p>    Itt \u00e1ll\u00edtsa be, hogy az Index az els\u0151k k\u00f6z\u00f6tt legyen a Google-tal\u00e1latokban!<\/p>\n<p><\/a><\/p>\n<p>    <img decoding=\"async\" src=\"https:\/\/index.hu\/assets\/images\/social-follow\/logo-big.svg\" alt=\"Index.hu logo\"\/><\/p>\n<p>K\u00f6vesse az Indexet Facebookon is!<\/p>\n<p>    <a href=\"https:\/\/facebook.com\/Indexhu\" target=\"_blank\" rel=\"nofollow noopener\"><\/p>\n<p>        K\u00f6vetem!<br \/>\n    <\/a><\/p>\n","protected":false},"excerpt":{"rendered":"A J\u00f3lvanez\u00edgy YouTube-csatorna \u0151szi visszat\u00e9r\u0151 \u00e9vad\u00e1nak els\u0151 vend\u00e9ge Majka volt, aki nem mellesleg a Heti Hetesben is egy\u00fctt&hellip;\n","protected":false},"author":2,"featured_media":229707,"comment_status":"","ping_status":"","sticky":false,"template":"","format":"standard","meta":{"footnotes":"","_share_on_mastodon":"0"},"categories":[8],"tags":[185,42,60846,14385,43,2260,34,31520,4586,94,93,92],"class_list":["post-229706","post","type-post","status-publish","format-standard","has-post-thumbnail","category-vilag","tag-fomo","tag-hungarian","tag-jolvanezigy","tag-las-vegas","tag-magyar","tag-majka","tag-news","tag-pokerverseny","tag-rablas","tag-vilag","tag-world","tag-world-news"],"share_on_mastodon":{"url":"https:\/\/pubeurope.com\/@hu\/117200507277506928","error":""},"_links":{"self":[{"href":"https:\/\/www.europesays.com\/hu\/wp-json\/wp\/v2\/posts\/229706","targetHints":{"allow":["GET"]}}],"collection":[{"href":"https:\/\/www.europesays.com\/hu\/wp-json\/wp\/v2\/posts"}],"about":[{"href":"https:\/\/www.europesays.com\/hu\/wp-json\/wp\/v2\/types\/post"}],"author":[{"embeddable":true,"href":"https:\/\/www.europesays.com\/hu\/wp-json\/wp\/v2\/users\/2"}],"replies":[{"embeddable":true,"href":"https:\/\/www.europesays.com\/hu\/wp-json\/wp\/v2\/comments?post=229706"}],"version-history":[{"count":0,"href":"https:\/\/www.europesays.com\/hu\/wp-json\/wp\/v2\/posts\/229706\/revisions"}],"wp:featuredmedia":[{"embeddable":true,"href":"https:\/\/www.europesays.com\/hu\/wp-json\/wp\/v2\/media\/229707"}],"wp:attachment":[{"href":"https:\/\/www.europesays.com\/hu\/wp-json\/wp\/v2\/media?parent=229706"}],"wp:term":[{"taxonomy":"category","embeddable":true,"href":"https:\/\/www.europesays.com\/hu\/wp-json\/wp\/v2\/categories?post=229706"},{"taxonomy":"post_tag","embeddable":true,"href":"https:\/\/www.europesays.com\/hu\/wp-json\/wp\/v2\/tags?post=229706"}],"curies":[{"name":"wp","href":"https:\/\/api.w.org\/{rel}","templated":true}]}}