{"id":229732,"date":"2026-09-02T09:05:07","date_gmt":"2026-09-02T09:05:07","guid":{"rendered":"https:\/\/www.europesays.com\/hu\/229732\/"},"modified":"2026-09-02T09:05:07","modified_gmt":"2026-09-02T09:05:07","slug":"kult-bodrogi-gyula-vidnyanszkyrol-tul-sok-mindent-vallalt-eppen-eleg-lett-volna-ha-csak-a-nemzeti-szinhazat-igazgatja","status":"publish","type":"post","link":"https:\/\/www.europesays.com\/hu\/229732\/","title":{"rendered":"Kult: Bodrogi Gyula Vidny\u00e1nszkyr\u00f3l: T\u00fal sok mindent v\u00e1llalt, \u00e9ppen el\u00e9g lett volna, ha csak a Nemzeti Sz\u00ednh\u00e1zat igazgatja"},"content":{"rendered":"<p>Amikor 2012-ben meg\u00e9rkezett a Nemzeti Sz\u00ednh\u00e1z \u00e9l\u00e9re, \u00f6r\u00fclt\u00fcnk neki, t\u00e1rt karokkal v\u00e1rtuk. Azt\u00e1n t\u00fal sok mindent v\u00e1llalt, neki is megmondtam, \u00e9ppen el\u00e9g lett volna, ha \u00bbcsak\u00ab a Nemzeti Sz\u00ednh\u00e1zat igazgatja<\/p>\n<p>\u2013 mondta Bodrogi Gyula a Best Magazinnak adott interj\u00faj\u00e1ban Vidny\u00e1nszky Attil\u00e1r\u00f3l.<\/p>\n<p> <a href=\"https:\/\/hvg.hu\/kultura\/20260604_bodrogi-gyula-labtores-gyogyulas-kerekesszek-bot-szinhaz-munka\" target=\"_self\" rel=\"nofollow noopener\"> <\/p>\n<p>https:\/\/hvg.hu\/kultura\/20260604_bodrogi-gyula-labtores-gyogyulas-kerekesszek-bot-szinhaz-munka<\/p>\n<p>A Kossuth- \u00e9s k\u00e9tszeres J\u00e1szai Mari-d\u00edjas sz\u00ednm\u0171v\u00e9sz \u00e1ll\u00edt\u00e1sa szerint azonban a kultur\u00e1lis \u00e9s politikai \u00e9let h\u00edrei helyett ink\u00e1bb a sportk\u00f6zvet\u00edt\u00e9seket n\u00e9zi a t\u00e9v\u00e9ben. \u201eA bokszmeccseket nagyon szeretem, a bokszol\u00f3k ugyanis p\u00e9lda\u00e9rt\u00e9k\u0171en k\u00fczdenek egym\u00e1ssal a ringben. Amikor a meccsnek v\u00e9ge, a b\u00edr\u00f3 felemeli a gy\u0151ztes kez\u00e9t, a versenyz\u0151k pedig ezt k\u00f6vet\u0151en meg\u00f6lelik egym\u00e1st. Ezt a r\u00e9sz\u00e9t szeretem legjobban a m\u00e9rk\u0151z\u00e9snek, ilyen jelenetet \u00e9n m\u00e9g nem l\u00e1ttam a magyar parlamentben\u201d \u2013 jelentette ki a Nemzet Sz\u00edn\u00e9sze, aki az interj\u00faban a h\u00e1bor\u00fas \u00e9vekben t\u00f6lt\u00f6tt gyerekkor\u00e1r\u00f3l is mes\u00e9lt \u00e9s a sz\u00edn\u00e9szi hivat\u00e1sr\u00f3l is megosztotta gondolatait.<\/p>\n<p>H\u00e1rom ir\u00e1nyelvem volt annak idej\u00e9n, amikor ez a p\u00e1lya kiv\u00e1lasztott engem. Ismerjenek, szeressenek \u00e9s elismerjenek. [&#8230;] A szeretettel soha semmilyen k\u00f6r\u00fclm\u00e9nyek k\u00f6z\u00f6tt nem szabad vissza\u00e9lni, m\u00e9g 93 \u00e9vesen a Nemzeti Sz\u00edn\u00e9szek\u00e9nt sem. Ami a v\u00e9gs\u0151 sz\u00e1mvet\u00e9sn\u00e9l fontos lesz sz\u00e1momra, hogy tiszta lelkiismerettel t\u00e1vozzak. \u00c9n soha senkinek nem \u00e1rtottam <\/p>\n<p>\u2013 mondta Bodrogi Gyula.<\/p>\n<p>A Vidny\u00e1nszky Attila \u00e1ltal vezetett Nemzeti Sz\u00ednh\u00e1zban (m\u00e1s int\u00e9zm\u00e9nyekhez hasonl\u00f3an) nemr\u00e9g szakszer\u0171s\u00e9gi \u00e9s hat\u00e9konys\u00e1gi \u00e1tvil\u00e1g\u00edt\u00e1s indult. A f\u0151igazgat\u00f3 az els\u0151 reakci\u00f3k <a href=\"https:\/\/hvg.hu\/kultura\/20260814_vidnyanszky-attila-nemzeti-szinhaz-atvilagitas-tarr-zoltan-menesztes\" target=\"_self\" rel=\"nofollow noopener\">alapj\u00e1n<\/a> att\u00f3l tartott, hogy a vizsg\u00e1lat egy \u201e\u00fcr\u00fcgykeres\u00e9s\u201d lesz az \u201eideol\u00f3giai okokb\u00f3l\u201d t\u00f6rt\u00e9n\u0151 elbocs\u00e1t\u00e1s\u00e1ra, ugyanakkor jelezte, hogy meg\u00e9rtette \u00e9s elfogadja az \u00e1tvil\u00e1g\u00edt\u00e1si protokollt, \u00e9s k\u00e9sz az egy\u00fcttm\u0171k\u00f6d\u00e9sre.<\/p>\n<p>(via <a href=\"https:\/\/www.blikk.hu\/sztarvilag\/hazai-sztarok\/bodrogi-gyula-vidnyanszky-attila-nemzeti-szinhaz\/8m0tpgl\" target=\"_blank\" rel=\"nofollow noopener\">Blikk<\/a>)<\/p>\n<p> <a href=\"https:\/\/hvg.hu\/kultura\/20260817_vidnyanszky-szinhazi-szervezete-stop-fenyegetes-stop-megbelyegzes\" target=\"_self\" rel=\"nofollow noopener\"> <\/p>\n<p>https:\/\/hvg.hu\/kultura\/20260817_vidnyanszky-szinhazi-szervezete-stop-fenyegetes-stop-megbelyegzes<\/p>\n","protected":false},"excerpt":{"rendered":"Amikor 2012-ben meg\u00e9rkezett a Nemzeti Sz\u00ednh\u00e1z \u00e9l\u00e9re, \u00f6r\u00fclt\u00fcnk neki, t\u00e1rt karokkal v\u00e1rtuk. Azt\u00e1n t\u00fal sok mindent v\u00e1llalt, neki&hellip;\n","protected":false},"author":2,"featured_media":229733,"comment_status":"","ping_status":"","sticky":false,"template":"","format":"standard","meta":{"footnotes":"","_share_on_mastodon":"0"},"categories":[16],"tags":[1276,137,44,42,40,43,41,22567,6740,144,1650,138,20823],"class_list":["post-229732","post","type-post","status-publish","format-standard","has-post-thumbnail","category-szorakozas","tag-bodrogi-gyula","tag-entertainment","tag-hu","tag-hungarian","tag-hungary","tag-magyar","tag-magyarorszag","tag-nemzet-szinesze","tag-nemzeti-szinhaz","tag-szinesz","tag-szinhaz","tag-szorakozas","tag-vidnyanszky-attila"],"share_on_mastodon":{"url":"https:\/\/pubeurope.com\/@hu\/117200651728208752","error":""},"_links":{"self":[{"href":"https:\/\/www.europesays.com\/hu\/wp-json\/wp\/v2\/posts\/229732","targetHints":{"allow":["GET"]}}],"collection":[{"href":"https:\/\/www.europesays.com\/hu\/wp-json\/wp\/v2\/posts"}],"about":[{"href":"https:\/\/www.europesays.com\/hu\/wp-json\/wp\/v2\/types\/post"}],"author":[{"embeddable":true,"href":"https:\/\/www.europesays.com\/hu\/wp-json\/wp\/v2\/users\/2"}],"replies":[{"embeddable":true,"href":"https:\/\/www.europesays.com\/hu\/wp-json\/wp\/v2\/comments?post=229732"}],"version-history":[{"count":0,"href":"https:\/\/www.europesays.com\/hu\/wp-json\/wp\/v2\/posts\/229732\/revisions"}],"wp:featuredmedia":[{"embeddable":true,"href":"https:\/\/www.europesays.com\/hu\/wp-json\/wp\/v2\/media\/229733"}],"wp:attachment":[{"href":"https:\/\/www.europesays.com\/hu\/wp-json\/wp\/v2\/media?parent=229732"}],"wp:term":[{"taxonomy":"category","embeddable":true,"href":"https:\/\/www.europesays.com\/hu\/wp-json\/wp\/v2\/categories?post=229732"},{"taxonomy":"post_tag","embeddable":true,"href":"https:\/\/www.europesays.com\/hu\/wp-json\/wp\/v2\/tags?post=229732"}],"curies":[{"name":"wp","href":"https:\/\/api.w.org\/{rel}","templated":true}]}}