{"id":229750,"date":"2026-09-02T09:14:08","date_gmt":"2026-09-02T09:14:08","guid":{"rendered":"https:\/\/www.europesays.com\/hu\/229750\/"},"modified":"2026-09-02T09:14:08","modified_gmt":"2026-09-02T09:14:08","slug":"gorog-zitat-megviseli-betegsege-gyogyszeres-kezelest-kap","status":"publish","type":"post","link":"https:\/\/www.europesays.com\/hu\/229750\/","title":{"rendered":"G\u00f6r\u00f6g Zit\u00e1t megviseli betegs\u00e9ge, gy\u00f3gyszeres kezel\u00e9st kap"},"content":{"rendered":"<p>G\u00f6r\u00f6g Zita a<a href=\"https:\/\/www.noklapja.hu\/hetilap\/2026\/09\/02\/cimlapinterju-gorog-zita\/?tsrc=nlc_cross\" target=\"_blank\" rel=\"noopener noreferrer nofollow\"> N\u0151k Lapj\u00e1nak adott interj\u00faj\u00e1ban<\/a> el\u00e1rulta, hogy a perimenopauza mellett pajzsmirigybetegs\u00e9ggel is k\u00fczd, ami fizikai \u00e9s ment\u00e1lis <a href=\"https:\/\/nlc.hu\/sztarok\/20250918\/benned-elek-gorog-zita-es-lotti\/\" rel=\"nofollow noopener\" target=\"_blank\">kih\u00edv\u00e1sok el\u00e9 \u00e1ll\u00edtja<\/a>.<\/p>\n<p>Zita elmond\u00e1sa szerint a hormon\u00e1lis v\u00e1ltoz\u00e1sok azokat a n\u0151ket is el\u00e9rik, akik tudatosan \u00e9s eg\u00e9szs\u00e9gesen \u00e9lnek. N\u00e1la a betegs\u00e9g folyamatos kimer\u00fclts\u00e9gben nyilv\u00e1nult meg, v\u00e9g\u00fcl az orvosi vizsg\u00e1latok der\u00edtettek f\u00e9nyt a pajzsmirigyprobl\u00e9m\u00e1kra. A modell elmond\u00e1sa szerint a betegs\u00e9g \u00e9s a perimenopauza k\u00f6vetkezt\u00e9ben plusz t\u00edz kil\u00f3 szaladt fel r\u00e1. Folyamatosan dolgozik a testk\u00e9pe elfogad\u00e1s\u00e1n, \u00e9s azon, hogy mindez ne zavarja, hiszen mindj\u00e1rt \u00f6tven\u00e9ves lesz, \u00e9s fontosnak tartja az \u00f6nelfogad\u00e1st. A gy\u00f3gyul\u00e1s \u00e9s a szinten tart\u00e1s \u00e9rdek\u00e9ben k\u00e9nytelen volt elfogadni a gy\u00f3gyszeres kezel\u00e9st is.<\/p>\n<p><img fetchpriority=\"high\" decoding=\"async\" class=\"img-responsive aligncenter size-full wp-image-2178743\" src=\"https:\/\/www.europesays.com\/hu\/wp-content\/uploads\/2026\/09\/gorog-zita.jpeg\" alt=\"G\u00f6r\u00f6g Zit\u00e1t betegs\u00e9ge meggy\u00f6tri, 10 kil\u00f3 szaladt fel r\u00e1\" width=\"1280\" height=\"720\"   style=\"; margin-bottom: 0;\" loading=\"lazy\"\/>(Forr\u00e1s: RTL \/ Sajt\u00f3klub)<\/p>\n<p>Mint mondja, megtanulta, hogy nem kell mindig mindent egyed\u00fcl megoldania, \u00e9s a j\u00f6v\u0151ben arra t\u00f6rekszik, hogy a kezel\u00e9sekkel egy \u00e9lhet\u0151 rendszert alak\u00edtson ki, meggy\u00f3gyuljon, mik\u00f6zben tov\u00e1bbra is viszi a gyermekv\u00e9delmi projektjeit, illetve odafigyel a csal\u00e1dj\u00e1ra.<\/p>\n<p>Legink\u00e1bb az anyas\u00e1ggal kapcsolatban vannak f\u00e9lelmei<\/p>\n<p>\u201eAmi\u00f3ta az els\u0151 gyermekem megsz\u00fcletett, az\u00f3ta kikapcsolhatatlan az agg\u00f3d\u00e1s gomb, amit hol feljebb, hol lejjebb tekerek magamban. De nem akarom g\u00f6rcs\u00f6sen tudni mindig, hogy ki hol van, mit csin\u00e1l \u2013 h\u00fasz- \u00e9s tizennyolc \u00e9vesek \u2013, mert szerintem laza is vagyok, de bel\u00fcl az\u00e9rt ez folyamatosan ott munk\u00e1l bennem\u201d \u2013 <a href=\"https:\/\/nlc.hu\/csalad\/20260611\/gorog-zita-hoztam-kemeny-dontes\/\" rel=\"nofollow noopener\" target=\"_blank\">mondta kor\u00e1bban<\/a> a GLAMOUR magazinnak adott c\u00edmlapinterj\u00faj\u00e1ban.<\/p>\n<p>G\u00f6r\u00f6g Zita az elm\u00falt h\u00f3napokban t\u00f6bbsz\u00f6r is felemelte hangj\u00e1t a <a href=\"https:\/\/nlc.hu\/sztarok\/20260430\/gorog-zita-gyermekbantalmazas-karateedzo\/\" rel=\"nofollow noopener\" target=\"_blank\">gyermekek v\u00e9delm\u00e9nek \u00fcgy\u00e9ben<\/a>.<\/p>\n<p>Tavaly szeptemberben a Sz\u0151l\u0151 utcai gyermekotthon botr\u00e1nyaival kapcsolatban p\u00e9ld\u00e1ul \u00edgy reag\u00e1lt:<\/p>\n<p>\u201eMeddig m\u00e9g? Meddig mocskolj\u00e1tok kezeiteket? Meddig ereszkedtek ebben a f\u00f6ldi pokolban, amiben \u00e9ltek \u00e9s gyerekek \u00e9leteit teszitek t\u00f6nkre? Ez az igazi Ki-mit-tud?, ugye? Mert k\u00f6tve hiszem, hogy \u0151szinte bar\u00e1ts\u00e1g miatt hallgat b\u00e1rki is! Ne csak akkor legyen m\u00e1r t\u00f6k\u00f6s, amikor egy kiszolg\u00e1ltatott gyereket haszn\u00e1l! Valaki t\u00e9rjen m\u00e1r meg! Vesse mag\u00e1n a keresztet \u0151szint\u00e9n! T\u00e9rjen \u00e9szhez! Valaki mondjon le arr\u00f3l, amit cser\u00e9be kap (kaphat, kapott) B\u0171n\u00f6s\u00f6k k\u00f6zt\u2026 tudj\u00e1tok! Milyen \u00edgy \u00e9lni? Hogy a \u201cb\u00e1rmit megtehetek\u201d k\u00f6z\u00e9 tartozik kiszolg\u00e1ltatott gyerekek rendel\u00e9se? Milyen \u00e9rz\u00e9s? Izgi? Fot\u00f3k alapj\u00e1n zajlik\/zajlott? Any\u00e1nak (ha van) otthon mit mondtatok?\u201d \u2013 fogalmazott akkor G\u00f6r\u00f6g Zita, aki bejegyz\u00e9s\u00e9nek folytat\u00e1s\u00e1ban k\u00fcl\u00f6n hangs\u00falyozta, a k\u00e9rd\u00e9st: \u201eMikor lesz v\u00e9ge m\u00e1r?\u201d.<\/p>\n<p>\u00a0<\/p>\n","protected":false},"excerpt":{"rendered":"G\u00f6r\u00f6g Zita a N\u0151k Lapj\u00e1nak adott interj\u00faj\u00e1ban el\u00e1rulta, hogy a perimenopauza mellett pajzsmirigybetegs\u00e9ggel is k\u00fczd, ami fizikai \u00e9s&hellip;\n","protected":false},"author":2,"featured_media":229751,"comment_status":"","ping_status":"","sticky":false,"template":"","format":"standard","meta":{"footnotes":"","_share_on_mastodon":"0"},"categories":[21],"tags":[146,198,24634,137,7777,199,9599,44,42,40,43,41,138,235],"class_list":["post-229750","post","type-post","status-publish","format-standard","has-post-thumbnail","category-hiressegek","tag-betegseg","tag-celebrities","tag-cmx","tag-entertainment","tag-gorog-zita","tag-hiressegek","tag-hizas","tag-hu","tag-hungarian","tag-hungary","tag-magyar","tag-magyarorszag","tag-szorakozas","tag-sztarok"],"share_on_mastodon":{"url":"https:\/\/pubeurope.com\/@hu\/117200687707086488","error":""},"_links":{"self":[{"href":"https:\/\/www.europesays.com\/hu\/wp-json\/wp\/v2\/posts\/229750","targetHints":{"allow":["GET"]}}],"collection":[{"href":"https:\/\/www.europesays.com\/hu\/wp-json\/wp\/v2\/posts"}],"about":[{"href":"https:\/\/www.europesays.com\/hu\/wp-json\/wp\/v2\/types\/post"}],"author":[{"embeddable":true,"href":"https:\/\/www.europesays.com\/hu\/wp-json\/wp\/v2\/users\/2"}],"replies":[{"embeddable":true,"href":"https:\/\/www.europesays.com\/hu\/wp-json\/wp\/v2\/comments?post=229750"}],"version-history":[{"count":0,"href":"https:\/\/www.europesays.com\/hu\/wp-json\/wp\/v2\/posts\/229750\/revisions"}],"wp:featuredmedia":[{"embeddable":true,"href":"https:\/\/www.europesays.com\/hu\/wp-json\/wp\/v2\/media\/229751"}],"wp:attachment":[{"href":"https:\/\/www.europesays.com\/hu\/wp-json\/wp\/v2\/media?parent=229750"}],"wp:term":[{"taxonomy":"category","embeddable":true,"href":"https:\/\/www.europesays.com\/hu\/wp-json\/wp\/v2\/categories?post=229750"},{"taxonomy":"post_tag","embeddable":true,"href":"https:\/\/www.europesays.com\/hu\/wp-json\/wp\/v2\/tags?post=229750"}],"curies":[{"name":"wp","href":"https:\/\/api.w.org\/{rel}","templated":true}]}}