{"id":229764,"date":"2026-09-02T09:27:14","date_gmt":"2026-09-02T09:27:14","guid":{"rendered":"https:\/\/www.europesays.com\/hu\/229764\/"},"modified":"2026-09-02T09:27:14","modified_gmt":"2026-09-02T09:27:14","slug":"gepnarancs-evita-es-furcsa-par-10-budapesti-szinhazi-premier-amire-erdemes-idoben-jegyet-valtani-toplista","status":"publish","type":"post","link":"https:\/\/www.europesays.com\/hu\/229764\/","title":{"rendered":"G\u00e9pnarancs, Evita \u00e9s Furcsa p\u00e1r \u2013 10 budapesti sz\u00ednh\u00e1zi premier, amire \u00e9rdemes id\u0151ben jegyet v\u00e1ltani &#8211; Toplista"},"content":{"rendered":"<p>\n    Elkezd\u0151d\u00f6tt az \u00faj sz\u00ednh\u00e1zi \u00e9vad, amely annyi \u00e9rdekes \u00e9s megh\u00f6kkent\u0151 bemutat\u00f3t hoz, hogy mi is csak kapkodjuk a fej\u00fcnket a jobbn\u00e1l jobbnak \u00edg\u00e9rkez\u0151 el\u0151ad\u00e1sok hallat\u00e1n. Kultikus reg\u00e9nyek, nagy klasszikusok, megd\u00f6bbent\u0151 t\u00f6rt\u00e9netek \u00e9s k\u00eds\u00e9rletez\u0151 el\u0151ad\u00e1sok kelnek \u00e9letre a sz\u00ednpadon. 10 \u0151szi bemutat\u00f3t v\u00e1logattunk \u00f6ssze a nagysz\u00ednh\u00e1zakt\u00f3l a kisebb j\u00e1tsz\u00f3helyekig, amelyekre szerint\u00fcnk \u00e9rdemes lesz jegyet v\u00e1ltani.<\/p>\n<p>    \t                            Gergye Kriszti\u00e1n: Al\u00edz \u2013 engedd sz\u00e9pen, hogy megegyelek<\/p>\n<p>Az Alice Csodaorsz\u00e1gban (Lewis Carroll) t\u00f6rt\u00e9net\u00e9t mind ismerj\u00fck, a mesereg\u00e9nyb\u0151l t\u00f6bb filmfeldolgoz\u00e1s is k\u00e9sz\u00fclt, a legismertebb k\u00f6z\u00fcl\u00fck Tim Burton v\u00e1ltozata. Hogyan lehet egy ennyire ismert t\u00f6rt\u00e9netet ism\u00e9t el\u0151venni \u00e9s sz\u00ednh\u00e1zra adapt\u00e1lni?\u00a0Kov\u00e1cs Viktor \u00e9s Kov\u00e1cs Dominik szerz\u0151p\u00e1rosa, illetve Gergye Kriszti\u00e1n rendez\u0151 zen\u00e9s dr\u00e1mak\u00e9nt hozza el nek\u00fcnk a csodaorsz\u00e1gi t\u00f6rt\u00e9netet. R\u00e9mmese ez a szeretetr\u0151l, ahol Al\u00edz (Pet\u0151 Kata) a Wonderland L\u00e9lekparkba ker\u00fcl, ahol dr. Antal Edit (Hern\u00e1di Judit) teszi \u00fajra boldogg\u00e1 a szomor\u00fa, \u201eelromlott\u201d gyerekeket. A doktor mes\u00e9v\u00e9 alak\u00edtja a 90-es \u00e9vek val\u00f3s\u00e1g\u00e1t, a klinik\u00e1kr\u00f3l, int\u00e9zetekb\u0151l ismert feh\u00e9rs\u00e9get pedig kisz\u00ednezi. Al\u00edzt a sz\u00fclei viszik a Wonderlandbe, hogy a kamaszod\u00f3 l\u00e1ny ism\u00e9t a r\u00e9gi lehessen, csakhogy \u0151 pont nem erre v\u00e1gyik. Al\u00edz a szabads\u00e1g\u00e1t keresi, a sz\u00fcl\u0151k a r\u00e9gi harm\u00f3ni\u00e1t. Vajon mi s\u00fcl ki mindebb\u0151l?<\/p>\n<p>                        Szirtes Tam\u00e1s: Evita<\/p>\n<p>Nem maradhat ki az \u0151szi premiereket szeml\u00e9z\u0151 cikk\u00fcnkb\u0151l a Szirtes Tam\u00e1s rendezte Evita, hiszen Andrew Lloyd Webber musicalje m\u00e1r az 1996-os filmadapt\u00e1ci\u00f3val is nagy sikert aratott. Eva Per\u00f3n m\u00e1ig a t\u00f6rt\u00e9nelem egyik legrejt\u00e9lyesebb alakja, \u00e9lete k\u00f6r\u00fcl sz\u00e1mtalan legenda kering, a Mad\u00e1chban megrendezett darab ugyanakkor nem az ellentmond\u00e1sokra, hanem az emberi t\u00f6rt\u00e9netre \u00e9p\u00edt. Megmutatja nek\u00fcnk, milyen is volt az asszony, aki eg\u00e9sz \u00e9let\u00e9t arra tette fel, hogy t\u00e1mogassa azokat az embereket \u00e9s azt a f\u00e9rfit, akiben hitt. A dalok m\u00f6g\u00f6tt nem csup\u00e1n a t\u00f6rt\u00e9nelem sz\u00f3lal meg, hanem a szenved\u00e9ly \u00e9s a szerelem is, amely k\u00e9pes volt ebb\u0151l a k\u00e9t emberb\u0151l a legt\u00f6bbet kihozni.<\/p>\n<p>                        Pusk\u00e1s Tam\u00e1s: Furcsa p\u00e1r<\/p>\n<p>Neil Simon legt\u00f6bbet j\u00e1tszott darabja \u00e9rkezik a Centr\u00e1l Sz\u00ednh\u00e1zba. A t\u00f6rt\u00e9netben k\u00e9t olyan ember ker\u00fcl \u00f6ssze, akik mindenben k\u00fcl\u00f6nb\u00f6znek, az egyik rendm\u00e1ni\u00e1s, a m\u00e1sik treh\u00e1ny. Az egyik percre pontosan leosztja az \u00e9let\u00e9t, m\u00edg a m\u00e1sik nem szereti a szab\u00e1lyokat. Mindannyian ismerj\u00fck ezeket az \u00e9lethelyzeteket, \u00e9s val\u00f3sz\u00edn\u0171leg sokan kapcsol\u00f3dtunk m\u00e1r olyan emberhez, aki mindenben az ellent\u00e9t\u00fcnk volt. Na de mi t\u00f6rt\u00e9nik akkor, ha ez a k\u00e9t v\u00e9glet \u00f6sszek\u00f6lt\u00f6zik? A p\u00e1rkapcsolati dr\u00e1ma helyett sz\u00f3rakoztat\u00f3 v\u00edgj\u00e1t\u00e9kban elevenedik meg el\u0151tt\u00fcnk Oscar (Alf\u00f6ldi R\u00f3bert) \u00e9s Felix (Stohl Andr\u00e1s) du\u00f3ja, amit nem \u00e9rdemes kihagyni.<\/p>\n<p>                        Cs\u00e1bi Anna: N\u00f6v\u00e9nyev\u0151<\/p>\n<p>                                <img decoding=\"async\" id=\"kep_71364273\" src=\"https:\/\/www.europesays.com\/hu\/wp-content\/uploads\/2026\/09\/71364273_a2269cb33cc6d0a73273134c48d05cea_wm.jpg\" alt=\"novenyevo ea01 domolky daniel WEB 015\" loading=\"lazy\"\/><\/p>\n<p>            (Fot\u00f3: D\u00f6m\u00f6lky D\u00e1niel &#8211; Radn\u00f3ti Sz\u00ednh\u00e1z)<\/p>\n<p>Mindig izgalmas olyan darabokat n\u00e9zni, amelyek reg\u00e9nyeket adapt\u00e1lnak.\u00a0Han Kang 2007-ben \u00edrta a\u00a0N\u00f6v\u00e9nyev\u0151t, amellyel elnyerte a Man Booker-d\u00edjat, majd \u00e9letm\u0171v\u00e9t 2024-ben \u2013 koreai \u00edr\u00f3k k\u00f6z\u00fcl els\u0151k\u00e9nt \u2013 irodalmi Nobel-d\u00edjjal jutalmazt\u00e1k. F\u0151h\u0151sn\u0151nk, Jonghje (Major Irma) teljesen \u00e1tlagos n\u0151i \u00e9letet \u00e9l: h\u00e1zas, dolgozik, h\u00e1ztart\u00e1st vezet. Egy \u00e9jjel azonban \u00e1lmodik valamit, amit\u0151l teljesen megv\u00e1ltozik. Hogy el\u0171zze b\u0171ntudat\u00e1t, megtagadja a h\u00fasev\u00e9st. Szavai megritkulnak, ler\u00e1zza mag\u00e1r\u00f3l a k\u00f6telezetts\u00e9geket, \u00e9s a nap fel\u00e9 fordul. Mik\u00f6zben a k\u00f6r\u00fcl\u00f6tte l\u00e9v\u0151k pr\u00f3b\u00e1lj\u00e1k megv\u00e1ltoztatni, fenyegetik \u00e9s k\u00f6ny\u00f6r\u00f6gnek neki, Jonghje szabads\u00e1gv\u00e1gya mindenekfelett \u00e1ll. Feminista \u00e9s \u00f6kotudatos, \u00e9rz\u00e9kien filoz\u00f3fiai \u00e9s m\u00e9lyen felkavar\u00f3 t\u00f6rt\u00e9net ez egy n\u0151r\u0151l, aki szembefordul minden t\u00e1rsadalmi elv\u00e1r\u00e1ssal, hogy megtal\u00e1lja vagy \u00e9ppen elvesz\u00edtse \u00f6nmag\u00e1t.<\/p>\n<p>                        S\u00e1ndor D\u00e1niel M\u00e1t\u00e9: G\u00e9pnarancs<\/p>\n<p>Ha a reg\u00e9nyt nem is, de a G\u00e9pnarancsb\u00f3l k\u00e9sz\u00fclt Stanley Kubrick rendezte filmet (Mechanikus narancs) val\u00f3sz\u00edn\u0171leg sokan l\u00e1tt\u00e1k, viszont az a k\u00e9pkocka, ahol a f\u0151h\u0151s, Alex m\u00e1ni\u00e1kusan beleb\u00e1mul a kamer\u00e1ba, m\u00e9g azoknak is elevenen \u00e9l a fej\u00e9ben, akik csak ennyit tudnak a filmr\u0151l. A Katona t\u00e1rsulata \u00e9s a BudapestSkizo alkot\u00f3csapata most k\u00f6z\u00f6sen kelti \u00e9letre Anthony Burgess kultikus reg\u00e9ny\u00e9t, ami a sz\u00ednpadon \u201e\u00e9l\u0151filmk\u00e9nt\u201d megelevened\u0151 feln\u00f6v\u00e9st\u00f6rt\u00e9net lesz.\u00a0A nevel\u0151int\u00e9zetis Alex \u00fatj\u00e1t k\u00f6vetj\u00fck v\u00e9gig h\u00e1rom st\u00e1ci\u00f3ban, a f\u00e9ktelen agresszi\u00f3t\u00f3l az \u00e1llami er\u0151szakkal kik\u00e9nyszer\u00edtett \u00e1tnevel\u00e9sen \u00e1t a t\u00e1rsadalomba val\u00f3 visszahelyez\u00e9s\u00e9ig. A G\u00e9pnarancs a b\u0171n, b\u0171nh\u0151d\u00e9s \u00e9s b\u0171nbocs\u00e1nat t\u00f6rt\u00e9nete, egy nem is annyira futurisztikus vil\u00e1gban.<\/p>\n<p>Helysz\u00edn: <a href=\"http:\/\/welovebudapest.com\/hely\/katona-jozsef-szinhaz\/\" id=\"hyperlink_a1da399164ad5de5ea69aaa939b76a12\" target=\"_blank\" title=\"Katona J\u00f3zsef Sz\u00ednh\u00e1z\" rel=\"nofollow noopener\">Katona Kamra<\/a><\/p>\n<p>\n                          <a href=\"https:\/\/katona.jegymester.hu\/production\/10084405\/gepnarancs\/8313941\" id=\"hyperlink_e93a5c367b63b963a5fa834c09f89103\" rel=\"nofollow noopener\" target=\"_blank\"><\/p>\n<p>                             Tov\u00e1bbi inf\u00f3k<br \/>\n                          <\/a>\n                        <\/p>\n<p>                        ifj. Vidny\u00e1nszky Attila: 4-6<\/p>\n<p>                                <img decoding=\"async\" id=\"kep_71364277\" src=\"https:\/\/www.europesays.com\/hu\/wp-content\/uploads\/2026\/09\/71364277_061fdb2b350f5adfdf3de0d643877b64_wm.jpg\" alt=\"4-6 vigszinhaz domolky\" loading=\"lazy\"\/><\/p>\n<p>            (Fot\u00f3: D\u00f6m\u00f6lky D\u00e1niel &#8211; V\u00edgsz\u00ednh\u00e1z)<\/p>\n<p>Az @LL3t4rgIA alkot\u00f3i az \u00e9retts\u00e9gi id\u0151szak\u00e1t feldolgoz\u00f3 el\u0151ad\u00e1s ut\u00e1n ez\u00fattal azt vizsg\u00e1lj\u00e1k, milyen kil\u00e1t\u00e1sai vannak a mai magyar fiataloknak az \u00e9retts\u00e9gi ut\u00e1ni id\u0151szakban. A t\u00f6rt\u00e9netet nemzeti \u00e9s polg\u00e1ri \u00fcnnepeinken kereszt\u00fcl ismerhetj\u00fck meg, mik\u00f6zben egy fiatal feln\u0151tt szem\u00e9n kereszt\u00fcl \u00e9rtelmezz\u00fck azt, mit is jelent ma magyarnak lenni. Vajon \u0151k is hasonl\u00f3an v\u00e9lekednek err\u0151l, mint mi, mondjuk, a 90-es vagy a k\u00e9tezres \u00e9vek v\u00e9g\u00e9n?\u00a0A helysz\u00edn a budapesti Nagyk\u00f6r\u00fat ikonikus pontja, a 4es6os kocsma \u2013 egyetemist\u00e1k kedvelt t\u00f6rzshelye \u2013, amely egyszerre kiindul\u00f3pont \u00e9s \u00e9rkez\u00e9si hely, ak\u00e1rcsak a v\u00e1rost \u00e1tszel\u0151 villamos. \u00c9s hogy mi\u00e9rt \u201emulat\u00f3s\u201d? Az kider\u00fcl az el\u0151ad\u00e1sb\u00f3l.\u00a0<\/p>\n<p>                        Polg\u00e1r Csaba: A n\u0151, aki saj\u00e1t mag\u00e1t kereste<\/p>\n<p>                                <img decoding=\"async\" id=\"kep_71364485\" src=\"https:\/\/www.europesays.com\/hu\/wp-content\/uploads\/2026\/09\/71364485_14f5231e4ca75423a96ee145a2025af5_wm.jpg\" alt=\"anoaki olvaso horvathjudit net-9747\" loading=\"lazy\"\/><\/p>\n<p>            (Fot\u00f3: Horv\u00e1th Judit &#8211; \u00d6rk\u00e9ny Sz\u00ednh\u00e1z)<\/p>\n<p>\u201eElt\u0171ntnek hittek egy n\u0151t egy izlandi t\u00far\u00e1n. T\u00e1rsai keresni kezdt\u00e9k, a kutat\u00f3akci\u00f3hoz azonban a c\u00e9lszem\u00e9ly is csatlakozott.\u201d \u2013 2012-ben ez az abszurd eset j\u00e1rta be a sajt\u00f3t. Ez a t\u00f6rt\u00e9net ihlette Szil\u00e1gyi Eszter Anna \u201eizlandi buszos t\u00e1rsasoper\u00e1j\u00e1t\u201d, amely amellett, hogy b\u0151velkedik a humorban, az izlandi mitol\u00f3gia alakjait is behozza. Istenek \u00e9s turist\u00e1k keresztezik egym\u00e1s \u00fatj\u00e1t benzink\u00faton \u00e9s gejz\u00edreken \u00e1t. A kezdetben komikus f\u00e9lre\u00e9rt\u00e9s lassan gy\u0171l\u00f6letcunamiv\u00e1 v\u00e1lik, ami pr\u00f3b\u00e1ra teszi az emp\u00e1ti\u00e1t \u00e9s az egym\u00e1s ir\u00e1nti t\u00fcrelmet, mindek\u00f6zben Odin \u00e9s Frigg az emberekt\u0151l k\u00e9r seg\u00edts\u00e9get, hogy felt\u00e1massz\u00e1k halott fiukat.<\/p>\n<p>                        Feh\u00e9r Bal\u00e1zs Ben\u0151: K\u00e9t h\u00e9tf\u0151 eml\u00e9ke<\/p>\n<p>                                <img decoding=\"async\" id=\"kep_71364281\" src=\"https:\/\/www.europesays.com\/hu\/wp-content\/uploads\/2026\/09\/71364281_b83247f68125723ff3923bfa5d3f5bd3_wm.jpg\" alt=\"ket hetfo vigszinhaz\" loading=\"lazy\"\/><\/p>\n<p>            (Fot\u00f3: Juh\u00e1sz \u00c9va &#8211; V\u00edgsz\u00ednh\u00e1z)<\/p>\n<p>Miel\u0151tt befutott dr\u00e1ma\u00edr\u00f3v\u00e1 v\u00e1lt volna, Arthur Miller egy aut\u00f3alkatr\u00e9sz-rakt\u00e1rban dolgozott. Az itt szerzett \u00e9lm\u00e9nyeib\u0151l \u00edrta meg k\u00e9s\u0151bb a K\u00e9t h\u00e9tf\u0151 eml\u00e9ke c\u00edm\u0171 darabot, amelynek fiatal h\u0151se \u00e9pp\u00fagy az \u00e1lmok megval\u00f3s\u00edt\u00e1s\u00e1t, a kit\u00f6r\u00e9s lehet\u0151s\u00e9g\u00e9t keresi, mint egykor maga a szerz\u0151 is. A t\u00f6rt\u00e9net egy kil\u00e1t\u00e1stalannak t\u0171n\u0151 munkahely mindennapjaiba enged bepillant\u00e1st, ahol a dolgoz\u00f3k m\u00e9g akkor sem mondanak le \u00e1lmaikr\u00f3l, amikor minden ezt k\u00edv\u00e1nn\u00e1. \u00c1m a darab nem csak a rem\u00e9nytelens\u00e9gr\u0151l \u00e9s a n\u00e9lk\u00fcl\u00f6z\u00e9sr\u0151l sz\u00f3l. Humorral \u00e9s embers\u00e9ggel mutatja meg, hogy az ember m\u00e9g a legnagyobb neh\u00e9zs\u00e9gben is k\u00e9pes megl\u00e1tni a sz\u00e9pet.<\/p>\n<p>                        Tasn\u00e1di Istv\u00e1n: Mennyit adt\u00e1l \u00e9rte?<\/p>\n<p>K\u00e9t n\u0151, k\u00e9t eg\u00e9szen k\u00fcl\u00f6nb\u00f6z\u0151 \u00e9lethelyzet, amit a gyerek ut\u00e1ni v\u00e1gy \u00e9s a kiszolg\u00e1ltatotts\u00e1g kapcsol \u00f6ssze. Rebeka (Staub Vikt\u00f3ria) frissen meg\u00f6zvegy\u00fclt, huszon\u00e9ves vid\u00e9ki n\u0151, aki egyed\u00fcl marad kisgyerekeivel \u00e9s a h\u00e1zra felvett hitellel, ez\u00e9rt v\u00e9gs\u0151 k\u00e9ts\u00e9gbees\u00e9s\u00e9ben b\u00e9ranyas\u00e1got v\u00e1llal. Krisztina (Ullmann M\u00f3nika) \u00e9vek \u00f3ta hi\u00e1ba pr\u00f3b\u00e1l teherbe esni, mik\u00f6zben lassan a h\u00e1zass\u00e1ga is v\u00e1ls\u00e1gba ker\u00fcl. Kettej\u00fck k\u00f6z\u00f6tt a reprodukci\u00f3s k\u00f6zvet\u00edt\u0151 teremt kapcsolatot, aki jutal\u00e9k\u00e9rt int\u00e9zi a b\u00e9ranyas\u00e1g r\u00e9szleteit, mindezt egy olyan orsz\u00e1gban, ahol ez illeg\u00e1lis, \u00e9s minden r\u00e9sztvev\u0151je b\u00fcntethet\u0151. Az el\u0151ad\u00e1s Durica Katarina azonos c\u00edm\u0171 reg\u00e9ny\u00e9b\u0151l k\u00e9sz\u00fclt, amely a b\u00e9ranyas\u00e1gon kereszt\u00fcl a p\u00e9nzr\u0151l, a t\u00e1rsadalmi k\u00fcl\u00f6nbs\u00e9gekr\u0151l, az anyas\u00e1g ir\u00e1nti v\u00e1gyr\u00f3l \u00e9s arr\u00f3l is besz\u00e9l, milyen d\u00f6nt\u00e9sekre k\u00e9nyszer\u00edthet minket a kil\u00e1t\u00e1stalans\u00e1g.<\/p>\n<p>                        Alf\u00f6ldi R\u00f3bert: Patk\u00e1nyok Emberek<\/p>\n<p>                                <img decoding=\"async\" id=\"kep_71364285\" src=\"https:\/\/www.europesays.com\/hu\/wp-content\/uploads\/2026\/09\/71364285_73f68fe6b1dc942ad0e26c64329d6364_wm.jpg\" alt=\"patkanyok emberek radnoti\" loading=\"lazy\"\/><\/p>\n<p>            (Fot\u00f3: Csosz\u00f3 Gabriella &#8211; Radn\u00f3ti Sz\u00ednh\u00e1z)<\/p>\n<p>25 \u00e9v ut\u00e1n t\u00e9r vissza a Radn\u00f3ti sz\u00ednpad\u00e1ra a Nobel-d\u00edjas Gerhart Hauptmann ritk\u00e1n j\u00e1tszott darabja, ez\u00fattal Patk\u00e1nyok Emberek c\u00edmmel, B\u00edr\u00f3 Bence \u00e1tdolgoz\u00e1s\u00e1ban \u00e9s Alf\u00f6ldi R\u00f3bert rendez\u00e9s\u00e9ben. Az 1911-es t\u00f6rt\u00e9net egy t\u00e1rsash\u00e1z k\u00fcl\u00f6nb\u00f6z\u0151 t\u00e1rsadalmi helyzet\u0171 lak\u00f3it k\u00f6veti, k\u00f6z\u00e9ppontj\u00e1ban egy gyermekre v\u00e1gy\u00f3 n\u0151vel, akinek k\u00e9ts\u00e9gbeesett d\u00f6nt\u00e9se hazugs\u00e1gok \u00e9s b\u0171ncselekm\u00e9nyek sor\u00e1t ind\u00edtja el. A t\u00f6bb mint sz\u00e1z\u00e9ves dr\u00e1m\u00e1t az alkot\u00f3k a mai magyar val\u00f3s\u00e1g fel\u0151l olvass\u00e1k \u00fajra, olyan k\u00e9rd\u00e9seket \u00e9rintve, mint a szoci\u00e1lis kiszolg\u00e1ltatotts\u00e1g, a sz\u00e9thull\u00f3 emberi kapcsolatok \u00e9s az egy\u00fctt\u00e9l\u00e9s neh\u00e9zs\u00e9gei.<\/p>\n<p>\n                          (Bor\u00edt\u00f3k\u00e9p: D\u00f6m\u00f6lky D\u00e1niel \u2013 Radn\u00f3ti Sz\u00ednh\u00e1z)\n                        <\/p>\n<p><a href=\"https:\/\/dex.hu\/x.php?id=googlepref_desktop_welovebudapest&amp;url=https:\/\/google.com\/preferences\/source?q=https:\/\/welovebudapest.com\/\" class=\"google-pref-banner \" id=\"googlePrefBanner\" rel=\"nofollow noopener\" target=\"_blank\"><\/p>\n<p>        \u00c1ll\u00edtsd be a Google keres\u0151j\u00e9t, hogy a tal\u00e1latok k\u00f6z\u00f6tt biztos ott legyen a We Love Budapest!    <\/p>\n<p><\/a><\/p>\n<p>        <img decoding=\"async\" class=\"wlbkonyv-ajanlo_img\" src=\"https:\/\/www.europesays.com\/hu\/wp-content\/uploads\/2026\/09\/1788341234_694_71107885_0d706056e4c2d5770ec30c3bc3ac7603_wm.jpg\" alt=\"\" style=\"\"\/><\/p>\n<p class=\"wlbkonyv-ajanlo_promocio\">hirdet\u00e9s<\/p>\n<p>Folytatn\u00e1d az olvas\u00e1st? Szeretsz mindig k\u00e9pben lenni, \u00e9rdekelnek a leg\u00fajabb budapesti h\u00edrek, t\u00f6rt\u00e9netek? <a target=\"_blank\" href=\"https:\/\/welovebudapest.com\/hirlevel\/feliratkozas\" rel=\"nofollow noopener\">Iratkozz fel heti h\u00edrlevel\u00fcnkre<\/a>, az Insiderre, \u00e9s legy\u00e9l te a t\u00e1rsas\u00e1g ir\u00e1nyt\u0171je, ha \u00e9ttermet, kir\u00e1ndul\u00f3helyet vagy programot kerestek!<\/p>\n<p>                C\u00edmk\u00e9k            <\/p>\n","protected":false},"excerpt":{"rendered":"Elkezd\u0151d\u00f6tt az \u00faj sz\u00ednh\u00e1zi \u00e9vad, amely annyi \u00e9rdekes \u00e9s megh\u00f6kkent\u0151 bemutat\u00f3t hoz, hogy mi is csak kapkodjuk a&hellip;\n","protected":false},"author":2,"featured_media":229765,"comment_status":"","ping_status":"","sticky":false,"template":"","format":"standard","meta":{"footnotes":"","_share_on_mastodon":"0"},"categories":[22],"tags":[15853,655,73,3521,44,42,40,5575,801,2915,43,41,156,924,1650,60854,1424,545],"class_list":["post-229764","post","type-post","status-publish","format-standard","has-post-thumbnail","category-budapest","tag-atrium-szinhaz","tag-bemutato","tag-budapest","tag-eloadas","tag-hu","tag-hungarian","tag-hungary","tag-katona-jozsef-szinhaz","tag-latnivalok-es-kultura","tag-madach-szinhaz","tag-magyar","tag-magyarorszag","tag-orkeny-szinhaz","tag-radnoti-szinhaz","tag-szinhaz","tag-szinhazajanlo","tag-toplista","tag-vigszinhaz"],"share_on_mastodon":{"url":"https:\/\/pubeurope.com\/@hu\/117200738716872563","error":""},"_links":{"self":[{"href":"https:\/\/www.europesays.com\/hu\/wp-json\/wp\/v2\/posts\/229764","targetHints":{"allow":["GET"]}}],"collection":[{"href":"https:\/\/www.europesays.com\/hu\/wp-json\/wp\/v2\/posts"}],"about":[{"href":"https:\/\/www.europesays.com\/hu\/wp-json\/wp\/v2\/types\/post"}],"author":[{"embeddable":true,"href":"https:\/\/www.europesays.com\/hu\/wp-json\/wp\/v2\/users\/2"}],"replies":[{"embeddable":true,"href":"https:\/\/www.europesays.com\/hu\/wp-json\/wp\/v2\/comments?post=229764"}],"version-history":[{"count":0,"href":"https:\/\/www.europesays.com\/hu\/wp-json\/wp\/v2\/posts\/229764\/revisions"}],"wp:featuredmedia":[{"embeddable":true,"href":"https:\/\/www.europesays.com\/hu\/wp-json\/wp\/v2\/media\/229765"}],"wp:attachment":[{"href":"https:\/\/www.europesays.com\/hu\/wp-json\/wp\/v2\/media?parent=229764"}],"wp:term":[{"taxonomy":"category","embeddable":true,"href":"https:\/\/www.europesays.com\/hu\/wp-json\/wp\/v2\/categories?post=229764"},{"taxonomy":"post_tag","embeddable":true,"href":"https:\/\/www.europesays.com\/hu\/wp-json\/wp\/v2\/tags?post=229764"}],"curies":[{"name":"wp","href":"https:\/\/api.w.org\/{rel}","templated":true}]}}