{"id":229772,"date":"2026-09-02T09:38:10","date_gmt":"2026-09-02T09:38:10","guid":{"rendered":"https:\/\/www.europesays.com\/hu\/229772\/"},"modified":"2026-09-02T09:38:10","modified_gmt":"2026-09-02T09:38:10","slug":"kikotott-a-thaifoldi-szexkozpontban-a-250-napja-uton-levo-amerikai-hadihajo","status":"publish","type":"post","link":"https:\/\/www.europesays.com\/hu\/229772\/","title":{"rendered":"Kik\u00f6t\u00f6tt a thaif\u00f6ldi szexk\u00f6zpontban a 250 napja \u00faton l\u00e9v\u0151 amerikai hadihaj\u00f3"},"content":{"rendered":"<p>    <a href=\"https:\/\/www.europesays.com\/hu\/wp-content\/uploads\/2026\/09\/8IiGNY06LIhj11OgGs.jpeg\" class=\"uwwrama _1chu0ywg _8b6bx65\" rel=\"nofollow\"><\/p>\n<p>  <img decoding=\"async\" loading=\"lazy\" src=\"https:\/\/www.europesays.com\/hu\/wp-content\/uploads\/2026\/09\/8IiGNY06LIhj11OgGs.jpeg\"   class=\"_672m2jd _1chu0ywo ta3a4c1ey ta3a4c1aa he2knv4 ta3a4c1ey ta3a4czs\" style=\"--_672m2j6:1.50;--_672m2j5:2560px 1707px\" alt=\"\"\/><\/p>\n<p>      <\/a><\/p>\n<p>\n              Az Abraham Lincoln\n            <\/p>\n<p>\n              Fot\u00f3:<br \/>\n                STOCKTREK IMAGES\/StockTrek Images via AFP\n            <\/p>\n<p class=\"\">\n    <a href=\"https:\/\/hideme.live\/proxy\/www.bbc.co.uk\/news\/articles\/cg7k09z4lj9o?utm_source=chatgpt.com\" target=\"_blank\" rel=\"nofollow noopener\">Meg\u00e9rkezett<\/a> a thaif\u00f6ldi Pattaya t\u0151szomsz\u00e9ds\u00e1g\u00e1ban tal\u00e1lhat\u00f3 Laem Chabang kik\u00f6t\u0151j\u00e9be az amerikai haditenger\u00e9szet Abraham Lincoln rep\u00fcl\u0151g\u00e9p-hordoz\u00f3ja, amely kor\u00e1bban azzal ker\u00fclt be a h\u00edrekbe, hogy rekord hossz\u00fas\u00e1g\u00fa bevet\u00e9sen van. A Lincoln 286 nappal ezel\u0151tt indult el egy akkor m\u00e9g j\u00f3val r\u00f6videbbre tervezett Csendes-\u00f3ce\u00e1ni k\u00f6r\u00fatra, \u00e1m k\u00e9s\u0151bb \u00e1tir\u00e1ny\u00edtott\u00e1k az ir\u00e1ni frontra, \u00e9s \u00fagy alakult, hogy 250 napja nem k\u00f6t\u00f6tt ki sehol. Olyan r\u00e9gen voltak \u00faton, hogy m\u00e1r a Kongresszusban is t\u00e9ma lett, hogy fogy az \u00e9lelmiszer, \u00e9s a leg\u00e9nys\u00e9g k\u00f6r\u00e9ben \u00e1ll\u00edt\u00f3lag ment\u00e1lis gondok jelentkeznek.\n  <\/p>\n<p class=\"\">\n    A helysz\u00ednv\u00e1laszt\u00e1s az\u00e9rt vicces, mert Pattaya a vil\u00e1g egyik legkomolyabb szexturizmus-k\u00f6zpontja. A BBC t\u00e9m\u00e1ba v\u00e1g\u00f3 friss cikke szerint a v\u00e1rosban 25-50 ezer szexmunk\u00e1s dolgozik.\n  <\/p>\n<p>    <a href=\"https:\/\/www.europesays.com\/hu\/wp-content\/uploads\/2026\/09\/8O0LFNeaFbeCGWB0s.jpeg\" class=\"uwwrama _1chu0ywg _8b6bx65\" rel=\"nofollow\"><\/p>\n<p>  <img decoding=\"async\" loading=\"lazy\" src=\"https:\/\/www.europesays.com\/hu\/wp-content\/uploads\/2026\/09\/8O0LFNeaFbeCGWB0s.jpeg\"   class=\"_672m2jd _1chu0ywo ta3a4c1ey ta3a4c1aa he2knv4 ta3a4c1ey ta3a4czs\" style=\"--_672m2j6:1.50;--_672m2j5:1024px 682px\" alt=\"\"\/><\/p>\n<p>      <\/a><\/p>\n<p>\n              Pattayai utcak\u00e9p\n            <\/p>\n<p>\n              Fot\u00f3:<br \/>\n                ANTHONY WALLACE\/AFP\n            <\/p>\n<p class=\"\">\n    Azt tal\u00e1n kevesebben tudj\u00e1k, hogy a modern, kurv\u00e1z\u00f3s \u00e9rtelemben vett Pattay\u00e1t eleve az amerikai hadsereg teremtette meg, ha nem is sz\u00e1nd\u00e9kosan. A vietn\u00e1mi h\u00e1bor\u00fa alatt ugyanis ezt az akkor m\u00e9g \u00e1lmos, ismeretlen, de megfelel\u0151 kik\u00f6t\u0151vel rendelkez\u0151 \u00e9s biztons\u00e1gos thai hal\u00e1szfalut n\u00e9zt\u00e9k ki arra a c\u00e9lra, hogy az amerikai katon\u00e1kat ide k\u00fcldj\u00e9k r\u00f6vid, pihentet\u0151 szabads\u00e1gra. A fizet\u0151k\u00e9pes, fiatal amerikai f\u00e9rfiak megjelen\u00e9se gyorsan mag\u00e1val hozta a szexmunk\u00e1sokat, \u00e9s Pattaya vil\u00e1gszerte ismert t\u00f6megturisztikai c\u00e9l\u00e1llom\u00e1ss\u00e1 fejl\u0151d\u00f6tt.\n  <\/p>\n<p class=\"\">\n    A BBC helysz\u00edni besz\u00e1mol\u00f3ja szerint most \u00fagy v\u00e1rt\u00e1k az 5000 amerikai katon\u00e1t, mint a messi\u00e1st. (A hetvenes \u00e9vek kanbulijaihoz k\u00e9pest a leg\u00e9nys\u00e9g durv\u00e1n 20 sz\u00e1zal\u00e9ka ma m\u00e1r n\u0151kb\u0151l \u00e1ll.) Az ir\u00e1ni h\u00e1bor\u00fa ugyanis \u00f3ri\u00e1si csap\u00e1st jelentett a helyi t\u00f6megturizmusnak, a norm\u00e1lisan ny\u00fczsg\u0151 buli-b\u00e1r-sztript\u00edz \u00e9s diszk\u00f3utc\u00e1kon alig l\u00e1tni embert.\n  <\/p>\n<p class=\"\">\n    Az amerikai haditenger\u00e9szet egy\u00e9bk\u00e9nt rendszeresen k\u00fcldi a haj\u00f3it thai kik\u00f6t\u0151kbe n\u00e9mi felt\u00f6lt\u0151d\u00e9s v\u00e9gett, de a BBC szerint Saigon 1976-os eleste \u00f3ta nem \u00e9rkezett ennyi amerikai katona Pattay\u00e1ba egyenesen a frontr\u00f3l.\n  <\/p>\n<p class=\"\">\n    Az \u00e9rkez\u0151 tenger\u00e9szgyalogosoknak \u00e9s pil\u00f3t\u00e1knak bizonyos dolgokat tilos lesz csin\u00e1lniuk. A hadsereg eltiltotta \u0151ket a bungee jumpingt\u00f3l, a motorcs\u00f3nakos sikl\u00f3erny\u0151z\u00e9st\u0151l \u00e9s hasonl\u00f3an vesz\u00e9lyes v\u00edzi sportokt\u00f3l, a marihu\u00e1naboltokt\u00f3l, illetve att\u00f3l, hogy bel\u00e9pjenek a Soi6 nev\u0171 h\u00edres-h\u00edrhedt szexipari utc\u00e1ba. De ez csak egyetlen pattayai utca..\n  <\/p>\n","protected":false},"excerpt":{"rendered":"Az Abraham Lincoln Fot\u00f3: STOCKTREK IMAGES\/StockTrek Images via AFP Meg\u00e9rkezett a thaif\u00f6ldi Pattaya t\u0151szomsz\u00e9ds\u00e1g\u00e1ban tal\u00e1lhat\u00f3 Laem Chabang kik\u00f6t\u0151j\u00e9be&hellip;\n","protected":false},"author":2,"featured_media":229773,"comment_status":"","ping_status":"","sticky":false,"template":"","format":"standard","meta":{"footnotes":"","_share_on_mastodon":"0"},"categories":[8],"tags":[14103,5308,42,64,43,34,897,15709,60855,94,93,92],"class_list":["post-229772","post","type-post","status-publish","format-standard","has-post-thumbnail","category-vilag","tag-abraham-lincoln","tag-haditengereszet","tag-hungarian","tag-kulfold","tag-magyar","tag-news","tag-pattaya","tag-repulogep-hordozo","tag-szexipar","tag-vilag","tag-world","tag-world-news"],"share_on_mastodon":{"url":"https:\/\/pubeurope.com\/@hu\/117200781818118332","error":""},"_links":{"self":[{"href":"https:\/\/www.europesays.com\/hu\/wp-json\/wp\/v2\/posts\/229772","targetHints":{"allow":["GET"]}}],"collection":[{"href":"https:\/\/www.europesays.com\/hu\/wp-json\/wp\/v2\/posts"}],"about":[{"href":"https:\/\/www.europesays.com\/hu\/wp-json\/wp\/v2\/types\/post"}],"author":[{"embeddable":true,"href":"https:\/\/www.europesays.com\/hu\/wp-json\/wp\/v2\/users\/2"}],"replies":[{"embeddable":true,"href":"https:\/\/www.europesays.com\/hu\/wp-json\/wp\/v2\/comments?post=229772"}],"version-history":[{"count":0,"href":"https:\/\/www.europesays.com\/hu\/wp-json\/wp\/v2\/posts\/229772\/revisions"}],"wp:featuredmedia":[{"embeddable":true,"href":"https:\/\/www.europesays.com\/hu\/wp-json\/wp\/v2\/media\/229773"}],"wp:attachment":[{"href":"https:\/\/www.europesays.com\/hu\/wp-json\/wp\/v2\/media?parent=229772"}],"wp:term":[{"taxonomy":"category","embeddable":true,"href":"https:\/\/www.europesays.com\/hu\/wp-json\/wp\/v2\/categories?post=229772"},{"taxonomy":"post_tag","embeddable":true,"href":"https:\/\/www.europesays.com\/hu\/wp-json\/wp\/v2\/tags?post=229772"}],"curies":[{"name":"wp","href":"https:\/\/api.w.org\/{rel}","templated":true}]}}