{"id":229795,"date":"2026-09-02T09:56:17","date_gmt":"2026-09-02T09:56:17","guid":{"rendered":"https:\/\/www.europesays.com\/hu\/229795\/"},"modified":"2026-09-02T09:56:17","modified_gmt":"2026-09-02T09:56:17","slug":"velvet-celeb-feltettek-a-nagy-kerdest-8-hires-no-aki-maga-kerte-meg-a-parja-kezet","status":"publish","type":"post","link":"https:\/\/www.europesays.com\/hu\/229795\/","title":{"rendered":"Velvet &#8211; Celeb &#8211; Feltett\u00e9k a nagy k\u00e9rd\u00e9st: 8 h\u00edres n\u0151, aki maga k\u00e9rte meg a p\u00e1rja kez\u00e9t"},"content":{"rendered":"<p>\n                Pink egy motocrossverseny k\u00f6zep\u00e9n k\u00e9rte meg Carey Hart kez\u00e9t, Rita Ora pedig egyszer\u0171en k\u00f6z\u00f6lte Taika Waititivel, hogy szeretne hozz\u00e1menni.            <\/p>\n<p>                                    <img decoding=\"async\" id=\"kep71369461\" loading=\"lazy\" src=\"https:\/\/www.europesays.com\/hu\/wp-content\/uploads\/2026\/09\/71369461_d7bc0834c67c78d4c8f64b634e1167a7_l.jpg\" alt=\"B\u00e1r a hagyom\u00e1ny szerint \u00e1ltal\u00e1ban a f\u00e9rfi teszi fel a nagy k\u00e9rd\u00e9st, Hollywoodban b\u0151ven akadnak olyan n\u0151k, akik nem v\u00e1rtak erre\" width=\"760\" height=\"527\" border=\"0\" data-image_width=\"760\" data-image_height=\"527\"\/><\/p>\n<p>B\u00e1r a hagyom\u00e1ny szerint \u00e1ltal\u00e1ban a f\u00e9rfi teszi fel a nagy k\u00e9rd\u00e9st, Hollywoodban b\u0151ven akadnak olyan n\u0151k, akik nem v\u00e1rtak erre. Volt, aki egy motorverseny k\u00f6zben k\u00e9rte meg a p\u00e1rja kez\u00e9t, m\u00e1s egy pizza mellett, \u00e9s olyan is, aki \u00e9vekkel az els\u0151 eljegyz\u00e9s ut\u00e1n viszonozta a gesztust.<\/p>\n<p>                                    Fot\u00f3: Getty Images<\/p>\n<p>                                    <img decoding=\"async\" id=\"kep71369455\" loading=\"lazy\" src=\"https:\/\/www.europesays.com\/hu\/wp-content\/uploads\/2026\/09\/71369455_516d0ca05093eb98023b886c36fcd333_l.jpg\" alt=\"Bella ThorneBella Thorne \u00e9s Mark Emms 2023-ban jegyezt\u00e9k el egym\u00e1st, akkor m\u00e9g Emms k\u00e9rte meg a sz\u00edn\u00e9szn\u0151 kez\u00e9t\" width=\"760\" height=\"507\" border=\"0\" data-image_width=\"760\" data-image_height=\"507\"\/><br \/>\n                                Bella Thorne<\/p>\n<p>\u00a0<\/p>\n<p>Bella Thorne \u00e9s Mark Emms 2023-ban jegyezt\u00e9k el egym\u00e1st, akkor m\u00e9g Emms k\u00e9rte meg a sz\u00edn\u00e9szn\u0151 kez\u00e9t. K\u00e9t \u00e9vvel k\u00e9s\u0151bb azonban Thorne \u00fagy d\u00f6nt\u00f6tt, \u0151 is szeretn\u00e9 \u00e1t\u00e9lni ugyanezt a m\u00e1sik oldalr\u00f3l, \u00edgy 2025-ben maga ereszkedett f\u00e9lt\u00e9rdre, \u00e9s \u00fajra megk\u00e9rte p\u00e1rj\u00e1t, hogy h\u00e1zasodjanak \u00f6ssze. A gesztus megosztotta a k\u00f6vet\u0151ket, Thorne viszont k\u00e9s\u0151bb arr\u00f3l besz\u00e9lt, hogy sz\u00e1m\u00e1ra \u00e9ppen az volt benne sz\u00e9p, hogy a kapcsolatuk egyenrang\u00fas\u00e1g\u00e1t fejezte ki. Elmond\u00e1sa szerint Emms annyira meghat\u00f3dott, hogy els\u00edrta mag\u00e1t.\n                        <\/p>\n<p>                                    Fot\u00f3: Michael Buckner \/ Getty Images Hungary<\/p>\n<p>                                    <img decoding=\"async\" id=\"kep71369457\" loading=\"lazy\" src=\"https:\/\/www.europesays.com\/hu\/wp-content\/uploads\/2026\/09\/71369457_1aeb0601643801b0917e0307fcc8b978_l.jpg\" alt=\"Rita OraRita Ora nem bonyol\u00edtotta t\u00fal Taika Waititi l\u00e1nyk\u00e9r\u00e9s\u00e9t\" width=\"760\" height=\"543\" border=\"0\" data-image_width=\"760\" data-image_height=\"543\"\/><br \/>\n                                Rita Ora<\/p>\n<p>\u00a0<\/p>\n<p>Rita Ora nem bonyol\u00edtotta t\u00fal Taika Waititi l\u00e1nyk\u00e9r\u00e9s\u00e9t. 2022 nyar\u00e1n Palm Springsben nyaraltak, amikor az \u00e9nekesn\u0151 egyszer\u0171en k\u00f6z\u00f6lte vele, hogy szeretne hozz\u00e1menni. Waititi k\u00e9s\u0151bb \u00fagy eml\u00e9kezett vissza, hogy azonnal igent mondott. N\u00e9h\u00e1ny h\u00e9ttel k\u00e9s\u0151bb, augusztus 4-\u00e9n egy sz\u0171k k\u00f6r\u0171, otthoni esk\u00fcv\u0151n \u00f6ssze is h\u00e1zasodtak Los Angelesben.<\/p>\n<p>                                    Fot\u00f3: Axelle\/Bauer-Griffin \/ Getty Images Hungary<\/p>\n<p>                                    <img decoding=\"async\" id=\"kep71369451\" loading=\"lazy\" src=\"https:\/\/www.europesays.com\/hu\/wp-content\/uploads\/2026\/09\/71369451_362725672dad73d853f26ddfcf8f04db_l.jpg\" alt=\"Jodie Turner-SmithJodie Turner-Smith egy nicaraguai utaz\u00e1s sor\u00e1n k\u00e9rte meg Joshua Jackson kez\u00e9t\" width=\"760\" height=\"507\" border=\"0\" data-image_width=\"760\" data-image_height=\"507\"\/><br \/>\n                                Jodie Turner-Smith<\/p>\n<p>\u00a0<\/p>\n<p>Jodie Turner-Smith egy nicaraguai utaz\u00e1s sor\u00e1n k\u00e9rte meg Joshua Jackson kez\u00e9t. Jackson k\u00e9s\u0151bb arr\u00f3l mes\u00e9lt, hogy a tengerparton s\u00e9t\u00e1ltak szilveszterkor, amikor Turner-Smith egyszer\u0171en feltette a nagy k\u00e9rd\u00e9st. A sz\u00edn\u00e9sz igent mondott, de ragaszkodott hozz\u00e1, hogy k\u00e9s\u0151bb \u0151 is hagyom\u00e1nyos m\u00f3don megk\u00e9rhesse p\u00e1rja kez\u00e9t. A p\u00e1r 2019-ben h\u00e1zasodott \u00f6ssze, 2020-ban gyermek\u00fck sz\u00fcletett, h\u00e1zass\u00e1guk azonban v\u00e9g\u00fcl 2025-ben v\u00e1l\u00e1ssal \u00e9rt v\u00e9get.<\/p>\n<p>                                    Fot\u00f3: Theo Wargo \/ Getty Images Hungary<\/p>\n<p>                                    <img decoding=\"async\" id=\"kep71369447\" loading=\"lazy\" src=\"https:\/\/www.europesays.com\/hu\/wp-content\/uploads\/2026\/09\/71369447_6081eddc1a5de99cb0cc3133f573260a_l.jpg\" alt=\"Haley Lu RichardsonHaley Lu Richardson \u00e9s Brett Dier h\u00e9t \u00e9ve alkottak egy p\u00e1rt, amikor a sz\u00edn\u00e9szn\u0151 egyszer csak \u00fagy \u00e9rezte, nincs mire v\u00e1rni\" width=\"760\" height=\"524\" border=\"0\" data-image_width=\"760\" data-image_height=\"524\"\/><br \/>\n                                Haley Lu Richardson<\/p>\n<p>\u00a0<\/p>\n<p>Haley Lu Richardson \u00e9s Brett Dier h\u00e9t \u00e9ve alkottak egy p\u00e1rt, amikor a sz\u00edn\u00e9szn\u0151 egyszer csak \u00fagy \u00e9rezte, nincs mire v\u00e1rni. A l\u00e1nyk\u00e9r\u00e9s egy\u00e1ltal\u00e1n nem volt el\u0151re megtervezett: otthon \u00fcltek \u00e9s pizz\u00e1t ettek, amikor Richardson f\u00e9lbeszak\u00edtotta Diert egy t\u00f6rt\u00e9net k\u00f6zben, \u00e9s megk\u00e9rdezte t\u0151le, hozz\u00e1menne-e.\u00a0 A p\u00e1r eljegyezte egym\u00e1st ugyan, de k\u00e9s\u0151bb, 2020-ban szak\u00edtottak.<\/p>\n<p>                                    Fot\u00f3: Emma McIntyre \/ Getty Images Hungary<\/p>\n<p>                                    <img decoding=\"async\" id=\"kep71369453\" loading=\"lazy\" src=\"https:\/\/www.europesays.com\/hu\/wp-content\/uploads\/2026\/09\/71369453_5b6748d33da932fefa1aceed2d6c0a6c_l.jpg\" alt=\"Kristen BellKristen Bell \u00e9s Dax Shepard ugyan m\u00e1r 2009-ben eljegyezt\u00e9k egym\u00e1st, de kor\u00e1bban \u00fagy d\u00f6nt\u00f6ttek, addig nem h\u00e1zasodnak \u00f6ssze, am\u00edg az azonos nem\u0171 p\u00e1rok nem \u00e9lvezhetnek ugyanolyan h\u00e1zass\u00e1gi jogokat, mint \u0151k, heteroszexu\u00e1lisok\" width=\"760\" height=\"507\" border=\"0\" data-image_width=\"760\" data-image_height=\"507\"\/><br \/>\n                                Kristen Bell<\/p>\n<p>\u00a0<\/p>\n<p>Kristen Bell \u00e9s Dax Shepard ugyan m\u00e1r 2009-ben eljegyezt\u00e9k egym\u00e1st, de kor\u00e1bban \u00fagy d\u00f6nt\u00f6ttek, addig nem h\u00e1zasodnak \u00f6ssze, am\u00edg az azonos nem\u0171 p\u00e1rok nem \u00e9lvezhetnek ugyanolyan h\u00e1zass\u00e1gi jogokat, mint \u0151k, heteroszexu\u00e1lisok. Amikor 2013-ban az Egyes\u00fclt \u00c1llamokban fontos jogi el\u0151rel\u00e9p\u00e9s t\u00f6rt\u00e9nt ezen a t\u00e9ren, Bell a k\u00f6z\u00f6ss\u00e9gi m\u00e9di\u00e1ban ism\u00e9t megk\u00e9rte Shepard kez\u00e9t. N\u00e9h\u00e1ny h\u00f3nappal k\u00e9s\u0151bb \u00f6sszeh\u00e1zasodtak.<\/p>\n<p>                                    Fot\u00f3: Taylor Hill \/ Getty Images Hungary<\/p>\n<p>                                    <img decoding=\"async\" id=\"kep71369449\" loading=\"lazy\" src=\"https:\/\/www.europesays.com\/hu\/wp-content\/uploads\/2026\/09\/71369449_e9fd2626f3720c0570bcd06c8a00380d_l.jpg\" alt=\"PinkPink tal\u00e1n az egyik legl\u00e1tv\u00e1nyosabb l\u00e1nyk\u00e9r\u00e9st v\u00e1lasztotta\" width=\"760\" height=\"506\" border=\"0\" data-image_width=\"760\" data-image_height=\"506\"\/><br \/>\n                                Pink<\/p>\n<p>\u00a0<\/p>\n<p>Pink tal\u00e1n az egyik legl\u00e1tv\u00e1nyosabb l\u00e1nyk\u00e9r\u00e9st v\u00e1lasztotta. 2005-ben Carey Hart egy motocrossversenyen indult, amikor az \u00e9nekesn\u0151 a p\u00e1lya mell\u0151l egy t\u00e1bl\u00e1t mutatott fel neki, amelyen ez \u00e1llt: \u201eHozz\u00e1m j\u00f6ssz?\u201d Mivel Hart els\u0151re nem \u00e1llt meg, Pink egy m\u00e1sodik t\u00e1bl\u00e1t is el\u0151vett: \u201eKomolyan gondolom!\u201d Hart v\u00e9g\u00fcl igent mondott, a p\u00e1r pedig 2006 janu\u00e1rj\u00e1ban \u00f6sszeh\u00e1zasodott, az\u00f3ta is egy\u00fctt vannak, b\u00e1r a kapcsolatuk \u00e1tment n\u00e9h\u00e1ny hull\u00e1mv\u00f6lgy\u00f6n, id\u00e9n \u00e9v elej\u00e9n el is terjed a pletyka, hogy v\u00e1lnak, \u00e1m egyel\u0151re ez vakl\u00e1rm\u00e1nak bizonyult.\u00a0<\/p>\n<p>                                    Fot\u00f3: Kevin Mazur \/ Getty Images Hungary<\/p>\n<p>                                    <img decoding=\"async\" id=\"kep71369445\" loading=\"lazy\" src=\"https:\/\/www.europesays.com\/hu\/wp-content\/uploads\/2026\/09\/71369445_1557d87121f6d6a220c59f393fda471e_l.jpg\" alt=\"Britney SpearsBritney Spears \u00e9s Kevin Federline 2004-ben egy \u00cdrorsz\u00e1gb\u00f3l New Yorkba tart\u00f3 rep\u00fcl\u0151\u00faton besz\u00e9lgettek a h\u00e1zass\u00e1gr\u00f3l, amikor Spears egyszer csak megk\u00e9rte a f\u00e9rfi kez\u00e9t\" width=\"760\" height=\"674\" border=\"0\" data-image_width=\"760\" data-image_height=\"674\"\/><br \/>\n                                Britney Spears<\/p>\n<p>\u00a0<\/p>\n<p>Britney Spears \u00e9s Kevin Federline 2004-ben egy \u00cdrorsz\u00e1gb\u00f3l New Yorkba tart\u00f3 rep\u00fcl\u0151\u00faton besz\u00e9lgettek a h\u00e1zass\u00e1gr\u00f3l, amikor Spears egyszer csak megk\u00e9rte a f\u00e9rfi kez\u00e9t. Federline els\u0151 reakci\u00f3ja azonban az volt, hogy nemet mond, mert \u00fagy gondolta, neki kellene feltennie a k\u00e9rd\u00e9st. N\u00e9h\u00e1ny perccel k\u00e9s\u0151bb ez\u00e9rt szerepet cser\u00e9ltek, \u00e9s v\u00e9g\u00fcl \u0151 k\u00e9rte meg Spears kez\u00e9t. A p\u00e1r m\u00e9g ugyanabban az \u00e9vben \u00f6sszeh\u00e1zasodott, Spears azonban 2006-ban beadta a v\u00e1l\u00f3keresetet.<\/p>\n<p>                                    Fot\u00f3: Jason Merritt \/ Getty Images Hungary<\/p>\n<p>                                    <img decoding=\"async\" id=\"kep71369459\" loading=\"lazy\" src=\"https:\/\/www.europesays.com\/hu\/wp-content\/uploads\/2026\/09\/71369459_cbe121208be49363f1e3a0b2388f2139_l.jpg\" alt=\"Elizabeth TaylorElizabeth Taylor \u00f6sszesen h\u00e9t k\u00fcl\u00f6nb\u00f6z\u0151 f\u00e9rfival k\u00f6t\u00f6tt h\u00e1zass\u00e1got, de k\u00f6z\u00fcl\u00fck csak egynek k\u00e9rte meg \u0151 maga a kez\u00e9t\" width=\"760\" height=\"547\" border=\"0\" data-image_width=\"760\" data-image_height=\"547\"\/><br \/>\n                                Elizabeth Taylor<\/p>\n<p>\u00a0<\/p>\n<p>Elizabeth Taylor \u00f6sszesen h\u00e9t k\u00fcl\u00f6nb\u00f6z\u0151 f\u00e9rfival k\u00f6t\u00f6tt h\u00e1zass\u00e1got, de k\u00f6z\u00fcl\u00fck csak egynek k\u00e9rte meg \u0151 maga a kez\u00e9t. A brit sz\u00edn\u00e9sz Michael Wilding h\u00fasz \u00e9vvel volt id\u0151sebb n\u00e1la, amikor Taylor megk\u00e9rdezte t\u0151le, szeretne-e hozz\u00e1menni. Wilding igent mondott, 1952-ben \u00f6sszeh\u00e1zasodtak, \u00e9s k\u00e9t fiuk sz\u00fcletett. \u00d6t \u00e9vvel k\u00e9s\u0151bb b\u00e9k\u00e9sen elv\u00e1ltak. (<a id=\"hyperlink_b750e899dbecc9cf8ad70a48653a880b\" href=\"https:\/\/people.com\/female-celebrities-who-proposed-12023033\" target=\"_blank\" rel=\"nofollow noopener\">People<\/a>)<\/p>\n<p>                                    Fot\u00f3: Keystone \/ Getty Images Hungary<\/p>\n<p><a href=\"https:\/\/dex.hu\/x.php?id=googlepref_desktop_velvet&amp;url=https:\/\/google.com\/preferences\/source?q=https:\/\/velvet.hu\/\" class=\"google-pref-banner \" id=\"googlePrefBanner\" rel=\"nofollow noopener\" target=\"_blank\"><\/p>\n<p>        \u00c1ll\u00edtsd be a Google keres\u0151j\u00e9t, hogy a tal\u00e1latok k\u00f6z\u00f6tt biztos ott legyen a Velvet!    <\/p>\n<p><\/a><\/p>\n","protected":false},"excerpt":{"rendered":"Pink egy motocrossverseny k\u00f6zep\u00e9n k\u00e9rte meg Carey Hart kez\u00e9t, Rita Ora pedig egyszer\u0171en k\u00f6z\u00f6lte Taika Waititivel, hogy szeretne&hellip;\n","protected":false},"author":2,"featured_media":229796,"comment_status":"","ping_status":"","sticky":false,"template":"","format":"standard","meta":{"footnotes":"","_share_on_mastodon":"0"},"categories":[21],"tags":[60858,408,3455,198,5977,137,1297,199,44,42,40,7626,4647,43,41,5989,217,2841,138,906],"class_list":["post-229795","post","type-post","status-publish","format-standard","has-post-thumbnail","category-hiressegek","tag-bella-thorne","tag-britney-spears","tag-celeb","tag-celebrities","tag-eljegyzes","tag-entertainment","tag-eskuvo","tag-hiressegek","tag-hu","tag-hungarian","tag-hungary","tag-kristen-bell","tag-lanykeres","tag-magyar","tag-magyarorszag","tag-pink","tag-rita-ora","tag-szerelem","tag-szorakozas","tag-sztarparok"],"share_on_mastodon":{"url":"https:\/\/pubeurope.com\/@hu\/117200852942768811","error":""},"_links":{"self":[{"href":"https:\/\/www.europesays.com\/hu\/wp-json\/wp\/v2\/posts\/229795","targetHints":{"allow":["GET"]}}],"collection":[{"href":"https:\/\/www.europesays.com\/hu\/wp-json\/wp\/v2\/posts"}],"about":[{"href":"https:\/\/www.europesays.com\/hu\/wp-json\/wp\/v2\/types\/post"}],"author":[{"embeddable":true,"href":"https:\/\/www.europesays.com\/hu\/wp-json\/wp\/v2\/users\/2"}],"replies":[{"embeddable":true,"href":"https:\/\/www.europesays.com\/hu\/wp-json\/wp\/v2\/comments?post=229795"}],"version-history":[{"count":0,"href":"https:\/\/www.europesays.com\/hu\/wp-json\/wp\/v2\/posts\/229795\/revisions"}],"wp:featuredmedia":[{"embeddable":true,"href":"https:\/\/www.europesays.com\/hu\/wp-json\/wp\/v2\/media\/229796"}],"wp:attachment":[{"href":"https:\/\/www.europesays.com\/hu\/wp-json\/wp\/v2\/media?parent=229795"}],"wp:term":[{"taxonomy":"category","embeddable":true,"href":"https:\/\/www.europesays.com\/hu\/wp-json\/wp\/v2\/categories?post=229795"},{"taxonomy":"post_tag","embeddable":true,"href":"https:\/\/www.europesays.com\/hu\/wp-json\/wp\/v2\/tags?post=229795"}],"curies":[{"name":"wp","href":"https:\/\/api.w.org\/{rel}","templated":true}]}}