{"id":229803,"date":"2026-09-02T10:05:10","date_gmt":"2026-09-02T10:05:10","guid":{"rendered":"https:\/\/www.europesays.com\/hu\/229803\/"},"modified":"2026-09-02T10:05:10","modified_gmt":"2026-09-02T10:05:10","slug":"het-magyar-jatekos-europa-legjobbjai-es-minden-meccs-egy-helyen-indul-a-bajnokok-ligaja-az-rtl-premiumon","status":"publish","type":"post","link":"https:\/\/www.europesays.com\/hu\/229803\/","title":{"rendered":"H\u00e9t magyar j\u00e1t\u00e9kos, Eur\u00f3pa legjobbjai \u00e9s minden meccs egy helyen \u2013 indul a Bajnokok Lig\u00e1ja az RTL+ Premiumon"},"content":{"rendered":"<p>Szoboszlai Dominik \u00e9s Kerkez Milos a Liverpoollal, Sallai Roland a Galatasaray-jal, Willi Orb\u00e1n az RB Leipziggel, Gul\u00e1csi P\u00e9ter a Villarreal csapat\u00e1val, m\u00edg Varga Barnab\u00e1s \u00e9s Vit\u00e1lis Mil\u00e1n az AEK Ath\u00e9nnal lesz ott a Bajnokok Lig\u00e1ja ligaszakasz\u00e1ban.<\/p>\n<p>A magyar futballszurkol\u00f3k sz\u00e1m\u00e1ra \u00edgy szinte minden \u2013 az els\u0151 j\u00e1t\u00e9kh\u00e9ten h\u00e1rom napos -fordul\u00f3 tartogathat k\u00fcl\u00f6nleges t\u00f6rt\u00e9netet. R\u00e1ad\u00e1sul a sorsol\u00e1s magyar\u2013magyar p\u00e1rharcokat is hozott:\u00a0<\/p>\n<p class=\"highlight highlight--1\">a Liverpool Gul\u00e1csi P\u00e9ter Villarrealj\u00e1val tal\u00e1lkozik, m\u00edg Sallai Roland Galatasaraya Varga Barnab\u00e1s \u00e9s Vit\u00e1lis Mil\u00e1n AEK Ath\u00e9nj\u00e1val is \u00f6sszecsap.<\/p>\n<p>Az RTL rengeteg saj\u00e1t gy\u00e1rt\u00e1s\u00fa magazinm\u0171sorral, t\u00f6bb mint 50 UEFA \u00e1ltal k\u00e9sz\u00edtett extra, plusz tartalommal k\u00e9sz\u00fcl a szezonra.<\/p>\n<p>Minden meccs &#8211; egy helyen<\/p>\n<p>Az <a target=\"_blank\" rel=\"noopener noreferrer nofollow\" href=\"https:\/\/www.rtlplusz.hu\/premium?utm_source=rtlhu&amp;utm_medium=show_category_page_hero&amp;utm_campaign=uefa\">RTL+ Premium el\u0151fizet\u0151i <\/a>v\u00e1laszthatnak a m\u00e9rk\u0151z\u00e9sek k\u00f6z\u00f6tt: az UEFA Bajnokok Lig\u00e1ja minden m\u00e9rk\u0151z\u00e9se el\u00e9rhet\u0151 lesz \u00e9l\u0151ben, magyar komment\u00e1rral a streamingplatformon.<\/p>\n<p>Azaz a n\u00e9z\u0151 d\u00f6ntheti el, melyik csapatot, melyik magyar j\u00e1t\u00e9kost vagy \u00e9ppen melyik rangad\u00f3t akarja k\u00f6vetni. A streaming ny\u00fajtotta szabads\u00e1gnak k\u00f6sz\u00f6nhet\u0151en a m\u00e9rk\u0151z\u00e9sek \u00e9l\u0151ben \u00e9s k\u00e9s\u0151bb visszan\u00e9zve is k\u00f6vethet\u0151k, jobb k\u00e9pmin\u0151s\u00e9gben, mint a hagyom\u00e1nyos, telev\u00edzi\u00f3s ad\u00e1s. Nem besz\u00e9lve az Android \u00e9s iOS k\u00e9sz\u00fcl\u00e9keken el\u00e9rhet\u0151 RTL+ StatZone funkci\u00f3r\u00f3l, amely \u00e9l\u0151 statisztik\u00e1kat biztos\u00edt a fanatikus szurkol\u00f3knak, az \u00e9l\u0151 k\u00f6zvet\u00edt\u00e9sek alatt. \u00a0<\/p>\n<p>Az <a target=\"_blank\" rel=\"noopener noreferrer nofollow\" href=\"https:\/\/www.rtlplusz.hu\/premium?utm_source=rtlhu&amp;utm_medium=show_category_page_hero&amp;utm_campaign=uefa\">RTL+ Premiumnak <\/a>k\u00f6sz\u00f6nhet\u0151en nem lehet lemaradni egy fontos magyar pillanatr\u00f3l, egy sorsd\u00f6nt\u0151 g\u00f3lr\u00f3l vagy az id\u00e9ny legnagyobb rangad\u00f3j\u00e1r\u00f3l, m\u00e9g akkor sem, ha t\u00f6bb m\u00e9rk\u0151z\u00e9st rendeznek egy id\u0151ben, vagy az \u00e9l\u0151 k\u00f6zvet\u00edt\u00e9s id\u0151pontja \u00e9ppen nem alkalmas. A szezon \u00f6sszes m\u00e9rk\u0151z\u00e9se \u00e9l\u0151ben, magyar komment\u00e1rral!<\/p>\n","protected":false},"excerpt":{"rendered":"Szoboszlai Dominik \u00e9s Kerkez Milos a Liverpoollal, Sallai Roland a Galatasaray-jal, Willi Orb\u00e1n az RB Leipziggel, Gul\u00e1csi P\u00e9ter&hellip;\n","protected":false},"author":2,"featured_media":229804,"comment_status":"","ping_status":"","sticky":false,"template":"","format":"standard","meta":{"footnotes":"","_share_on_mastodon":"0"},"categories":[3],"tags":[1812,11669,107,106,105,378,553,42,3138,502,43,60859,4124,1030,45,1811,552,4248,1064,34435],"class_list":["post-229803","post","type-post","status-publish","format-standard","has-post-thumbnail","category-europa","tag-bajnokok-ligaja","tag-elozetesek","tag-eu","tag-europa","tag-europe","tag-foci","tag-futball","tag-hungarian","tag-kerkez-milos","tag-labdarugas","tag-magyar","tag-magyar-jatekosok","tag-rtl-premium","tag-sallai-roland","tag-sport","tag-szoboszlai-dominik","tag-uefa","tag-varga-barnabas","tag-video","tag-vitalis-milan"],"share_on_mastodon":{"url":"https:\/\/pubeurope.com\/@hu\/117200887830894248","error":""},"_links":{"self":[{"href":"https:\/\/www.europesays.com\/hu\/wp-json\/wp\/v2\/posts\/229803","targetHints":{"allow":["GET"]}}],"collection":[{"href":"https:\/\/www.europesays.com\/hu\/wp-json\/wp\/v2\/posts"}],"about":[{"href":"https:\/\/www.europesays.com\/hu\/wp-json\/wp\/v2\/types\/post"}],"author":[{"embeddable":true,"href":"https:\/\/www.europesays.com\/hu\/wp-json\/wp\/v2\/users\/2"}],"replies":[{"embeddable":true,"href":"https:\/\/www.europesays.com\/hu\/wp-json\/wp\/v2\/comments?post=229803"}],"version-history":[{"count":0,"href":"https:\/\/www.europesays.com\/hu\/wp-json\/wp\/v2\/posts\/229803\/revisions"}],"wp:featuredmedia":[{"embeddable":true,"href":"https:\/\/www.europesays.com\/hu\/wp-json\/wp\/v2\/media\/229804"}],"wp:attachment":[{"href":"https:\/\/www.europesays.com\/hu\/wp-json\/wp\/v2\/media?parent=229803"}],"wp:term":[{"taxonomy":"category","embeddable":true,"href":"https:\/\/www.europesays.com\/hu\/wp-json\/wp\/v2\/categories?post=229803"},{"taxonomy":"post_tag","embeddable":true,"href":"https:\/\/www.europesays.com\/hu\/wp-json\/wp\/v2\/tags?post=229803"}],"curies":[{"name":"wp","href":"https:\/\/api.w.org\/{rel}","templated":true}]}}