{"id":229813,"date":"2026-09-02T10:10:11","date_gmt":"2026-09-02T10:10:11","guid":{"rendered":"https:\/\/www.europesays.com\/hu\/229813\/"},"modified":"2026-09-02T10:10:11","modified_gmt":"2026-09-02T10:10:11","slug":"after-megszuletett-john-lennon-es-yoko-ono-unokaja","status":"publish","type":"post","link":"https:\/\/www.europesays.com\/hu\/229813\/","title":{"rendered":"After: Megsz\u00fcletett John Lennon \u00e9s Yoko Ono unok\u00e1ja"},"content":{"rendered":"<p><img decoding=\"async\" src=\"https:\/\/www.europesays.com\/hu\/wp-content\/uploads\/2026\/09\/1788340867-temp-bga9d2pocdt73bkhbjj_hero-normal:xl.jpg\"  loading=\"eager\" alt=\"Megsz\u00fcletett John Lennon \u00e9s Yoko Ono unok\u00e1ja\" class=\"placeholder_\"\/><\/p>\n<p>Sean Ono Lennon, Yoko Ono \u00e9s Charlotte Kemp Muhl 2024. janu\u00e1r 26-\u00e1n Los Angelesben a Grammy-g\u00e1l\u00e1n \u2013 Fot\u00f3: Christopher Polk \/ Getty Images \/ AFP<\/p>\n<p><a href=\"https:\/\/telex.hu\/szerzo\/aradi-hanga-zsofia\" class=\"author__avatar\" rel=\"nofollow noopener\" target=\"_blank\"><img decoding=\"async\" src=\"https:\/\/www.europesays.com\/hu\/wp-content\/uploads\/2026\/09\/1763379444-temp-piqnisjjnrh86FcbmFb_avatar@4x.jpg\" alt=\"Aradi Hanga Zs\u00f3fia\" class=\"avatar\" loading=\"lazy\"\/><\/a><\/p>\n<p>Fia sz\u00fcletett Sean Ono Lennonnak \u00e9s bar\u00e1tn\u0151j\u00e9nek, Charlotte Kemp Muhlnek. A h\u00edrt a p\u00e1r az <a href=\"https:\/\/www.instagram.com\/p\/DcxLOq-qxsy\/?utm_source=ig_embed&amp;ig_rid=A2JljNeRw6LdI3s4wi-icc4\" target=\"_blank\" rel=\"nofollow noopener\">Instagramon jelentette be<\/a>, a kisfi\u00fat Aureliusnak nevezt\u00e9k el \u2013 <a href=\"https:\/\/www.rollingstone.com\/music\/music-news\/sean-ono-lennon-baby-boy-john-lennon-yoko-ono-grandchild-1235619534\/\" target=\"_blank\" rel=\"nofollow noopener\">\u00edrja a Rolling Stone magazin<\/a>.<\/p>\n<p>Aurelius Yoko Ono \u00e9s John Lennon els\u0151 unok\u00e1ja. Sean Ono Lennon 1975-ben sz\u00fcletett. Apja, John Lennon 1980-ban halt meg, miut\u00e1n New Yorkban, a ny\u00edlt utc\u00e1n <a href=\"https:\/\/telex.hu\/after\/2020\/12\/08\/20-eve-probal-szabadulni-a-bortonbol-john-lennon-gyilkosa\" class=\"\" rel=\"nofollow noopener\" target=\"_blank\">lel\u0151tte<\/a> egy Mark David Chapman nev\u0171 f\u00e9rfi. Lennon a hal\u00e1la el\u0151tt adta ki a feles\u00e9g\u00e9vel k\u00f6z\u00f6s album\u00e1t, a Double Fantasyt, rajta a Beautiful Boy (Darling Boy) c\u00edm\u0171 sz\u00e1mmal, amelyet a kisfiuk, Sean sz\u00e1m\u00e1ra \u00edrtak. Sean fiatalon kezdett el zen\u00e9vel foglalkozni, t\u00f6bb zenekarban is j\u00e1tszott \u00e9s k\u00e9t sz\u00f3l\u00f3albumot is kiadott. A mag\u00e1n\u00e9let\u00e9r\u0151l ritk\u00e1n nyilatkozik. 2005-ben tal\u00e1lkozott a szint\u00e9n zen\u00e9sz Charlotte Kemp Muhllel, amikor a f\u00e9rfi 29, a n\u0151 17 \u00e9ves volt. A bar\u00e1ts\u00e1guk k\u00e9s\u0151bb kreat\u00edv partners\u00e9gg\u00e9, majd szerelemm\u00e9 alakult, t\u00f6bb k\u00f6z\u00f6s zenei projektj\u00fck is van.<\/p>\n<p>Sean Ono Lennon az ut\u00f3bbi \u00e9vekben \u00e1tvette apja hagyat\u00e9k\u00e1nak kezel\u00e9s\u00e9t 93 \u00e9ves \u00e9desanyj\u00e1t\u00f3l. \u201eA sz\u00fcleim annyi mindent adtak nekem, szerintem a legkevesebb, amit tehetek, hogy megpr\u00f3b\u00e1lom \u00e9letem sor\u00e1n \u00e1polni az \u00f6r\u00f6ks\u00e9g\u00fcket. \u00dagy \u00e9rzem, egyszer\u0171en tartozom nekik ezzel\u201d \u2013 mondta kor\u00e1bban a CBS-nek. \u201eNyilv\u00e1n az eg\u00e9sz vil\u00e1g is \u0151rzi az \u00f6r\u00f6ks\u00e9g\u00e9t. \u00c9n csak minden t\u0151lem telhet\u0151t megteszek, hogy a fiatalabb gener\u00e1ci\u00f3 se feledkezzen meg a Beatlesr\u0151l, Johnr\u00f3l \u00e9s Yok\u00f3r\u00f3l\u201d, tette hozz\u00e1<\/p>\n<p>K\u00f6vess minket Facebookon is!<\/p>\n<p><script async src=\"\/\/www.instagram.com\/embed.js\"><\/script><\/p>\n","protected":false},"excerpt":{"rendered":"Sean Ono Lennon, Yoko Ono \u00e9s Charlotte Kemp Muhl 2024. janu\u00e1r 26-\u00e1n Los Angelesben a Grammy-g\u00e1l\u00e1n \u2013 Fot\u00f3:&hellip;\n","protected":false},"author":2,"featured_media":229814,"comment_status":"","ping_status":"","sticky":false,"template":"","format":"standard","meta":{"footnotes":"","_share_on_mastodon":"0"},"categories":[21],"tags":[161,198,60865,137,199,44,42,40,7483,43,41,60864,138,8211,7482],"class_list":["post-229813","post","type-post","status-publish","format-standard","has-post-thumbnail","category-hiressegek","tag-after","tag-celebrities","tag-charlotte-kemp-muhl","tag-entertainment","tag-hiressegek","tag-hu","tag-hungarian","tag-hungary","tag-john-lennon","tag-magyar","tag-magyarorszag","tag-sean-ono-lennon","tag-szorakozas","tag-unoka","tag-yoko-ono"],"share_on_mastodon":{"url":"https:\/\/pubeurope.com\/@hu\/117200907770736175","error":""},"_links":{"self":[{"href":"https:\/\/www.europesays.com\/hu\/wp-json\/wp\/v2\/posts\/229813","targetHints":{"allow":["GET"]}}],"collection":[{"href":"https:\/\/www.europesays.com\/hu\/wp-json\/wp\/v2\/posts"}],"about":[{"href":"https:\/\/www.europesays.com\/hu\/wp-json\/wp\/v2\/types\/post"}],"author":[{"embeddable":true,"href":"https:\/\/www.europesays.com\/hu\/wp-json\/wp\/v2\/users\/2"}],"replies":[{"embeddable":true,"href":"https:\/\/www.europesays.com\/hu\/wp-json\/wp\/v2\/comments?post=229813"}],"version-history":[{"count":0,"href":"https:\/\/www.europesays.com\/hu\/wp-json\/wp\/v2\/posts\/229813\/revisions"}],"wp:featuredmedia":[{"embeddable":true,"href":"https:\/\/www.europesays.com\/hu\/wp-json\/wp\/v2\/media\/229814"}],"wp:attachment":[{"href":"https:\/\/www.europesays.com\/hu\/wp-json\/wp\/v2\/media?parent=229813"}],"wp:term":[{"taxonomy":"category","embeddable":true,"href":"https:\/\/www.europesays.com\/hu\/wp-json\/wp\/v2\/categories?post=229813"},{"taxonomy":"post_tag","embeddable":true,"href":"https:\/\/www.europesays.com\/hu\/wp-json\/wp\/v2\/tags?post=229813"}],"curies":[{"name":"wp","href":"https:\/\/api.w.org\/{rel}","templated":true}]}}