{"id":229827,"date":"2026-09-02T10:23:23","date_gmt":"2026-09-02T10:23:23","guid":{"rendered":"https:\/\/www.europesays.com\/hu\/229827\/"},"modified":"2026-09-02T10:23:23","modified_gmt":"2026-09-02T10:23:23","slug":"rekordot-dont-a-legiforgalom-budapest-es-kina-kozott","status":"publish","type":"post","link":"https:\/\/www.europesays.com\/hu\/229827\/","title":{"rendered":"Rekordot d\u00f6nt a l\u00e9giforgalom Budapest \u00e9s K\u00edna k\u00f6z\u00f6tt"},"content":{"rendered":"<p>        <img decoding=\"async\" src=\"https:\/\/www.europesays.com\/hu\/wp-content\/uploads\/2026\/09\/IMG_9677.jpeg\" alt=\"Rekordot d\u00f6nt a l\u00e9giforgalom Budapest \u00e9s K\u00edna k\u00f6z\u00f6tt\" loading=\"lazy\" class=\"img-fluid w-100\" style=\"\"\/><br \/>\n                    K\u00ednai rep\u00fcl\u0151g\u00e9p a Liszt Ferenc Nemzetk\u00f6zi Rep\u00fcl\u0151t\u00e9ren 2026 augusztus\u00e1ban (Fot\u00f3: Magyar Hang\/Luk\u00e1cs Csaba)                         <\/p>\n<p>Minden bizonnyal minden eddigi rekordot megd\u00f6nt az idei l\u00e9giforgalom m\u00e9rt\u00e9ke Magyarorsz\u00e1g \u00e9s K\u00edna k\u00f6z\u00f6tt. Szijj\u00e1rt\u00f3 P\u00e9ter kor\u00e1bbi k\u00fcl\u00fcgyminiszter febru\u00e1rban arr\u00f3l besz\u00e9lt: az eddigi heti 42-r\u0151l 77-re n\u00f6vekszik a Budapestet k\u00ednai nagyv\u00e1rosokkal \u00f6sszek\u00f6t\u0151 j\u00e1ratok sz\u00e1ma, amelyb\u0151l 35 utassz\u00e1ll\u00edt\u00f3 \u00e9s 42 \u00e1rusz\u00e1ll\u00edt\u00f3 lesz. \u00dagy tudjuk, ez v\u00e9g\u00fcl t\u00falzottan optimista becsl\u00e9snek bizonyult, de \u00edgy is ugr\u00e1sszer\u0171en n\u00f6vekedett a l\u00e9gikapcsolat a k\u00e9t orsz\u00e1g k\u00f6z\u00f6tt.<\/p>\n<p>A ny\u00e1ri szezonban az al\u00e1bbi v\u00e1rosok \u00e9rhet\u0151ek el \u00e1tsz\u00e1ll\u00e1s n\u00e9lk\u00fcl Budapestr\u0151l a turist\u00e1k sz\u00e1m\u00e1ra:<\/p>\n<p>Peking (Air China \u2013 napi j\u00e1rat)<\/p>\n<p>Sanghaj (China Eastern\/Shanghai Airlines \u2013 napi j\u00e1rat)<\/p>\n<p>Kanton (China Southern \u2013 heti 4)<\/p>\n<p>Sencsen (Hainan Airlines \u2013 heti 2)<\/p>\n<p>Ningpo (China Eastern\/Shanghai Airlines \u2013 heti 2)<\/p>\n<p>Hszian (China Eastern\/Shanghai Airlines \u2013 heti 1)<\/p>\n<p>Csungking (Air China \u2013 heti 1)<\/p>\n<p>Mindez azt jelenti, hogy az idei ny\u00e1ri szezonban a tavalyin\u00e1l sz\u00e1zezerrel t\u00f6bb (!), \u00f6sszesen 357 300 \u00fcl\u0151hely \u00e9rhet\u0151 el a k\u00e9t orsz\u00e1g k\u00f6z\u00f6tt, ezzel Budapest K\u00edna egyik legfontosabb eur\u00f3pai csom\u00f3pontj\u00e1v\u00e1 v\u00e1lt.<\/p>\n<p>R\u00e1ad\u00e1sul a j\u00e1ratok t\u00f6bbs\u00e9ge t\u00f6mve van: munkat\u00e1rsunk m\u00falt h\u00e9t kedden rep\u00fclt Shanghajba egy csoporttal \u00fagy, hogy az utast\u00e1rsak egy r\u00e9sze a becsekkol\u00e1sn\u00e1l v\u00e1r\u00f3list\u00e1ra ker\u00fclt, e h\u00e9t h\u00e9tf\u0151n pedig a Peking\u2013Budapest \u00fatvonalon j\u00f6tt haza egy szint\u00e9n zs\u00fafol\u00e1sig tele j\u00e1raton. Mindk\u00e9t g\u00e9pen a k\u00ednai utasok mellett b\u0151ven voltak magyarok is, s\u0151t sokan m\u00e1s uni\u00f3s orsz\u00e1gokb\u00f3l.<\/p>\n<p>A k\u00ednai j\u00e1ratok n\u00e9pszer\u0171s\u00e9ge t\u00f6bb oknak k\u00f6sz\u00f6nhet\u0151, de ezek k\u00f6z\u00fcl a legfontosabb az olcs\u00f3bb jegy\u00e1r \u00e9s a r\u00f6videbb menetid\u0151. Mivel az orosz-ukr\u00e1n h\u00e1bor\u00fa kirobban\u00e1sakor az orosz g\u00e9peket az EU kitiltotta az uni\u00f3b\u00f3l, v\u00e1laszul Oroszorsz\u00e1g sem engedi \u00e1t ter\u00fclet\u00e9n a EU-s orsz\u00e1gok l\u00e9git\u00e1rsas\u00e1gait, \u00edgy azok j\u00f3kora ker\u00fcl\u0151re k\u00e9nyszer\u00fclnek. Az pedig hosszabb menetid\u0151t \u00e9s t\u00f6bb elfogyasztott \u00fczemanyagot, \u00edgy dr\u00e1g\u00e1bb jegy\u00e1rakat is jelent. R\u00e1ad\u00e1sul a k\u00ednai g\u00e9pek hat\u00e9kony \u00fczemeltet\u00e9s\u00e9t jelent\u0151sen seg\u00edti a hatalmas \u00e1ruforgalom is: az utassz\u00e1ll\u00edt\u00f3 g\u00e9pek csomagter\u00e9ben jelent\u0151s mennyis\u00e9g\u0171 \u00fagynevezett belly-cargo, vagyis als\u00f3 rakteres csomag is \u00e9rkezik Budapestre.<\/p>\n<p>A fenti l\u00e9git\u00e1rsaas\u00e1gokkal utaz\u00f3 magyar \u00e9s uni\u00f3s turist\u00e1k jelent\u0151s r\u00e9sze \u00e1tsz\u00e1ll\u00e1sra haszn\u00e1lja a k\u00ednai nagyv\u00e1rosokat \u2013 T\u00e1vol-Keletre \u00e9s D\u00e9l-\u00c1zsi\u00e1ba, de ak\u00e1r m\u00e9g Ausztr\u00e1li\u00e1ba is \u00edgy tudnak olcs\u00f3bban \u00e9s sok esetben gyorsabban eljutni.<\/p>\n","protected":false},"excerpt":{"rendered":"K\u00ednai rep\u00fcl\u0151g\u00e9p a Liszt Ferenc Nemzetk\u00f6zi Rep\u00fcl\u0151t\u00e9ren 2026 augusztus\u00e1ban (Fot\u00f3: Magyar Hang\/Luk\u00e1cs Csaba) Minden bizonnyal minden eddigi rekordot&hellip;\n","protected":false},"author":2,"featured_media":229828,"comment_status":"","ping_status":"","sticky":false,"template":"","format":"standard","meta":{"footnotes":"","_share_on_mastodon":"0"},"categories":[22],"tags":[73,44,42,40,19603,60866,43,41],"class_list":["post-229827","post","type-post","status-publish","format-standard","has-post-thumbnail","category-budapest","tag-budapest","tag-hu","tag-hungarian","tag-hungary","tag-kna","tag-lgiforgalom","tag-magyar","tag-magyarorszag"],"share_on_mastodon":{"url":"https:\/\/pubeurope.com\/@hu\/117200959057203405","error":""},"_links":{"self":[{"href":"https:\/\/www.europesays.com\/hu\/wp-json\/wp\/v2\/posts\/229827","targetHints":{"allow":["GET"]}}],"collection":[{"href":"https:\/\/www.europesays.com\/hu\/wp-json\/wp\/v2\/posts"}],"about":[{"href":"https:\/\/www.europesays.com\/hu\/wp-json\/wp\/v2\/types\/post"}],"author":[{"embeddable":true,"href":"https:\/\/www.europesays.com\/hu\/wp-json\/wp\/v2\/users\/2"}],"replies":[{"embeddable":true,"href":"https:\/\/www.europesays.com\/hu\/wp-json\/wp\/v2\/comments?post=229827"}],"version-history":[{"count":0,"href":"https:\/\/www.europesays.com\/hu\/wp-json\/wp\/v2\/posts\/229827\/revisions"}],"wp:featuredmedia":[{"embeddable":true,"href":"https:\/\/www.europesays.com\/hu\/wp-json\/wp\/v2\/media\/229828"}],"wp:attachment":[{"href":"https:\/\/www.europesays.com\/hu\/wp-json\/wp\/v2\/media?parent=229827"}],"wp:term":[{"taxonomy":"category","embeddable":true,"href":"https:\/\/www.europesays.com\/hu\/wp-json\/wp\/v2\/categories?post=229827"},{"taxonomy":"post_tag","embeddable":true,"href":"https:\/\/www.europesays.com\/hu\/wp-json\/wp\/v2\/tags?post=229827"}],"curies":[{"name":"wp","href":"https:\/\/api.w.org\/{rel}","templated":true}]}}