{"id":229829,"date":"2026-09-02T10:24:16","date_gmt":"2026-09-02T10:24:16","guid":{"rendered":"https:\/\/www.europesays.com\/hu\/229829\/"},"modified":"2026-09-02T10:24:16","modified_gmt":"2026-09-02T10:24:16","slug":"sebestyen-balazs-a-celebuldozos-rtl-es-musoraban-felhivta-vitezy-minisztert-hogy-segitseget-kerjen-tole","status":"publish","type":"post","link":"https:\/\/www.europesays.com\/hu\/229829\/","title":{"rendered":"Sebesty\u00e9n Bal\u00e1zs a celeb\u00fcld\u00f6z\u0151s RTL-es m\u0171sor\u00e1ban felh\u00edvta Vit\u00e9zy minisztert, hogy seg\u00edts\u00e9get k\u00e9rjen t\u0151le"},"content":{"rendered":"<p class=\"\">\n    \u2013 Vit\u00e9zy D\u00e1vid, szia, Bal\u00e1zs!\n  <\/p>\n<p class=\"\">\n    \u2013 Szia, D\u00e1vid, bocs\u00e1nat, zavarhatlak egy pillanatra?\n  <\/p>\n<p class=\"\">\n    \u2013 Persze, persze!\n  <\/p>\n<p class=\"\">\n    \u2013 Bocs\u00e1nat, ne haragudj, hogy ilyen v\u00e1ratlanul h\u00edvtalak, egy nagyon fontos k\u00fcldet\u00e9sben vagyunk \u00e9ppen, \u00e9s egy jelad\u00f3t\u00f3l kellene megszabadulnunk. Nem tudsz r\u00e1n\u00e9zni arra, hogy Kecskem\u00e9ten milyen tehervonatok vannak bent ebben a pillanatban? Ne n\u00e9zz teljesen bolodnak, teljesen valid a k\u00e9rd\u00e9s. Van b\u00e1rmilyen vonat, ami bent \u00e1ll \u00e9s messzire megy?\n  <\/p>\n<p class=\"\">\n    \u2013 Kecskem\u00e9ten, tehervonat? Ut\u00e1na tudok n\u00e9zni nagyon gyorsan!\n  <\/p>\n<p class=\"\">\n    \u2013 Vissza tudsz nek\u00fcnk sz\u00f3lni? Bocs\u00e1nat D\u00e1vid, hogy ilyenekkel&#8230; k\u00f6sz\u00f6n\u00f6m sz\u00e9pen, nagyon dr\u00e1ga vagy! K\u00f6szi, k\u00f6szi!\n  <\/p>\n<p class=\"\">\n    \u2013 K\u00f6szi, hell\u00f3, hell\u00f3!\n  <\/p>\n<p class=\"\">\n    A fenti telefonbesz\u00e9lget\u00e9s Sebesty\u00e9n Bal\u00e1zs RTL-es \u00e9s R\u00e1di\u00f3 1-es m\u0171sorvezet\u0151 \u00e9s Vit\u00e9zy D\u00e1vid k\u00f6zleked\u00e9si \u00e9s beruh\u00e1z\u00e1si miniszter k\u00f6z\u00f6tt zajlott le az RTL celebeket \u00fcld\u00f6z\u0151, Most Wanted c\u00edm\u0171, \u201einterakt\u00edv menek\u00fcl\u0151s reality\u201d-nek nevezett m\u0171sor\u00e1ban. Annak is a m\u00e1sodik j\u00e1t\u00e9knapj\u00e1n, a harmadik r\u00e9sz kezdet\u00e9n, amikor a rend\u0151rnek \u00f6lt\u00f6z\u00f6tt Sebesty\u00e9n Bal\u00e1zs a rend\u0151rnek \u00f6lt\u00f6z\u00f6tt celebfodr\u00e1sz Frohner Fec\u00f3val \u00e9s a rend\u0151rnek \u00f6lt\u00f6z\u00f6tt \u00e9nekessel, P\u00e1pai Jocival egy\u00fctt aut\u00f3ba v\u00e1gt\u00e1k magukat, hogy folytass\u00e1k a rabruh\u00e1ba \u00f6lt\u00f6ztetett celebek \u00fcld\u00f6z\u00e9s\u00e9t Magyarorsz\u00e1g \u00fatjain.\n  <\/p>\n<p class=\"\">\n    Merthogy \u00fajraindult az a m\u0171sor, amiben 24 p\u00e1rba \u00e1ll\u00edtott, narancss\u00e1rga rabruh\u00e1s celeb menek\u00fcl napokon \u00e1t telefon \u00e9s p\u00e9nz n\u00e9lk\u00fcl az orsz\u00e1gban, Sebesty\u00e9n Bal\u00e1zs, P\u00e1pai Joci \u00e9s Frohner Fec\u00f3 el\u0151l. (A kiz\u00e1r\u00f3lag NatGe\u00f3t fogyaszt\u00f3 olvas\u00f3k <a href=\"https:\/\/444.hu\/2025\/11\/14\/az-rtl-bemutatja-sebestyen-balazs-felfokozott-allapotban-uvolt-egy-enyhen-toxic-szerepjatekban\" target=\"_blank\" rel=\"nofollow noopener\">ezt a tavalyi anyagot<\/a> elolvasva tudnak t\u00e1j\u00e9koz\u00f3dni b\u0151vebben arr\u00f3l, hogy mi ez az eg\u00e9sz.)\n  <\/p>\n<p class=\"\">\n    Vit\u00e9zy nem sokkal k\u00e9s\u0151bb visszah\u00edvta Sebesty\u00e9n Bal\u00e1zst, elhadarta, hogy milyen tehervonatok \u00e1llnak az \u00e1llom\u00e1son, Sebesty\u00e9n megk\u00f6sz\u00f6nte, letette a telefont, majd \u00edgy sz\u00f3lt: \u201eKit h\u00edvjak f\u00f6l? Magyar P\u00e9tert?\u201d \u201eAzt majd a d\u00f6nt\u0151ben!\u201d \u2013 mondta erre P\u00e1pai Joci.\n  <\/p>\n<p class=\"\">\n    Hogy visszat\u00e9rj\u00fcnk a l\u00e9nyegi r\u00e9szhez, hogy mi\u00e9rt is h\u00edvta fel Sebesty\u00e9n Bal\u00e1zs Vit\u00e9zy D\u00e1vid k\u00f6zleked\u00e9si minisztert: a m\u0171sor els\u0151 r\u00e9sz\u00e9ben Majka \u2013 polg\u00e1ri nev\u00e9n Majoros P\u00e9ter rapper, az RTL \u00e9nekes tehets\u00e9gkutat\u00f3j\u00e1nak mentora, <a href=\"https:\/\/444.hu\/2025\/07\/22\/majka-gyertek-csak-batran-ide-lojetek\" target=\"_blank\" rel=\"nofollow noopener\">a Fidesz kor\u00e1bbi kamp\u00e1ny\u00e1nak egyik f\u0151 ellens\u00e9ge<\/a> \u2013, aki itt a szerepe szerint keresztbe pr\u00f3b\u00e1l tenni a celebeket \u00fcld\u00f6z\u0151 Sebesty\u00e9n Bal\u00e1zs\u00e9knak, jelad\u00f3t rejtett el a kocsijukon. Egy olyan jelad\u00f3t, aminek k\u00f6sz\u00f6nhet\u0151en az \u00fcld\u00f6z\u00f6tt celebek tudj\u00e1k k\u00f6vetni, merre j\u00e1r az \u0151ket \u00fcld\u00f6z\u0151 aut\u00f3. M\u00e1r amennyiben bet\u00e9rnek egy Burger Kingbe, ahol az RTL \u00e9s a gyors\u00e9ttereml\u00e1nc k\u00f6z\u00f6tti k\u00f6lcs\u00f6n\u00f6s rekl\u00e1mszerz\u0151d\u00e9snek k\u00f6sz\u00f6nhet\u0151en ez az inform\u00e1ci\u00f3 megjelenik a hamburgerek mellett a kijelz\u0151k\u00f6n.\n  <\/p>\n<p class=\"\">\n    Sebesty\u00e9n Bal\u00e1zs\u00e9k hogy, hogy nem, csak egy nap ut\u00e1n \u00e9szlelt\u00e9k, hogy az RTL \u00e9s a gyors\u00e9ttereml\u00e1nc k\u00f6z\u00f6tt k\u00f6t\u00f6tt szerz\u0151d\u00e9s \u00e9rtelm\u00e9ben a kocsijukon elhelyezt\u00e9k a nyomk\u00f6vet\u0151t, \u00edgy a m\u00e1sodik napot azzal ind\u00edtott\u00e1k, hogy kital\u00e1lt\u00e1k, \u00e1trakj\u00e1k a jelad\u00f3t egy m\u00e1sik j\u00e1rm\u0171re, mondjuk egy vonatra. Hogy fel k\u00e9ne h\u00edvni emiatt Vit\u00e9zyt, azt Frohner Fec\u00f3 dobta be, ezut\u00e1n hangzott el a fent id\u00e9zett telefonbesz\u00e9lget\u00e9s.\n  <\/p>\n<p class=\"\">\n    \u201eNeked akkora \u00f6sszek\u00f6ttet\u00e9seid vannak!\u201d \u2013 mondta a vit\u00e9zys besz\u00e9lget\u00e9s ut\u00e1n Sebesty\u00e9n Bal\u00e1zsnak a kocsit vezet\u0151 P\u00e1pai Joci, aki p\u00e1r h\u00f3napja m\u00e9g <a href=\"https:\/\/444.hu\/2026\/03\/13\/papai-joci-is-csatlakozik-a-fideszes-celebkoszoruhoz-a-bekemenettel-egybekotott-allami-unnepsegen\" target=\"_blank\" rel=\"nofollow noopener\">a Fidesz m\u00e1rcius 15-ei \u00fcnneps\u00e9g\u00e9n \u00e9nekelt<\/a>.\n  <\/p>\n<p class=\"\">\n    P\u00e1pai Joci tal\u00e1n nem is t\u00e9vedett nagyot az \u201e\u00f6sszek\u00f6ttet\u00e9s\u201d kifejez\u00e9s haszn\u00e1lat\u00e1val, miut\u00e1n ez a telefonbesz\u00e9lget\u00e9s Vit\u00e9zy \u00e9s Sebesty\u00e9n k\u00f6z\u00f6tt mind\u00f6ssze \u00f6t nappal azut\u00e1n esett meg, hogy Vit\u00e9zy D\u00e1vid k\u00f6zleked\u00e9si miniszterk\u00e9nt k\u00fcl\u00f6nbuszokat <a href=\"https:\/\/444.hu\/2026\/08\/07\/vitezy-szerint-az-hogy-65-ezren-vettek-jegyet-sebestyen-balazs-dj-zesere-olyan-mintha-egy-telt-hazas-puskas-meccs-lenne-kettes-metro-nelkul\" target=\"_blank\" rel=\"nofollow noopener\">int\u00e9zett \u2013 de legal\u00e1bbis rekl\u00e1mozott<\/a> \u2013 Sebesty\u00e9n Bal\u00e1zs <a href=\"https:\/\/444.hu\/2026\/08\/09\/haho-ertelmisegiek-itt-egy-dj-oti-magyarazo-azoknak-akik-most-dobbennek-ra-mi-ez-az-egesz\" target=\"_blank\" rel=\"nofollow noopener\">augusztus 8-ai DJ OTI-bulij\u00e1ra<\/a>, amit a Haj\u00f3gy\u00e1ri-szigeten tartottak.\n  <\/p>\n<p>    <a href=\"https:\/\/www.europesays.com\/hu\/wp-content\/uploads\/2026\/09\/8NOu4CeGKxqOmm132s.jpeg\" class=\"uwwrama _1chu0ywg _8b6bx65\" rel=\"nofollow\"><\/p>\n<p>  <img decoding=\"async\" loading=\"lazy\" src=\"https:\/\/www.europesays.com\/hu\/wp-content\/uploads\/2026\/09\/8NOu4CeGKxqOmm132s.jpeg\"   class=\"_672m2jd _1chu0ywo ta3a4c1ey ta3a4c1aa he2knv4 ta3a4c1ey ta3a4czs\" style=\"--_672m2j6:0.75;--_672m2j5:1920px 2560px\" alt=\"\"\/><\/p>\n<p>      <\/a><\/p>\n<p class=\"\">\n    Ezek alapj\u00e1n kis szerencs\u00e9vel a k\u00f6zelj\u00f6v\u0151ben tal\u00e1n \u00fajra \u00e1t\u00e9lhet\u00fcnk ahhoz hasonl\u00f3 pillanatokat, mint amikor Rog\u00e1n Antal a kor\u00e1bbi feles\u00e9g\u00e9vel, Rog\u00e1n Cec\u00edli\u00e1val boh\u00f3ckodott kereskedelmi t\u00e9v\u00e9s sz\u00f3rakoztat\u00f3 m\u0171sorokban.\n  <\/p>\n<p>    <a href=\"https:\/\/www.europesays.com\/hu\/wp-content\/uploads\/2026\/09\/6vSlOgHMhjzVDT9Ms.png\" class=\"uwwrama _1chu0ywg _8b6bx65\" rel=\"nofollow\"><\/p>\n<p>  <img decoding=\"async\" loading=\"lazy\" src=\"https:\/\/www.europesays.com\/hu\/wp-content\/uploads\/2026\/09\/6vSlOgHMhjzVDT9Ms.png\"   class=\"_672m2jd _1chu0ywo ta3a4c1ey ta3a4c1aa he2knv4 ta3a4c1ey ta3a4czs\" style=\"--_672m2j6:1.44;--_672m2j5:835px 580px\" alt=\"\"\/><\/p>\n<p>      <\/a><\/p>\n","protected":false},"excerpt":{"rendered":"\u2013 Vit\u00e9zy D\u00e1vid, szia, Bal\u00e1zs! \u2013 Szia, D\u00e1vid, bocs\u00e1nat, zavarhatlak egy pillanatra? \u2013 Persze, persze! \u2013 Bocs\u00e1nat, ne&hellip;\n","protected":false},"author":2,"featured_media":229830,"comment_status":"","ping_status":"","sticky":false,"template":"","format":"standard","meta":{"footnotes":"","_share_on_mastodon":"0"},"categories":[21],"tags":[3455,198,137,47573,6230,199,44,42,40,43,41,2260,15332,35638,12652,1051,188,138,315,593],"class_list":["post-229829","post","type-post","status-publish","format-standard","has-post-thumbnail","category-hiressegek","tag-celeb","tag-celebrities","tag-entertainment","tag-frohner-feco","tag-hajsza","tag-hiressegek","tag-hu","tag-hungarian","tag-hungary","tag-magyar","tag-magyarorszag","tag-majka","tag-majoros-peter","tag-most-wanted","tag-papai-joci","tag-rtl","tag-sebestyen-balazs","tag-szorakozas","tag-teve","tag-vitezy-david"],"share_on_mastodon":{"url":"https:\/\/pubeurope.com\/@hu\/117200962785643913","error":""},"_links":{"self":[{"href":"https:\/\/www.europesays.com\/hu\/wp-json\/wp\/v2\/posts\/229829","targetHints":{"allow":["GET"]}}],"collection":[{"href":"https:\/\/www.europesays.com\/hu\/wp-json\/wp\/v2\/posts"}],"about":[{"href":"https:\/\/www.europesays.com\/hu\/wp-json\/wp\/v2\/types\/post"}],"author":[{"embeddable":true,"href":"https:\/\/www.europesays.com\/hu\/wp-json\/wp\/v2\/users\/2"}],"replies":[{"embeddable":true,"href":"https:\/\/www.europesays.com\/hu\/wp-json\/wp\/v2\/comments?post=229829"}],"version-history":[{"count":0,"href":"https:\/\/www.europesays.com\/hu\/wp-json\/wp\/v2\/posts\/229829\/revisions"}],"wp:featuredmedia":[{"embeddable":true,"href":"https:\/\/www.europesays.com\/hu\/wp-json\/wp\/v2\/media\/229830"}],"wp:attachment":[{"href":"https:\/\/www.europesays.com\/hu\/wp-json\/wp\/v2\/media?parent=229829"}],"wp:term":[{"taxonomy":"category","embeddable":true,"href":"https:\/\/www.europesays.com\/hu\/wp-json\/wp\/v2\/categories?post=229829"},{"taxonomy":"post_tag","embeddable":true,"href":"https:\/\/www.europesays.com\/hu\/wp-json\/wp\/v2\/tags?post=229829"}],"curies":[{"name":"wp","href":"https:\/\/api.w.org\/{rel}","templated":true}]}}