{"id":229849,"date":"2026-09-02T10:38:09","date_gmt":"2026-09-02T10:38:09","guid":{"rendered":"https:\/\/www.europesays.com\/hu\/229849\/"},"modified":"2026-09-02T10:38:09","modified_gmt":"2026-09-02T10:38:09","slug":"index-kultur-megszuletett-john-lennon-elso-ver-szerinti-unokaja-50-evesen-lett-apa-a-beatles-legenda-fia","status":"publish","type":"post","link":"https:\/\/www.europesays.com\/hu\/229849\/","title":{"rendered":"Index &#8211; Kult\u00far &#8211; Megsz\u00fcletett John Lennon els\u0151 v\u00e9r szerinti unok\u00e1ja, 50 \u00e9vesen lett apa a Beatles-legenda fia"},"content":{"rendered":"<p>Megsz\u00fcletett John Lennon els\u0151 v\u00e9r szerinti unok\u00e1ja. Az 1980-ban meggyilkolt ex-Beatle \u00e9s a 93 \u00e9ves Yoko Ono fia, Sean Ono Lennon 50 \u00e9vesen lett apa. A zen\u00e9sz <a href=\"https:\/\/www.instagram.com\/sean_ono_lennon\/\" id=\"hyperlink_da97ec8a9730e69393d50f9b9e2a01c5\" rel=\"nofollow noopener\" target=\"_blank\">Instagram<\/a>-oldal\u00e1n er\u0151s\u00edtette meg, hogy p\u00e1rja, Charlotte Kemp Muhl a napokban eg\u00e9szs\u00e9ges fi\u00fagyermeknek adott \u00e9letet. A kicsit Aureliusnak nevezt\u00e9k el\u00a0\u2212 sz\u00e1molt be r\u00f3la az MTI.<\/p>\n<p>A gyermek \u00e9rkez\u00e9s\u00e9r\u0151l sejt\u00e9sek kor\u00e1bban is voltak, de a p\u00e1r igyekezett titokban tartani a terhess\u00e9get. Les Claypool, a Primus vezet\u0151je, egyben Sean Lennon zen\u00e9szt\u00e1rsa a Claypool Lennon Deliirium projektben augusztus elej\u00e9n az MTI-nek, a budapesti koncertj\u00fck kapcs\u00e1n adott interj\u00faban arr\u00f3l besz\u00e9lt, hogy egy ideig nem fognak egy\u00fctt turn\u00e9zni, mert Seannak \u201ecsal\u00e1di \u00fcgyei\u201d vannak.<\/p>\n<p>                        Csal\u00e1di k\u00f6tel\u00e9kek \u00e9s egy kor\u00e1n \u00e9les\u00edtett poszt<\/p>\n<p>Sean Ono Lennon \u00e9s Charlotte Kemp Muhl r\u00e9g\u00f3ta \u00e9lnek egy\u00fctt, k\u00f6z\u00f6s zenekaruk is volt Ghost of the Saber Tooth Tiger n\u00e9ven. A p\u00e1r kedd este osztotta meg az \u00f6r\u00f6mh\u00edrt a <a href=\"https:\/\/www.instagram.com\/sean_ono_lennon\/\" id=\"hyperlink_da97ec8a9730e69393d50f9b9e2a01c5\" rel=\"nofollow noopener\" target=\"_blank\">k\u00f6z\u00f6ss\u00e9gi m\u00e9di\u00e1ban<\/a>, mell\u00e9kelve egy fot\u00f3t, amelyen a picit tartj\u00e1k karjukban. Sean ezt \u00edrta: \u201eL\u00e9trehoztunk egy emberi babot!\u201d (a human bean sz\u00f3j\u00e1t\u00e9k a human beingre, amely emberi l\u00e9nyt jelent).<\/p>\n<p>Aurelius John Lennon \u00e9s Yoko Ono els\u0151 unok\u00e1ja; Yoko kor\u00e1bbi kapcsolat\u00e1b\u00f3l sz\u00fcletett l\u00e1ny\u00e1nak, Kyok\u00f3nak k\u00e9t gyermeke van. John Lennon id\u0151sebb fi\u00e1nak, az 1963-ban sz\u00fcletett Julian Lennonnak nincs gyermeke (az \u0151 \u00e9desanyja Cynthia Lennon). Aurelius megsz\u00fclet\u00e9s\u00e9nek h\u00edr\u00e9t \u00e9ppen Julian posztolta kedden els\u0151k\u00e9nt a k\u00f6z\u00f6ss\u00e9gi m\u00e9di\u00e1ban, de azt\u00e1n t\u00f6r\u00f6lte a bejegyz\u00e9st, nyilv\u00e1n az\u00e9rt, mert \u00f6ccse nem \u00edgy k\u00e9pzelte el a bejelent\u00e9st.<\/p>\n<p>                        A Beatles \u00e9s a sz\u00fcl\u0151k \u00f6r\u00f6ks\u00e9g\u00e9nek \u0151rz\u0151je<\/p>\n<p>A New Yorkban \u00e9l\u0151 Sean \u00e1ltal\u00e1ban t\u00e1vol tartja mag\u00e1n\u00e9let\u00e9t a reflektorf\u00e9nyt\u0151l. Aurelius sz\u00fclet\u00e9se kapcs\u00e1n az amerikai Rolling Stone magazin most azt \u00edrta, hogy a k\u00f6zelm\u00faltban arr\u00f3l besz\u00e9lt, \u0151 viseli a felel\u0151ss\u00e9get \u00e9desapja, a Beatles \u00e9s \u00e9desanyja \u00f6r\u00f6ks\u00e9ge felett. M\u00e9g tavaly, a CBS Sunday Morning c\u00edm\u0171 m\u0171sor\u00e1nak vend\u00e9gek\u00e9nt \u00fagy fogalmazott: mindent megtesz annak \u00e9rdek\u00e9ben, hogy a fiatalabb gener\u00e1ci\u00f3 ne felejtse el a Beatlest, Johnt \u00e9s Yok\u00f3t.<\/p>\n<p>John Lennon fiatalabb fia, Sean Ono Lennon eddig h\u00e1rom sz\u00f3l\u00f3lemezt k\u00e9sz\u00edtett (Into the Sun\u00a0\u2212 1998; Friendly Fire \u2013 2006; Asterisms\u00a0\u2212 2024). A p\u00e1rj\u00e1val, Charlotte Kemp Muhllel k\u00f6z\u00f6s Ghost of the Saber Tooth Tigerrel k\u00e9t albumot jelentetett meg, \u00e9s h\u00e1rom anyagot adott ki a Les Claypoollal (Primus) egy\u00fctt m\u0171k\u00f6dtetett Claypool Lennon Deliriummal.<\/p>\n<p>\n                          (Bor\u00edt\u00f3k\u00e9p: Sean Ono Lennon \u00e9s Charlotte Kemp Muhl. Fot\u00f3: Northfoto)\n                        <\/p>\n<p><a href=\"https:\/\/dex.hu\/x.php?id=googlepref_desktop&amp;url=https:\/\/google.com\/preferences\/source?q=https:\/\/index.hu\" class=\"google-pref-banner \" id=\"googlePrefBanner\" rel=\"nofollow noopener\" target=\"_blank\"><\/p>\n<p>    Itt \u00e1ll\u00edtsa be, hogy az Index az els\u0151k k\u00f6z\u00f6tt legyen a Google-tal\u00e1latokban!<\/p>\n<p><\/a><\/p>\n<p>    <img decoding=\"async\" src=\"https:\/\/index.hu\/assets\/images\/social-follow\/logo-big.svg\" alt=\"Index.hu logo\"\/><\/p>\n<p>K\u00f6vesse az Indexet Facebookon is!<\/p>\n<p>    <a href=\"https:\/\/facebook.com\/Indexhu\" target=\"_blank\" rel=\"nofollow noopener\"><\/p>\n<p>        K\u00f6vetem!<br \/>\n    <\/a><\/p>\n<p>                    <script async src=\"\/\/www.instagram.com\/embed.js\"><\/script><\/p>\n","protected":false},"excerpt":{"rendered":"Megsz\u00fcletett John Lennon els\u0151 v\u00e9r szerinti unok\u00e1ja. Az 1980-ban meggyilkolt ex-Beatle \u00e9s a 93 \u00e9ves Yoko Ono fia,&hellip;\n","protected":false},"author":2,"featured_media":229850,"comment_status":"","ping_status":"","sticky":false,"template":"","format":"standard","meta":{"footnotes":"","_share_on_mastodon":"0"},"categories":[21],"tags":[198,60865,137,199,44,42,40,7483,5669,150,43,41,60872,138,35273,8211,7482],"class_list":["post-229849","post","type-post","status-publish","format-standard","has-post-thumbnail","category-hiressegek","tag-celebrities","tag-charlotte-kemp-muhl","tag-entertainment","tag-hiressegek","tag-hu","tag-hungarian","tag-hungary","tag-john-lennon","tag-kisgyermek","tag-kultur","tag-magyar","tag-magyarorszag","tag-sean-onon-lennon","tag-szorakozas","tag-szuletett","tag-unoka","tag-yoko-ono"],"share_on_mastodon":{"url":"https:\/\/pubeurope.com\/@hu\/117201017714789507","error":""},"_links":{"self":[{"href":"https:\/\/www.europesays.com\/hu\/wp-json\/wp\/v2\/posts\/229849","targetHints":{"allow":["GET"]}}],"collection":[{"href":"https:\/\/www.europesays.com\/hu\/wp-json\/wp\/v2\/posts"}],"about":[{"href":"https:\/\/www.europesays.com\/hu\/wp-json\/wp\/v2\/types\/post"}],"author":[{"embeddable":true,"href":"https:\/\/www.europesays.com\/hu\/wp-json\/wp\/v2\/users\/2"}],"replies":[{"embeddable":true,"href":"https:\/\/www.europesays.com\/hu\/wp-json\/wp\/v2\/comments?post=229849"}],"version-history":[{"count":0,"href":"https:\/\/www.europesays.com\/hu\/wp-json\/wp\/v2\/posts\/229849\/revisions"}],"wp:featuredmedia":[{"embeddable":true,"href":"https:\/\/www.europesays.com\/hu\/wp-json\/wp\/v2\/media\/229850"}],"wp:attachment":[{"href":"https:\/\/www.europesays.com\/hu\/wp-json\/wp\/v2\/media?parent=229849"}],"wp:term":[{"taxonomy":"category","embeddable":true,"href":"https:\/\/www.europesays.com\/hu\/wp-json\/wp\/v2\/categories?post=229849"},{"taxonomy":"post_tag","embeddable":true,"href":"https:\/\/www.europesays.com\/hu\/wp-json\/wp\/v2\/tags?post=229849"}],"curies":[{"name":"wp","href":"https:\/\/api.w.org\/{rel}","templated":true}]}}