{"id":229853,"date":"2026-09-02T10:44:16","date_gmt":"2026-09-02T10:44:16","guid":{"rendered":"https:\/\/www.europesays.com\/hu\/229853\/"},"modified":"2026-09-02T10:44:16","modified_gmt":"2026-09-02T10:44:16","slug":"index-futball-futball-1149","status":"publish","type":"post","link":"https:\/\/www.europesays.com\/hu\/229853\/","title":{"rendered":"Index &#8211; Futball &#8211; Futball"},"content":{"rendered":"<p>A manchesteri egy\u00fcttes kedd este jelentette be az argentin k\u00f6z\u00e9pp\u00e1ly\u00e1s leigazol\u00e1s\u00e1t, aki\u00e9rt\u00a0\u2013 sajt\u00f3\u00e9rtes\u00fcl\u00e9sek szerint\u00a0\u2013\u00a0125 milli\u00f3 fontot (nagyj\u00e1b\u00f3l 145 milli\u00f3 eur\u00f3t) fizetett londoni riv\u00e1lis\u00e1nak.<\/p>\n<p> Fern\u00e1ndez ezzel az els\u0151 olyan labdar\u00fag\u00f3, aki\u00e9rt k\u00e9tszer is t\u00f6bb mint 100 milli\u00f3 font feletti \u00f6sszeget adtak ki, miut\u00e1n a Chelsea 2023 janu\u00e1rj\u00e1ban mintegy 105 milli\u00f3t \u00e1ldozott r\u00e1, amikor megszerezte a Benfic\u00e1t\u00f3l. <\/p>\n<p>A 25 \u00e9ves j\u00e1t\u00e9kos\u00a0\u2013\u00a0aki 2022-ben vb-arany\u00e9rmes, id\u00e9n ez\u00fcst\u00e9rmes volt haz\u00e1ja v\u00e1logatottj\u00e1val\u00a0\u2013\u00a0a londoniakn\u00e1l 170 t\u00e9tm\u00e9rk\u0151z\u00e9sen 31 g\u00f3lt szerzett, a klubbal tavaly Konferencialig\u00e1t \u00e9s klubvil\u00e1gbajnoks\u00e1got is nyert.<\/p>\n<p>Fern\u00e1ndez ezzel be\u00e1ll\u00edtotta a brit \u00e1tigazol\u00e1si rekordot, amelyet holtversenyben tart Alexander Isakkal: a sv\u00e9d t\u00e1mad\u00f3 tavaly ugyanennyi\u00e9rt szerz\u0151d\u00f6tt Newcastle-b\u0151l a Liverpoolhoz.<\/p>\n<p>A Manchester City ezzel az igazol\u00e1ssal egy\u00e9bk\u00e9nt klubok ter\u00e9n is rekordot d\u00f6nt\u00f6tt, az argentin \u00e9rkez\u00e9s\u00e9vel ugyanis m\u00e1r 526 milli\u00f3 eur\u00f3t k\u00f6lt\u00f6tt el a ny\u00e1ron j\u00e1t\u00e9kosokra. Kor\u00e1bban t\u00f6bbek k\u00f6z\u00f6tt Elliot Anderson \u00e9rkezett 135 milli\u00f3\u00e9rt a Notthingam Forestb\u0151l, Ajubb Buaddi 95 milli\u00f3\u00e9rt a Lille-b\u0151l, vagy \u00e9ppen Iliman Ndiaye 70 milli\u00f3\u00e9rt az Evertonb\u00f3l.<\/p>\n<p>\n                          (Bor\u00edt\u00f3k\u00e9p: Enzo Fern\u00e1ndez Londonban 2026. augusztus 24-\u00e9n.\u00a0Mike Hewitt\/Getty Images)\n                        <\/p>\n<p><a href=\"https:\/\/dex.hu\/x.php?id=googlepref_desktop&amp;url=https:\/\/google.com\/preferences\/source?q=https:\/\/index.hu\" class=\"google-pref-banner \" id=\"googlePrefBanner\" rel=\"nofollow noopener\" target=\"_blank\"><\/p>\n<p>    Itt \u00e1ll\u00edtsa be, hogy az Index az els\u0151k k\u00f6z\u00f6tt legyen a Google-tal\u00e1latokban!<\/p>\n<p><\/a><\/p>\n<p>                <a href=\"https:\/\/konyvek.index.hu\/\" target=\"_blank\" rel=\"nofollow noopener\"><br \/>\n                <img decoding=\"async\" src=\"https:\/\/index.hu\/assets\/images\/konyvajanlo\/book_indapress\/book_indapress_logo.svg\" loading=\"lazy\" alt=\"Inda Press Kiad\u00f3\"\/><br \/>\n                <\/a><\/p>\n<p>                <img decoding=\"async\" src=\"https:\/\/www.europesays.com\/hu\/wp-content\/uploads\/2026\/09\/1788345854_587_rossi.png\" loading=\"lazy\" alt=\"Rossi\"\/><\/p>\n<p>Ismerd meg a magyar labdar\u00fag\u00e1s h\u0151s\u00e9nek eml\u00e9kezetes pillanatait!<br \/>Folytassa, Mister!<\/p>\n<p>                <a class=\"book_index_btn\" href=\"https:\/\/indexadhu.hit.gemius.pl\/hitredir\/id=nSCbubuYpDWJZLZs0TssLrbt33Lk5kbipuiZrkg89G3.g7\/stparam=uciklwjurk\/fastid=efdamtuhsxcjschvtzobuxredglq\/nc=0\/url=https:\/\/www.indapresskiado.hu\/products\/marco-rossi?_pos=1&amp;_psq=rossi&amp;_ss=e&amp;_v=1.0\" target=\"_blank\" rel=\"nofollow noopener\">MEGVESZEM<\/a><\/p>\n<p>    <img loading=\"lazy\" decoding=\"async\" src=\"https:\/\/www.europesays.com\/hu\/wp-content\/uploads\/2026\/09\/1788345856_264_nc=0.gif\" border=\"0\" height=\"0\" width=\"0\"\/><\/p>\n<p>    <img decoding=\"async\" src=\"https:\/\/index.hu\/assets\/images\/social-follow\/logo-big.svg\" alt=\"Index.hu logo\"\/><\/p>\n<p>K\u00f6vesse az Indexet Facebookon is!<\/p>\n<p>    <a href=\"https:\/\/facebook.com\/Indexhu\" target=\"_blank\" rel=\"nofollow noopener\"><\/p>\n<p>        K\u00f6vetem!<br \/>\n    <\/a><\/p>\n","protected":false},"excerpt":{"rendered":"A manchesteri egy\u00fcttes kedd este jelentette be az argentin k\u00f6z\u00e9pp\u00e1ly\u00e1s leigazol\u00e1s\u00e1t, aki\u00e9rt\u00a0\u2013 sajt\u00f3\u00e9rtes\u00fcl\u00e9sek szerint\u00a0\u2013\u00a0125 milli\u00f3 fontot (nagyj\u00e1b\u00f3l 145&hellip;\n","protected":false},"author":2,"featured_media":229854,"comment_status":"","ping_status":"","sticky":false,"template":"","format":"standard","meta":{"footnotes":"","_share_on_mastodon":"0"},"categories":[14],"tags":[47602,28151,553,44,42,40,502,43,41,2311,45,131],"class_list":["post-229853","post","type-post","status-publish","format-standard","has-post-thumbnail","category-sport","tag-atigazolasi-rekord","tag-enzo-fernandez","tag-futball","tag-hu","tag-hungarian","tag-hungary","tag-labdarugas","tag-magyar","tag-magyarorszag","tag-manchester-city","tag-sport","tag-sports"],"share_on_mastodon":{"url":"https:\/\/pubeurope.com\/@hu\/117201041689385543","error":""},"_links":{"self":[{"href":"https:\/\/www.europesays.com\/hu\/wp-json\/wp\/v2\/posts\/229853","targetHints":{"allow":["GET"]}}],"collection":[{"href":"https:\/\/www.europesays.com\/hu\/wp-json\/wp\/v2\/posts"}],"about":[{"href":"https:\/\/www.europesays.com\/hu\/wp-json\/wp\/v2\/types\/post"}],"author":[{"embeddable":true,"href":"https:\/\/www.europesays.com\/hu\/wp-json\/wp\/v2\/users\/2"}],"replies":[{"embeddable":true,"href":"https:\/\/www.europesays.com\/hu\/wp-json\/wp\/v2\/comments?post=229853"}],"version-history":[{"count":0,"href":"https:\/\/www.europesays.com\/hu\/wp-json\/wp\/v2\/posts\/229853\/revisions"}],"wp:featuredmedia":[{"embeddable":true,"href":"https:\/\/www.europesays.com\/hu\/wp-json\/wp\/v2\/media\/229854"}],"wp:attachment":[{"href":"https:\/\/www.europesays.com\/hu\/wp-json\/wp\/v2\/media?parent=229853"}],"wp:term":[{"taxonomy":"category","embeddable":true,"href":"https:\/\/www.europesays.com\/hu\/wp-json\/wp\/v2\/categories?post=229853"},{"taxonomy":"post_tag","embeddable":true,"href":"https:\/\/www.europesays.com\/hu\/wp-json\/wp\/v2\/tags?post=229853"}],"curies":[{"name":"wp","href":"https:\/\/api.w.org\/{rel}","templated":true}]}}