{"id":229859,"date":"2026-09-02T10:49:09","date_gmt":"2026-09-02T10:49:09","guid":{"rendered":"https:\/\/www.europesays.com\/hu\/229859\/"},"modified":"2026-09-02T10:49:09","modified_gmt":"2026-09-02T10:49:09","slug":"telex-majdnem-1000-milliard-forint-kozpenz-folyt-ki-verseny-nelkul-az-ev-elso-feleben","status":"publish","type":"post","link":"https:\/\/www.europesays.com\/hu\/229859\/","title":{"rendered":"Telex: Majdnem 1000 milli\u00e1rd forint k\u00f6zp\u00e9nz folyt ki verseny n\u00e9lk\u00fcl az \u00e9v els\u0151 fel\u00e9ben"},"content":{"rendered":"<p><a href=\"https:\/\/telex.hu\/szerzo\/banati-anna\" class=\"author__avatar\" rel=\"nofollow noopener\" target=\"_blank\"><img decoding=\"async\" src=\"https:\/\/www.europesays.com\/hu\/wp-content\/uploads\/2026\/09\/1788346149_884_1713951051-temp-BCkakf_avatar@4x.jpg\" alt=\"B\u00e1n\u00e1ti Anna\" class=\"avatar\" loading=\"lazy\"\/><\/a><\/p>\n<p>\u00c1ll\u00edtsd be a Telexet megb\u00edzhat\u00f3 forr\u00e1snak!<\/p>\n<p>A Korrupci\u00f3kutat\u00f3 K\u00f6zpont Budapest (CRCB) t\u00f6bb ezer szerz\u0151d\u00e9sb\u0151l \u00f6sszesen 36 olyan vev\u0151-elad\u00f3 p\u00e1rost azonos\u00edtott, ahol kir\u00edv\u00f3an magas volt egy bizonyos indul\u00f3 nyer\u00e9si es\u00e9lye, \u00edrja a <a href=\"https:\/\/444.hu\/2026\/09\/02\/crcb-kozbeszerzes-korrupciogyanu-korrupcio-egyensulyi-szint-nyomozas-szerzodes-toth-istvan-janos\" target=\"_blank\" rel=\"nofollow noopener\">444<\/a>. A CRCB az 1999 \u00e9s 2026 j\u00faniusa k\u00f6z\u00f6tti k\u00f6zbeszerz\u00e9sekr\u0151l \u00e9s azok korrupci\u00f3s kock\u00e1zat\u00e1r\u00f3l k\u00e9sz\u00edtett <a href=\"https:\/\/www.crcb.eu\/?p=4088\" target=\"_blank\" rel=\"nofollow noopener\">elemz\u00e9se<\/a> azt n\u00e9zte meg, hogy az Orb\u00e1n-rendszerben melyik tenderki\u00edr\u00f3k \u00e9s korm\u00e1nyk\u00f6zeli c\u00e9gek k\u00f6z\u00f6tt alakultak ki magas korrupci\u00f3s kock\u00e1zatok a k\u00f6zbeszerz\u00e9sekn\u00e9l.<\/p>\n<p>Az adatb\u00e1zis alapj\u00e1n az idei els\u0151 f\u00e9l\u00e9vben kiugr\u00f3an magas volt az Orb\u00e1n-rendszer 14 gazdas\u00e1gi kulcsszerepl\u0151j\u00e9hez kapcsol\u00f3d\u00f3 c\u00e9gekkel k\u00f6t\u00f6tt k\u00f6zbeszerz\u00e9si szerz\u0151d\u00e9sek sz\u00e1ma \u00e9s \u00e9rt\u00e9ke az 1999 \u00e9s 2025 k\u00f6z\u00f6tti \u00e9vek els\u0151 f\u00e9l\u00e9veihez k\u00e9pest. Szint\u00e9n l\u00e1tv\u00e1nyosan magasabb volt a szerz\u0151d\u00e9sek korrupci\u00f3s kock\u00e1zata, a volt korm\u00e1nyhoz k\u00f6zel \u00e1ll\u00f3 c\u00e9gek az esetek t\u00f6bb mint 70 sz\u00e1zal\u00e9k\u00e1ban verseny n\u00e9lk\u00fcl jutottak k\u00f6zp\u00e9nzekhez a CRCB elemz\u00e9se szerint.<\/p>\n<p>Az adatb\u00e1zis alapj\u00e1n a legt\u00f6bbsz\u00f6r M\u00e9sz\u00e1ros L\u0151rinc, Sz\u00edjj L\u00e1szl\u00f3 \u00e9s Bal\u00e1sy Gyula c\u00e9gei mehettek biztosra, ha indultak egy tenderen. A legink\u00e1bb olajozottan m\u0171k\u00f6d\u0151 kapcsolatokra a 444 t\u00f6bb p\u00e9ld\u00e1t is hozott az elemz\u00e9s alapj\u00e1n, p\u00e9ld\u00e1ul a Demeter Szil\u00e1rd-f\u00e9le Magyar Nemzeti M\u00fazeum K\u00f6zgy\u0171jtem\u00e9nyi K\u00f6zpontn\u00e1l szinte csak verseny n\u00e9lk\u00fcl nyert M\u00e9sz\u00e1ros L\u0151rinc c\u00e9gcsoportja, a Rog\u00e1n Antal-f\u00e9le Nemzeti Kommunik\u00e1ci\u00f3s Hivataln\u00e1l pedig Bal\u00e1sy Gyula valamelyik kommunik\u00e1ci\u00f3s c\u00e9ge.<\/p>\n<p>Az elemz\u00e9s alapj\u00e1n 2025 els\u0151 hat h\u00f3napj\u00e1ban Magyarorsz\u00e1gon a verseny n\u00e9lk\u00fcl megk\u00f6t\u00f6tt szerz\u0151d\u00e9sek \u00f6ssz\u00e9rt\u00e9ke el\u00e9rte az 1000 milli\u00e1rd forintot, 2026 els\u0151 hat h\u00f3napj\u00e1ban pedig nagyj\u00e1b\u00f3l 960 milli\u00e1rd forintot tettek ki.<\/p>\n<p>\u00c9pp szerd\u00e1n jelent meg a Forbes list\u00e1ja <a href=\"https:\/\/telex.hu\/gazdasag\/2026\/09\/02\/forbes-csaladi-lista-2026-legertekesebb-csaladi-cegek\" class=\"\" rel=\"nofollow noopener\" target=\"_blank\">a leg\u00e9rt\u00e9kesebb csal\u00e1di c\u00e9gekr\u0151l \u00e9s azok becs\u00fclt \u00e9rt\u00e9k\u00e9r\u0151l<\/a>, a list\u00e1n az els\u0151 h\u00e1rom k\u00f6z\u00e9 ker\u00fclt M\u00e9sz\u00e1ros L\u0151rinc \u00e9s Sz\u00edjj L\u00e1szl\u00f3 csal\u00e1di c\u00e9gcsoportja is, 1361,5 \u00e9s 293,8 milli\u00e1rd forintos becs\u00fclt \u00e9rt\u00e9kkel.<\/p>\n<p>A 444 cikke fizet\u0151fal m\u00f6g\u00f6tt <a href=\"https:\/\/444.hu\/2026\/09\/02\/crcb-kozbeszerzes-korrupciogyanu-korrupcio-egyensulyi-szint-nyomozas-szerzodes-toth-istvan-janos\" target=\"_blank\" rel=\"nofollow noopener\">itt olvashat\u00f3<\/a>, a CRCB <a href=\"https:\/\/www.crcb.eu\/wp-content\/uploads\/2026\/09\/2026_crcb_statistical_flash_report_hu_03_310826_03.pdf\" target=\"_blank\" rel=\"nofollow noopener\">teljes elemz\u00e9se pedig itt<\/a>.<\/p>\n<p>Partnereinkt\u0151l<\/p>\n<p>\u00c1ll\u00edtsd be a Telexet megb\u00edzhat\u00f3 forr\u00e1snak!<\/p>\n<p>K\u00f6vess minket Facebookon is!<\/p>\n<p> Tov\u00e1bbi \u00e9l\u0151 \u00e1rfolyamok! <\/p>\n","protected":false},"excerpt":{"rendered":"\u00c1ll\u00edtsd be a Telexet megb\u00edzhat\u00f3 forr\u00e1snak! A Korrupci\u00f3kutat\u00f3 K\u00f6zpont Budapest (CRCB) t\u00f6bb ezer szerz\u0151d\u00e9sb\u0151l \u00f6sszesen 36 olyan vev\u0151-elad\u00f3&hellip;\n","protected":false},"author":2,"featured_media":229860,"comment_status":"","ping_status":"","sticky":false,"template":"","format":"standard","meta":{"footnotes":"","_share_on_mastodon":"0"},"categories":[6],"tags":[20095,60835,63,44,42,40,2274,3692,43,41,2949,16913],"class_list":["post-229859","post","type-post","status-publish","format-standard","has-post-thumbnail","category-magyarorszag","tag-balasy-gyula","tag-crcb","tag-gazdasag","tag-hu","tag-hungarian","tag-hungary","tag-korrupcio","tag-kozbeszerzes","tag-magyar","tag-magyarorszag","tag-meszaros-lorinc","tag-szijj-laszlo"],"share_on_mastodon":{"url":"https:\/\/pubeurope.com\/@hu\/117201061317612684","error":""},"_links":{"self":[{"href":"https:\/\/www.europesays.com\/hu\/wp-json\/wp\/v2\/posts\/229859","targetHints":{"allow":["GET"]}}],"collection":[{"href":"https:\/\/www.europesays.com\/hu\/wp-json\/wp\/v2\/posts"}],"about":[{"href":"https:\/\/www.europesays.com\/hu\/wp-json\/wp\/v2\/types\/post"}],"author":[{"embeddable":true,"href":"https:\/\/www.europesays.com\/hu\/wp-json\/wp\/v2\/users\/2"}],"replies":[{"embeddable":true,"href":"https:\/\/www.europesays.com\/hu\/wp-json\/wp\/v2\/comments?post=229859"}],"version-history":[{"count":0,"href":"https:\/\/www.europesays.com\/hu\/wp-json\/wp\/v2\/posts\/229859\/revisions"}],"wp:featuredmedia":[{"embeddable":true,"href":"https:\/\/www.europesays.com\/hu\/wp-json\/wp\/v2\/media\/229860"}],"wp:attachment":[{"href":"https:\/\/www.europesays.com\/hu\/wp-json\/wp\/v2\/media?parent=229859"}],"wp:term":[{"taxonomy":"category","embeddable":true,"href":"https:\/\/www.europesays.com\/hu\/wp-json\/wp\/v2\/categories?post=229859"},{"taxonomy":"post_tag","embeddable":true,"href":"https:\/\/www.europesays.com\/hu\/wp-json\/wp\/v2\/tags?post=229859"}],"curies":[{"name":"wp","href":"https:\/\/api.w.org\/{rel}","templated":true}]}}