{"id":229883,"date":"2026-09-02T11:18:07","date_gmt":"2026-09-02T11:18:07","guid":{"rendered":"https:\/\/www.europesays.com\/hu\/229883\/"},"modified":"2026-09-02T11:18:07","modified_gmt":"2026-09-02T11:18:07","slug":"index-belfold-kozlekedesi-kaosz-alakult-ki-az-m1-esen-mar-12-kilometeres-a-torlodas","status":"publish","type":"post","link":"https:\/\/www.europesays.com\/hu\/229883\/","title":{"rendered":"Index &#8211; Belf\u00f6ld &#8211; K\u00f6zleked\u00e9si k\u00e1osz alakult ki az M1-esen, m\u00e1r 12 kilom\u00e9teres a torl\u00f3d\u00e1s"},"content":{"rendered":"<p>Komoly k\u00f6zleked\u00e9si fennakad\u00e1sok alakultak ki szerda d\u00e9lel\u0151tt az M1-es aut\u00f3p\u00e1ly\u00e1n Kom\u00e1rom \u00e9s Tata t\u00e9rs\u00e9g\u00e9ben. A sztr\u00e1d\u00e1n mindk\u00e9t ir\u00e1nyban torl\u00f3d\u00e1sra kell sz\u00e1m\u00edtani, egyes szakaszokon pedig csak araszolva lehet haladni \u2013 \u00edrja az <a href=\"https:\/\/www.utinform.hu\/hu\/news\/balesetek-torlodasok-rendkivuli-kozlekedesi-esemenyek?d=0\" id=\"hyperlink_d25eb564934cbf20d023d61d63fb6aab\" rel=\"nofollow noopener\" target=\"_blank\">\u00datinform<\/a>.<\/p>\n<p>Az M1-es Hegyeshalom fel\u00e9 vezet\u0151 oldal\u00e1n, a 88-as kilom\u00e9tern\u00e9l baleset t\u00f6rt\u00e9nt. Emiatt a k\u00fcls\u0151 s\u00e1vot lez\u00e1rt\u00e1k a kom\u00e1romi csom\u00f3pontn\u00e1l kialak\u00edtott terel\u00e9sben.<\/p>\n<p>A kialakult torl\u00f3d\u00e1s m\u00e1r k\u00f6zel 12 kilom\u00e9teres, \u00edgy az arra k\u00f6zleked\u0151knek jelent\u0151s menetid\u0151-n\u00f6veked\u00e9ssel kell sz\u00e1molniuk.<\/p>\n<p>                        Budapest fel\u00e9 is akadozik a k\u00f6zleked\u00e9s<\/p>\n<p>A f\u0151v\u00e1ros ir\u00e1ny\u00e1ba sem jobb a helyzet, az M1-es Tatab\u00e1nya t\u00e9rs\u00e9g\u00e9ben kialak\u00edtott terel\u00e9sben, valamint m\u00e1r a terel\u00e9s el\u0151tt is szakaszos lassul\u00e1sok \u00e9s torl\u00f3d\u00e1sok alakultak ki.<\/p>\n<p>Az \u00datinform t\u00e1j\u00e9koztat\u00e1sa szerint a probl\u00e9m\u00e1k els\u0151sorban a k\u00fcls\u0151 s\u00e1vot \u00e9rintik, ez\u00e9rt a szem\u00e9lyaut\u00f3val Budapest fel\u00e9 halad\u00f3knak \u00e9rdemes az \u00e1tterelt bels\u0151 s\u00e1vot v\u00e1lasztaniuk. A torl\u00f3d\u00e1s a terel\u00e9sbe t\u00f6rt\u00e9n\u0151 bel\u00e9p\u00e9s el\u0151tt, a 61-es kilom\u00e9tern\u00e9l is jelent\u0151s: itt mindk\u00e9t s\u00e1vban csaknem 10 kilom\u00e9teres kocsisor alakult ki.<\/p>\n<p>                        Aki teheti, ker\u00fclj\u00f6n az 1-es f\u0151\u00fat fel\u00e9<\/p>\n<p>Az \u00datinform azt javasolja, hogy aki teheti, az M1-es helyett az 1-es f\u0151utat v\u00e1lassza ker\u00fcl\u0151\u00fatk\u00e9nt. A kom\u00e1romi \u00e9s tatai t\u00e9rs\u00e9gben k\u00f6zleked\u0151knek ez\u00e9rt \u00e9rdemes indul\u00e1s el\u0151tt t\u00e1j\u00e9koz\u00f3dniuk az aktu\u00e1lis forgalmi helyzetr\u0151l, \u00e9s lehet\u0151s\u00e9g szerint elker\u00fclni\u00fck a torl\u00f3d\u00e1ssal \u00e9rintett aut\u00f3p\u00e1lya-szakaszt.<\/p>\n<p><a href=\"https:\/\/dex.hu\/x.php?id=googlepref_desktop&amp;url=https:\/\/google.com\/preferences\/source?q=https:\/\/index.hu\" class=\"google-pref-banner \" id=\"googlePrefBanner\" rel=\"nofollow noopener\" target=\"_blank\"><\/p>\n<p>    Itt \u00e1ll\u00edtsa be, hogy az Index az els\u0151k k\u00f6z\u00f6tt legyen a Google-tal\u00e1latokban!<\/p>\n<p><\/a><\/p>\n<p>    <img decoding=\"async\" src=\"https:\/\/index.hu\/assets\/images\/social-follow\/logo-big.svg\" alt=\"Index.hu logo\"\/><\/p>\n<p>K\u00f6vesse az Indexet Facebookon is!<\/p>\n<p>    <a href=\"https:\/\/facebook.com\/Indexhu\" target=\"_blank\" rel=\"nofollow noopener\"><\/p>\n<p>        K\u00f6vetem!<br \/>\n    <\/a><\/p>\n","protected":false},"excerpt":{"rendered":"Komoly k\u00f6zleked\u00e9si fennakad\u00e1sok alakultak ki szerda d\u00e9lel\u0151tt az M1-es aut\u00f3p\u00e1ly\u00e1n Kom\u00e1rom \u00e9s Tata t\u00e9rs\u00e9g\u00e9ben. A sztr\u00e1d\u00e1n mindk\u00e9t ir\u00e1nyban&hellip;\n","protected":false},"author":2,"featured_media":229884,"comment_status":"","ping_status":"","sticky":false,"template":"","format":"standard","meta":{"footnotes":"","_share_on_mastodon":"0"},"categories":[6],"tags":[469,80,21980,44,42,40,4618,530,43,41,3823,3738],"class_list":["post-229883","post","type-post","status-publish","format-standard","has-post-thumbnail","category-magyarorszag","tag-baleset","tag-belfold","tag-dugo","tag-hu","tag-hungarian","tag-hungary","tag-komarom","tag-m1-es-autopalya","tag-magyar","tag-magyarorszag","tag-tata","tag-torlodas"],"share_on_mastodon":{"url":"https:\/\/pubeurope.com\/@hu\/117201175301136426","error":""},"_links":{"self":[{"href":"https:\/\/www.europesays.com\/hu\/wp-json\/wp\/v2\/posts\/229883","targetHints":{"allow":["GET"]}}],"collection":[{"href":"https:\/\/www.europesays.com\/hu\/wp-json\/wp\/v2\/posts"}],"about":[{"href":"https:\/\/www.europesays.com\/hu\/wp-json\/wp\/v2\/types\/post"}],"author":[{"embeddable":true,"href":"https:\/\/www.europesays.com\/hu\/wp-json\/wp\/v2\/users\/2"}],"replies":[{"embeddable":true,"href":"https:\/\/www.europesays.com\/hu\/wp-json\/wp\/v2\/comments?post=229883"}],"version-history":[{"count":0,"href":"https:\/\/www.europesays.com\/hu\/wp-json\/wp\/v2\/posts\/229883\/revisions"}],"wp:featuredmedia":[{"embeddable":true,"href":"https:\/\/www.europesays.com\/hu\/wp-json\/wp\/v2\/media\/229884"}],"wp:attachment":[{"href":"https:\/\/www.europesays.com\/hu\/wp-json\/wp\/v2\/media?parent=229883"}],"wp:term":[{"taxonomy":"category","embeddable":true,"href":"https:\/\/www.europesays.com\/hu\/wp-json\/wp\/v2\/categories?post=229883"},{"taxonomy":"post_tag","embeddable":true,"href":"https:\/\/www.europesays.com\/hu\/wp-json\/wp\/v2\/tags?post=229883"}],"curies":[{"name":"wp","href":"https:\/\/api.w.org\/{rel}","templated":true}]}}