{"id":229885,"date":"2026-09-02T11:19:08","date_gmt":"2026-09-02T11:19:08","guid":{"rendered":"https:\/\/www.europesays.com\/hu\/229885\/"},"modified":"2026-09-02T11:19:08","modified_gmt":"2026-09-02T11:19:08","slug":"after-sebestyen-balazs-felhivta-vitezy-davidot-a-most-wanted-forgatasa-kozben","status":"publish","type":"post","link":"https:\/\/www.europesays.com\/hu\/229885\/","title":{"rendered":"After: Sebesty\u00e9n Bal\u00e1zs felh\u00edvta Vit\u00e9zy D\u00e1vidot a Most Wanted forgat\u00e1sa k\u00f6zben"},"content":{"rendered":"<p>Sebesty\u00e9n Bal\u00e1zs RTL-es \u00e9s R\u00e1di\u00f3 1-es m\u0171sorvezet\u0151 a Most Wanted c\u00edm\u0171 m\u0171sor \u00faj r\u00e9sz\u00e9ben felh\u00edvta Vit\u00e9zy D\u00e1vid k\u00f6zleked\u00e9si \u00e9s beruh\u00e1z\u00e1si minisztert, hogy seg\u00edts\u00e9get k\u00e9rjen t\u0151le a rabruh\u00e1s celebek f\u00e9lrevezet\u00e9s\u00e9ben.<\/p>\n<p>Az eset azut\u00e1n t\u00f6rt\u00e9nt, hogy az \u00fcld\u00f6z\u0151s reality-m\u0171sor visszat\u00e9r\u0151 narr\u00e1tora, Majka a menek\u00fcl\u0151 celebek seg\u00edt\u00e9se miatt nyomk\u00f6vet\u0151t helyezett el az \u00fcld\u00f6z\u0151 szerepbe b\u00fajt Sebesty\u00e9n Bal\u00e1zs, P\u00e1pai Joci \u00e9s Frohner Fec\u00f3 aut\u00f3j\u00e1n.<\/p>\n<p>Az \u00fcld\u00f6z\u0151 tri\u00f3 csak az els\u0151 nap v\u00e9g\u00e9n \u00e9szlelte a kocsijukra helyezett jelad\u00f3t, \u00e9s a telefonbesz\u00e9lget\u00e9sben Sebesty\u00e9n azt akarta megtudni Vit\u00e9zyt\u0151l, hogy Kecskem\u00e9t k\u00f6zel\u00e9ben milyen tehervonatok k\u00f6zlekednek, amire elhelyezhetn\u00e9k a jelad\u00f3t, ezzel megt\u00e9vesztve a rabokat.<\/p>\n<p>Bocs\u00e1nat, ne haragudj, hogy ilyen v\u00e1ratlanul h\u00edvtalak, egy nagyon fontos k\u00fcldet\u00e9sben vagyunk \u00e9ppen, \u00e9s egy jelad\u00f3t\u00f3l kellene megszabadulnunk. Nem tudsz r\u00e1n\u00e9zni arra, hogy Kecskem\u00e9ten milyen tehervonatok vannak bent ebben a pillanatban? Ne n\u00e9zz teljesen bolondnak, teljesen valid a k\u00e9rd\u00e9s. Van b\u00e1rmilyen vonat, ami bent \u00e1ll \u00e9s messzire megy?<\/p>\n<p>\u2013 hangzott el a telefonban.<\/p>\n<p>A k\u00f6zleked\u00e9si \u00e9s beruh\u00e1z\u00e1si miniszter seg\u00edt\u0151k\u00e9szen felsorolta az \u00e9ppen ott \u00e1ll\u00f3 vonatokat, majd a besz\u00e9lget\u00e9s ut\u00e1n a vol\u00e1n m\u00f6g\u00f6tt \u00fcl\u0151 P\u00e1pai Joci azt mondta, hogy \u201eneked akkora \u00f6sszek\u00f6ttet\u00e9seid vannak!\u201d. Viccesen m\u00e9g azt is felhozt\u00e1k, hogy k\u00f6vetkez\u0151re esetleg Magyar P\u00e9ter minisztereln\u00f6k\u00f6t is felh\u00edvhatn\u00e1.<\/p>\n<p>Az RTL menek\u00fcl\u0151s m\u0171sora augusztus utols\u00f3 napj\u00e1n indult \u00fajra, ahol 24 celebnek kell megsz\u00f6knie az \u0151ket \u00fcld\u00f6z\u0151 rend\u0151r\u00f6k el\u0151l, \u00e9s a form\u00e1tum specialit\u00e1sa, hogy a k\u00f6z\u00f6ns\u00e9g alak\u00edthatja a hajsza menet\u00e9t. Az idei szezonban t\u00f6bbek k\u00f6zt Torghelle S\u00e1ndor, Kab\u00e1t P\u00e9ter, Jakupcsek Gabriella, Sv\u00e1by Andr\u00e1s \u00e9s kuty\u00e1ja, Pumped Gabo, G\u00e1sp\u00e1r Laci, Valkusz Mil\u00e1n, illetve WhisperTon is szerepelnek. Az els\u0151 \u00e9vadr\u00f3l k\u00e9sz\u00fclt kritik\u00e1nkat <a href=\"https:\/\/telex.hu\/after\/2025\/11\/11\/a-most-wanted-siman-az-elmult-evek-egyik-legjobb-musora-az-rtl-en\" class=\"\" rel=\"nofollow noopener\" target=\"_blank\">itt lehet elolvasni.<\/a><\/p>\n","protected":false},"excerpt":{"rendered":"Sebesty\u00e9n Bal\u00e1zs RTL-es \u00e9s R\u00e1di\u00f3 1-es m\u0171sorvezet\u0151 a Most Wanted c\u00edm\u0171 m\u0171sor \u00faj r\u00e9sz\u00e9ben felh\u00edvta Vit\u00e9zy D\u00e1vid k\u00f6zleked\u00e9si&hellip;\n","protected":false},"author":2,"featured_media":229886,"comment_status":"","ping_status":"","sticky":false,"template":"","format":"standard","meta":{"footnotes":"","_share_on_mastodon":"0"},"categories":[33],"tags":[56475,161,38,35,37,44,42,40,43,41,34,1051,188,36,39,593],"class_list":["post-229885","post","type-post","status-publish","format-standard","has-post-thumbnail","category-hirek","tag-a-hajsza","tag-after","tag-focimek","tag-headlines","tag-hirek","tag-hu","tag-hungarian","tag-hungary","tag-magyar","tag-magyarorszag","tag-news","tag-rtl","tag-sebestyen-balazs","tag-top-stories","tag-vezeto-hirek","tag-vitezy-david"],"share_on_mastodon":{"url":"https:\/\/pubeurope.com\/@hu\/117201178780633370","error":""},"_links":{"self":[{"href":"https:\/\/www.europesays.com\/hu\/wp-json\/wp\/v2\/posts\/229885","targetHints":{"allow":["GET"]}}],"collection":[{"href":"https:\/\/www.europesays.com\/hu\/wp-json\/wp\/v2\/posts"}],"about":[{"href":"https:\/\/www.europesays.com\/hu\/wp-json\/wp\/v2\/types\/post"}],"author":[{"embeddable":true,"href":"https:\/\/www.europesays.com\/hu\/wp-json\/wp\/v2\/users\/2"}],"replies":[{"embeddable":true,"href":"https:\/\/www.europesays.com\/hu\/wp-json\/wp\/v2\/comments?post=229885"}],"version-history":[{"count":0,"href":"https:\/\/www.europesays.com\/hu\/wp-json\/wp\/v2\/posts\/229885\/revisions"}],"wp:featuredmedia":[{"embeddable":true,"href":"https:\/\/www.europesays.com\/hu\/wp-json\/wp\/v2\/media\/229886"}],"wp:attachment":[{"href":"https:\/\/www.europesays.com\/hu\/wp-json\/wp\/v2\/media?parent=229885"}],"wp:term":[{"taxonomy":"category","embeddable":true,"href":"https:\/\/www.europesays.com\/hu\/wp-json\/wp\/v2\/categories?post=229885"},{"taxonomy":"post_tag","embeddable":true,"href":"https:\/\/www.europesays.com\/hu\/wp-json\/wp\/v2\/tags?post=229885"}],"curies":[{"name":"wp","href":"https:\/\/api.w.org\/{rel}","templated":true}]}}