{"id":229897,"date":"2026-09-02T11:32:13","date_gmt":"2026-09-02T11:32:13","guid":{"rendered":"https:\/\/www.europesays.com\/hu\/229897\/"},"modified":"2026-09-02T11:32:13","modified_gmt":"2026-09-02T11:32:13","slug":"18-eves-lany-halt-meg-mutet-kozben-miskolcon-vizsgaljak-mi-tortent","status":"publish","type":"post","link":"https:\/\/www.europesays.com\/hu\/229897\/","title":{"rendered":"18 \u00e9ves l\u00e1ny halt meg m\u0171t\u00e9t k\u00f6zben Miskolcon: vizsg\u00e1lj\u00e1k, mi t\u00f6rt\u00e9nt"},"content":{"rendered":"<p>      \u201eT\u00f6bb koll\u00e9ga s\u00edrva h\u00edvott\u201d \u2013 a k\u00f3rh\u00e1zat is megr\u00e1zta a 18 \u00e9ves l\u00e1ny hal\u00e1la<\/p>\n<p data-alignment=\"left\" class=\"text-left\" data-block-key=\"bbalp\">Vanda t\u00f6lcs\u00e9rmellkas-korrekci\u00f3 miatt ker\u00fclt k\u00f3rh\u00e1zba <a href=\"https:\/\/femina.hu\/utazas\/miskolc-latnivalok-turistak-szemevel\/\" rel=\"nofollow noopener\" target=\"_blank\">Miskolcon<\/a>. Az els\u0151 beavatkoz\u00e1s a tervezett m\u00e1sf\u00e9l \u00f3ra helyett \u00f6t \u00e9s f\u00e9l \u00f3r\u00e1n \u00e1t tartott, majd a l\u00e1nyt k\u00e9t nappal k\u00e9s\u0151bb hazaengedt\u00e9k. Otthon azonban er\u0151s f\u00e1jdalmai lettek, ez\u00e9rt ism\u00e9t k\u00f3rh\u00e1zba ker\u00fclt.<\/p>\n<p>                <img decoding=\"async\" alt=\"egy hossz\u00fa barna haj\u00fa beteg k\u00e9k k\u00f3rh\u00e1zi ruh\u00e1ban fekszik a k\u00f3rh\u00e1zi \u00e1gyban, kezeit magadba emeli, mellette inf\u00fazi\u00f3, a nap s\u00fct a szob\u00e1ba\" class=\"w-full h-full object-cover\" height=\"278\" loading=\"lazy\"  src=\"https:\/\/www.europesays.com\/hu\/wp-content\/uploads\/2026\/09\/67167901_31194fa7bc1e6.2e16d0ba.format-jpeg.fill-370x278.jpg\"  width=\"370\"\/><\/p>\n<p>\n        A fiatal kosarast h\u00e9tf\u0151n, a p\u00f3cspetri temet\u0151ben helyezt\u00e9k \u00f6r\u00f6k nyugalomra.\n      <\/p>\n<p>    Fot\u00f3: Boy_Anupong \/ Getty Images Hungary<\/p>\n<p data-alignment=\"left\" class=\"text-left\" data-block-key=\"33y1x\">A mellkas\u00e1b\u00f3l t\u00f6bb alkalommal folyad\u00e9kot sz\u00edvtak le, \u00e9s v\u00e9gig l\u00e1zas volt. M\u00e1sf\u00e9l h\u00e9ttel k\u00e9s\u0151bb az orvosok \u00fagy d\u00f6nt\u00f6ttek, elt\u00e1vol\u00edtj\u00e1k a kor\u00e1bban behelyezett f\u00e9mlemezt, amely a z\u00e1r\u00f3jelent\u00e9s szerint elmozdult.<\/p>\n<p data-alignment=\"left\" class=\"text-left\" data-block-key=\"fo4c5\">A j\u00falius 30-i m\u00e1sodik m\u0171t\u00e9t k\u00f6zben azonban s\u00falyos komplik\u00e1ci\u00f3 t\u00f6rt\u00e9nt. Vanda sz\u00edve megs\u00e9r\u00fclt, \u00e9s a 18 \u00e9ves l\u00e1ny elv\u00e9rzett. A trag\u00e9dia pontos k\u00f6r\u00fclm\u00e9nyeit jelenleg vizsg\u00e1lj\u00e1k.<\/p>\n<p data-alignment=\"left\" class=\"text-left\" data-block-key=\"fmjrr\">A <a href=\"https:\/\/femina.hu\/kapcsolat\/gyermekek-es-gyasz\/\" rel=\"nofollow noopener\" target=\"_blank\">gy\u00e1szol\u00f3<\/a> \u00e9desanya szerint a csal\u00e1d nem kapott egy\u00e9rtelm\u0171 magyar\u00e1zatot arra, mi t\u00f6rt\u00e9nt a m\u0171t\u0151ben. A hozz\u00e1tartoz\u00f3k \u00fagy v\u00e9lik, orvosi hiba t\u00f6rt\u00e9nhetett, ez\u00e9rt rend\u0151rs\u00e9gi feljelent\u00e9st tettek.<\/p>\n<p data-alignment=\"left\" class=\"text-left\" data-block-key=\"42f2c\">A <a href=\"https:\/\/divany.hu\/offline\/2019\/07\/15\/miskolc-es-kornyeke\/\" target=\"_blank\" rel=\" noopener noreferrer nofollow\">miskolci<\/a> Velkey L\u00e1szl\u00f3 Gyermekeg\u00e9szs\u00e9g\u00fcgyi K\u00f6zpont orvosigazgat\u00f3ja az RTL H\u00e1zon K\u00edv\u00fcl c\u00edm\u0171 m\u0171sor\u00e1ban arr\u00f3l besz\u00e9lt, hogy az eset az eg\u00e9sz int\u00e9zm\u00e9nyt megr\u00e1zta. Mint mondta, az ilyen m\u0171t\u00e9tet t\u00f6bb mint harminc \u00e9ve v\u00e9gzik, \u00e9vente nagyj\u00e1b\u00f3l 25 alkalommal, de hasonl\u00f3an s\u00falyos sz\u00f6v\u0151dm\u00e9nyre nem eml\u00e9kszik.<\/p>\n<p data-alignment=\"left\" class=\"text-left\" data-block-key=\"33y1x\">\u201eT\u00f6bb koll\u00e9ga is val\u00f3ban s\u00edrva h\u00edvott m\u00e1r, amikor megt\u00f6rt\u00e9nt ez az eset\u201d \u2013 id\u00e9zte fel a t\u00f6rt\u00e9nteket.<\/p>\n<p data-alignment=\"left\" class=\"text-left\" data-block-key=\"1ckpj\">A k\u00f3rh\u00e1z bels\u0151 vizsg\u00e1latot ind\u00edtott, amely az orvosigazgat\u00f3 szerint ak\u00e1r egy-k\u00e9t h\u00f3napig is eltarthat. A vizsg\u00e1lat c\u00e9lja annak felt\u00e1r\u00e1sa, pontosan mi vezetett a trag\u00e9di\u00e1hoz, \u00e9s t\u00f6rt\u00e9nt-e szakmai mulaszt\u00e1s.<\/p>\n<p data-alignment=\"left\" class=\"text-left\" data-block-key=\"cdvl6\">Vanda csal\u00e1dja tov\u00e1bbra is v\u00e1laszt v\u00e1r. \u00c9desanyja szerint a f\u0151orvos azt mondta nekik: ha hib\u00e1zott, v\u00e1llalja a felel\u0151ss\u00e9get. A csal\u00e1d sz\u00e1m\u00e1ra azonban ez nem hozza vissza a 18 \u00e9ves l\u00e1nyt.<\/p>\n<p data-alignment=\"left\" class=\"text-left\" data-block-key=\"b2c28\">Vand\u00e1t P\u00f3cspetriben helyezt\u00e9k \u00f6r\u00f6k nyugalomra. Sz\u00fclei \u00e9s \u00f6t testv\u00e9re pszichol\u00f3gus seg\u00edts\u00e9g\u00e9vel pr\u00f3b\u00e1lj\u00e1k feldolgozni a vesztes\u00e9get.<\/p>\n<p><a href=\"https:\/\/google.com\/preferences\/source?q=https%3A\/\/femina.hu\" rel=\"noopener nofollow\" referrerpolicy=\"no-referrer-when-downgrade\" class=\"!flex !items-center !gap-5 !py-2 !px-3 w-full !rounded-xl !font-bold cursor-pointer !no-underline relative !bg-white !text-[#202124] !border !border-[#858585] dark:!bg-[#323232] dark:!text-white dark:border-none my-4 \" target=\"_blank\"><br \/>\n  <img decoding=\"async\" src=\"https:\/\/femina.hu\/neon\/static\/images\/favicons\/google_favicon.svg\" alt=\"Google\" class=\"shrink-0 w-7 h-7\"\/><br \/>\n  \u00c1ll\u00edtsd be a Google keres\u0151j\u00e9t, hogy a tal\u00e1latok k\u00f6z\u00f6tt biztos ott legyen a Femina!<\/p>\n<p><\/a><\/p>\n","protected":false},"excerpt":{"rendered":"\u201eT\u00f6bb koll\u00e9ga s\u00edrva h\u00edvott\u201d \u2013 a k\u00f3rh\u00e1zat is megr\u00e1zta a 18 \u00e9ves l\u00e1ny hal\u00e1la Vanda t\u00f6lcs\u00e9rmellkas-korrekci\u00f3 miatt ker\u00fclt&hellip;\n","protected":false},"author":2,"featured_media":229898,"comment_status":"","ping_status":"","sticky":false,"template":"","format":"standard","meta":{"footnotes":"","_share_on_mastodon":"0"},"categories":[6],"tags":[699,44,42,40,7364,43,41,5164,3145],"class_list":["post-229897","post","type-post","status-publish","format-standard","has-post-thumbnail","category-magyarorszag","tag-halal","tag-hu","tag-hungarian","tag-hungary","tag-lany","tag-magyar","tag-magyarorszag","tag-miskolc","tag-mutet"],"share_on_mastodon":{"url":"https:\/\/pubeurope.com\/@hu\/117201230397061959","error":""},"_links":{"self":[{"href":"https:\/\/www.europesays.com\/hu\/wp-json\/wp\/v2\/posts\/229897","targetHints":{"allow":["GET"]}}],"collection":[{"href":"https:\/\/www.europesays.com\/hu\/wp-json\/wp\/v2\/posts"}],"about":[{"href":"https:\/\/www.europesays.com\/hu\/wp-json\/wp\/v2\/types\/post"}],"author":[{"embeddable":true,"href":"https:\/\/www.europesays.com\/hu\/wp-json\/wp\/v2\/users\/2"}],"replies":[{"embeddable":true,"href":"https:\/\/www.europesays.com\/hu\/wp-json\/wp\/v2\/comments?post=229897"}],"version-history":[{"count":0,"href":"https:\/\/www.europesays.com\/hu\/wp-json\/wp\/v2\/posts\/229897\/revisions"}],"wp:featuredmedia":[{"embeddable":true,"href":"https:\/\/www.europesays.com\/hu\/wp-json\/wp\/v2\/media\/229898"}],"wp:attachment":[{"href":"https:\/\/www.europesays.com\/hu\/wp-json\/wp\/v2\/media?parent=229897"}],"wp:term":[{"taxonomy":"category","embeddable":true,"href":"https:\/\/www.europesays.com\/hu\/wp-json\/wp\/v2\/categories?post=229897"},{"taxonomy":"post_tag","embeddable":true,"href":"https:\/\/www.europesays.com\/hu\/wp-json\/wp\/v2\/tags?post=229897"}],"curies":[{"name":"wp","href":"https:\/\/api.w.org\/{rel}","templated":true}]}}