{"id":229923,"date":"2026-09-02T11:55:20","date_gmt":"2026-09-02T11:55:20","guid":{"rendered":"https:\/\/www.europesays.com\/hu\/229923\/"},"modified":"2026-09-02T11:55:20","modified_gmt":"2026-09-02T11:55:20","slug":"index-futball-futball-1150","status":"publish","type":"post","link":"https:\/\/www.europesays.com\/hu\/229923\/","title":{"rendered":"Index &#8211; Futball &#8211; Futball"},"content":{"rendered":"<p>                <a href=\"https:\/\/index.hu\/szerzo\/meszaros_barnabas\" rel=\"nofollow noopener\" target=\"_blank\"><br \/>\n                        <img decoding=\"async\" class=\"szerzo-kep\" src=\"https:\/\/www.europesays.com\/hu\/wp-content\/uploads\/2026\/09\/60571995_4479771_c2ccf4232c9ec23dd45a0b9507e7e11b_wm.jpg\" alt=\"M\u00e9sz\u00e1ros Barnab\u00e1s\"\/><br \/>\n                <\/a><\/p>\n<p>\n                A harmincszoros v\u00e1logatott Gazdag D\u00e1niel kedden az \u00e9szak-amerikai profi labdar\u00fag\u00f3lig\u00e1ban (MLS) szerepl\u0151 New England Revolution labdar\u00fag\u00f3csapat\u00e1hoz igazolt \u2013 \u00edrja az MTI.            <\/p>\n<p>\u00daj klubj\u00e1nak honlapja szerint a 30 \u00e9ves t\u00e1mad\u00f3 k\u00f6z\u00e9pp\u00e1ly\u00e1s szerz\u0151d\u00e9se 2027 december\u00e9ig \u00e9rv\u00e9nyes, \u00e9s opcion\u00e1lisan meghosszabb\u00edthat\u00f3 a 2028\u20132029-es id\u00e9nyre. Gazdagnak m\u00e1r van amerikai z\u00f6ldk\u00e1rty\u00e1ja, \u00edgy nem sz\u00e1m\u00edt l\u00e9gi\u00f3snak.<\/p>\n<p lang=\"en\" dir=\"ltr\">Adding D\u00e1niel Gazdag to our lineup! \ud83d\udd35\ud83d\udd34<\/p>\n<p>We have signed the veteran midfielder as a free agent through December 2027, with club options through the 2028-29 MLS season. <a href=\"https:\/\/t.co\/jh7BYGZpmS\" rel=\"nofollow\">pic.twitter.com\/jh7BYGZpmS<\/a><\/p>\n<p>\u2014 New England Revolution (@NERevolution) <a href=\"https:\/\/x.com\/NERevolution\/status\/2094848473912742295?ref_src=twsrc%5Etfw\" rel=\"nofollow\">September 1, 2026<\/a> <\/p>\n<p>A ny\u00edregyh\u00e1zi sz\u00fclet\u00e9s\u0171 \u00e9s nevel\u00e9s\u0171 futballista 2021 m\u00e1jus\u00e1ban igazolt a Budapest Honv\u00e9dt\u00f3l a Philadelphia Unionhoz, amelynek j\u00e1t\u00e9kosak\u00e9nt 161 m\u00e9rk\u0151z\u00e9sen 72 g\u00f3lt szerzett\u00a0\u2013 ezzel klubrekorder\u00a0\u2013 \u00e9s 24 g\u00f3lpasszt adott. Onnan tavaly \u00e1prilisban szerz\u0151d\u00f6tt a Columbus Crew-hoz, amelyben 55 tal\u00e1lkoz\u00f3n kilenc tal\u00e1latig \u00e9s \u00f6t g\u00f3lpasszig jutott.<\/p>\n<p>\u201e\u00d6r\u00f6mmel fogadunk egy olyan kaliber\u0171 \u00e9s tapasztalat\u00fa j\u00e1t\u00e9kost, mint Gazdag D\u00e1niel, aki t\u00f6bb \u00e9ven \u00e1t bizony\u00edtotta, hogy a liga egyik legkiv\u00e1l\u00f3bb g\u00f3lszerz\u0151 k\u00f6z\u00e9pp\u00e1ly\u00e1sa. Sokoldal\u00fas\u00e1ga, valamint labdakezel\u00e9si k\u00e9pess\u00e9ge \u00fajabb fontos elemmel gazdag\u00edtja t\u00e1mad\u00f3j\u00e1t\u00e9kunkat\u201d\u00a0\u2013 nyilatkozta Chris Tierney, a Revolution \u00e1ltal\u00e1nos igazgat\u00f3ja.<\/p>\n<p><a href=\"https:\/\/dex.hu\/x.php?id=googlepref_desktop&amp;url=https:\/\/google.com\/preferences\/source?q=https:\/\/index.hu\" class=\"google-pref-banner \" id=\"googlePrefBanner\" rel=\"nofollow noopener\" target=\"_blank\"><\/p>\n<p>    Itt \u00e1ll\u00edtsa be, hogy az Index az els\u0151k k\u00f6z\u00f6tt legyen a Google-tal\u00e1latokban!<\/p>\n<p><\/a><\/p>\n<p>                <a href=\"https:\/\/konyvek.index.hu\/\" target=\"_blank\" rel=\"nofollow noopener\"><br \/>\n                <img decoding=\"async\" src=\"https:\/\/index.hu\/assets\/images\/konyvajanlo\/book_indapress\/book_indapress_logo.svg\" loading=\"lazy\" alt=\"Inda Press Kiad\u00f3\"\/><br \/>\n                <\/a><\/p>\n<p>                <img decoding=\"async\" src=\"https:\/\/www.europesays.com\/hu\/wp-content\/uploads\/2026\/09\/1788350118_98_rossi.png\" loading=\"lazy\" alt=\"Rossi\"\/><\/p>\n<p>Ismerd meg a magyar labdar\u00fag\u00e1s h\u0151s\u00e9nek eml\u00e9kezetes pillanatait!<br \/>Folytassa, Mister!<\/p>\n<p>                <a class=\"book_index_btn\" href=\"https:\/\/indexadhu.hit.gemius.pl\/hitredir\/id=nSCbubuYpDWJZLZs0TssLrbt33Lk5kbipuiZrkg89G3.g7\/stparam=uciklwjurk\/fastid=efdamtuhsxcjschvtzobuxredglq\/nc=0\/url=https:\/\/www.indapresskiado.hu\/products\/marco-rossi?_pos=1&amp;_psq=rossi&amp;_ss=e&amp;_v=1.0\" target=\"_blank\" rel=\"nofollow noopener\">MEGVESZEM<\/a><\/p>\n<p>    <img loading=\"lazy\" decoding=\"async\" src=\"https:\/\/www.europesays.com\/hu\/wp-content\/uploads\/2026\/09\/1788350120_9_nc=0.gif\" border=\"0\" height=\"0\" width=\"0\"\/><\/p>\n<p>    <img decoding=\"async\" src=\"https:\/\/index.hu\/assets\/images\/social-follow\/logo-big.svg\" alt=\"Index.hu logo\"\/><\/p>\n<p>K\u00f6vesse az Indexet Facebookon is!<\/p>\n<p>    <a href=\"https:\/\/facebook.com\/Indexhu\" target=\"_blank\" rel=\"nofollow noopener\"><\/p>\n<p>        K\u00f6vetem!<br \/>\n    <\/a><\/p>\n<p><script async src=\"https:\/\/platform.twitter.com\/widgets.js\" charset=\"utf-8\"><\/script><\/p>\n","protected":false},"excerpt":{"rendered":"A harmincszoros v\u00e1logatott Gazdag D\u00e1niel kedden az \u00e9szak-amerikai profi labdar\u00fag\u00f3lig\u00e1ban (MLS) szerepl\u0151 New England Revolution labdar\u00fag\u00f3csapat\u00e1hoz igazolt \u2013&hellip;\n","protected":false},"author":2,"featured_media":229924,"comment_status":"","ping_status":"","sticky":false,"template":"","format":"standard","meta":{"footnotes":"","_share_on_mastodon":"0"},"categories":[14],"tags":[1031,50221,553,48114,44,42,40,502,43,41,882,60145,45,131],"class_list":["post-229923","post","type-post","status-publish","format-standard","has-post-thumbnail","category-sport","tag-atigazolas","tag-columbus-crew","tag-futball","tag-gazdag-daniel","tag-hu","tag-hungarian","tag-hungary","tag-labdarugas","tag-magyar","tag-magyarorszag","tag-mls","tag-new-england-revolution","tag-sport","tag-sports"],"share_on_mastodon":{"url":"https:\/\/pubeurope.com\/@hu\/117201320846708300","error":""},"_links":{"self":[{"href":"https:\/\/www.europesays.com\/hu\/wp-json\/wp\/v2\/posts\/229923","targetHints":{"allow":["GET"]}}],"collection":[{"href":"https:\/\/www.europesays.com\/hu\/wp-json\/wp\/v2\/posts"}],"about":[{"href":"https:\/\/www.europesays.com\/hu\/wp-json\/wp\/v2\/types\/post"}],"author":[{"embeddable":true,"href":"https:\/\/www.europesays.com\/hu\/wp-json\/wp\/v2\/users\/2"}],"replies":[{"embeddable":true,"href":"https:\/\/www.europesays.com\/hu\/wp-json\/wp\/v2\/comments?post=229923"}],"version-history":[{"count":0,"href":"https:\/\/www.europesays.com\/hu\/wp-json\/wp\/v2\/posts\/229923\/revisions"}],"wp:featuredmedia":[{"embeddable":true,"href":"https:\/\/www.europesays.com\/hu\/wp-json\/wp\/v2\/media\/229924"}],"wp:attachment":[{"href":"https:\/\/www.europesays.com\/hu\/wp-json\/wp\/v2\/media?parent=229923"}],"wp:term":[{"taxonomy":"category","embeddable":true,"href":"https:\/\/www.europesays.com\/hu\/wp-json\/wp\/v2\/categories?post=229923"},{"taxonomy":"post_tag","embeddable":true,"href":"https:\/\/www.europesays.com\/hu\/wp-json\/wp\/v2\/tags?post=229923"}],"curies":[{"name":"wp","href":"https:\/\/api.w.org\/{rel}","templated":true}]}}