{"id":229959,"date":"2026-09-02T12:30:21","date_gmt":"2026-09-02T12:30:21","guid":{"rendered":"https:\/\/www.europesays.com\/hu\/229959\/"},"modified":"2026-09-02T12:30:21","modified_gmt":"2026-09-02T12:30:21","slug":"uj-helyek-budapesten-es-kornyeken-2026-nyaranak-legizgalmasabb-kavezoi-ettermei-es-peksegei-toplista","status":"publish","type":"post","link":"https:\/\/www.europesays.com\/hu\/229959\/","title":{"rendered":"\u00daj helyek Budapesten \u00e9s k\u00f6rny\u00e9k\u00e9n: 2026 nyar\u00e1nak legizgalmasabb k\u00e1v\u00e9z\u00f3i, \u00e9ttermei \u00e9s p\u00e9ks\u00e9gei &#8211; Toplista"},"content":{"rendered":"<p>\n    \u00daj p\u00e9ks\u00e9gek, izgalmas k\u00e1v\u00e9z\u00f3k, k\u00fcl\u00f6nleges street food helyek \u00e9s r\u00e9g\u00f3ta v\u00e1rt \u00fajranyit\u00e1sok \u2013 2026 nyara sem sz\u0171k\u00f6lk\u00f6d\u00f6tt gasztro\u00fajdons\u00e1gokban. A f\u0151v\u00e1ros mellett Budapest k\u00f6rny\u00e9k\u00e9n is t\u00f6bb \u00e9rdekes hely bukkant fel, amik k\u00f6z\u00f6tt akadnak nemzetk\u00f6zi inspir\u00e1ci\u00f3b\u00f3l sz\u00fcletett koncepci\u00f3k, \u00fajragondolt klasszikusok \u00e9s egyedi projektek is.<\/p>\n<p>    \t                            P\u00e9ks\u00e9gek \u00e9s k\u00e1v\u00e9z\u00f3k<\/p>\n<p>A V\u00e1rosmajor utc\u00e1ban ny\u00edlt <a href=\"http:\/\/welovebudapest.com\/cikk\/2026\/08\/28\/kacsito-bakery-kovaszos-pekseg-budapest-varosmajor-utca\/\" id=\"hyperlink_e8ce76944b4f77471baa04508a117b07\" target=\"_blank\" title=\"Venezuel\u00e1b\u00f3l a V\u00e1rosmajor utc\u00e1ba \u2013 Megny\u00edlt Budapest egyik legegyedibb p\u00e9ks\u00e9ge\" rel=\"nofollow noopener\">K\u00e1csit\u00f3 Bakery<\/a> j\u00f3val t\u00f6bb egy \u00fajabb k\u00e9zm\u0171vesp\u00e9ks\u00e9gn\u00e9l: venezuelai sz\u00e1rmaz\u00e1s\u00fa tulajdonosa eg\u00e9szen egyedi k\u00edn\u00e1latot hozott a k\u00f6rny\u00e9kre. A n\u00e9vad\u00f3 cachito, vagyis k\u00e1csit\u00f3 csak a kezdet, hiszen keny\u00e9rfronton \u00e9s k\u00e1v\u00e9ban is er\u0151s a hely. Teljesen n\u00f6v\u00e9nyi alap\u00fa k\u00edn\u00e1lattal nyitott meg P\u00e9cs ut\u00e1n az <a href=\"http:\/\/welovebudapest.com\/cikk\/2026\/07\/17\/orma-budapest-vegan-bio-pekseg-jozsefvaros-horvath-mihaly-ter\/\" id=\"hyperlink_5edd2993bd4894a068be3226637cc2ec\" target=\"_blank\" title=\"\u201eAmit ma sz\u00e9ls\u0151s\u00e9gesnek tartanak, az lenne a normalit\u00e1s\u201d \u2013 Megny\u00edlt az Orma Budapest p\u00e9ks\u00e9g\" rel=\"nofollow noopener\">Orma p\u00e9ks\u00e9g<\/a> Budapesten, aminek f\u00f3kusz\u00e1ban m\u00e9gsem \u00f6nmag\u00e1ban a veg\u00e1ns\u00e1g \u00e1ll. A helyet sokkal ink\u00e1bb a fenntarthat\u00f3s\u00e1g, a gy\u00f6kerekhez val\u00f3 visszany\u00fal\u00e1s \u00e9s a hagyom\u00e1nyos technik\u00e1k \u00fajragondol\u00e1sa mozgatja. \u0150rmez\u0151n tal\u00e1lt otthonra T\u00f3th Vera \u00e9s Pauli Zolt\u00e1n \u00faj f\u0151v\u00e1rosi projektje, a <a href=\"http:\/\/welovebudapest.com\/cikk\/2026\/06\/17\/veras-by-palkonyha-toth-vera-pauli-zoltan-pekseg-cukraszda-kavezo-ormezo-xi-kerulet\/\" id=\"hyperlink_3af73bd5b3b3bdbe3b4ba9c1c9b97b66\" target=\"_blank\" title=\"Megny\u00edlt \u0150rmez\u0151n T\u00f3th Ver\u00e1\u00e9k \u00faj helye, a Ver\u00e1s by Palkonyha\" rel=\"nofollow noopener\">Ver\u00e1s by Palkonyha<\/a>. Nem klasszikus p\u00e9ks\u00e9g vagy brunchoz\u00f3, ink\u00e1bb p\u00e9km\u0171hely, ahol a pr\u00e9mium k\u00e9zm\u0171ves p\u00e9ks\u00fctem\u00e9nyek \u00e9s a messze f\u00f6ld\u00f6n h\u00edres kov\u00e1szos kenyerek viszik a pr\u00edmet. A Blaha Lujza t\u00e9rn\u00e9l ny\u00edlt <a href=\"http:\/\/welovebudapest.com\/cikk\/2026\/08\/24\/serene-specialty-coffee-blaha-lujza-ter-jozsef-korut-torok-kave-budapest\/\" id=\"hyperlink_38d0148ad4363e496a092ed0a9c0cece\" target=\"_blank\" title=\"A homok titkai a Blah\u00e1n\u00e1l: t\u00f6r\u00f6k k\u00e1v\u00e9t \u00e9s egyiptomi k\u00fcl\u00f6nlegess\u00e9geket k\u00f3stoltunk egy \u00faj k\u00f6r\u00fati k\u00e1v\u00e9z\u00f3ban\" rel=\"nofollow noopener\">Serene<\/a> egy min\u0151s\u00e9gi specialty k\u00e1v\u00e9z\u00f3, ahol nemcsak ig\u00e9nyes k\u00e1v\u00e9k \u00e9s matcha v\u00e1r, hanem egy igazi egzotikumot, t\u00f6r\u00f6k k\u00e1v\u00e9t is k\u00f3stolhatunk, otthonos, bar\u00e1ts\u00e1gos k\u00f6rnyezetben.<\/p>\n<p>                                <img decoding=\"async\" id=\"kep_71364825\" src=\"https:\/\/www.europesays.com\/hu\/wp-content\/uploads\/2026\/09\/71364825_2227f3c77d0c557c287654954bbcc503_wm.jpg\" alt=\"K\u00e1csit\u00f3 Bakery\" loading=\"lazy\"\/><\/p>\n<p>K\u00e1csit\u00f3 Bakery            (Fot\u00f3: Forg\u00e1cs Zsuzsi &#8211; We Love Budapest)<\/p>\n<p>                                <img decoding=\"async\" id=\"kep_71364835\" src=\"https:\/\/www.europesays.com\/hu\/wp-content\/uploads\/2026\/09\/71364835_44f66c773605a9e83c69b8325eaf6216_wm.jpg\" alt=\"Serene\" loading=\"lazy\"\/><\/p>\n<p>Serene            (Fot\u00f3: Bielik Istv\u00e1n &#8211; We Love Budapest)<\/p>\n<p>A <a href=\"http:\/\/welovebudapest.com\/cikk\/2026\/08\/17\/picopico-cafe-raday-utca-kavezo-natur-bor\/\" id=\"hyperlink_e0cdb667919384c177d3d87426970862\" target=\"_blank\" title=\"Galambos kirakat, nat\u00far borok \u00e9s v\u00e9gre egy hely, ahol a koffeinmentes k\u00e1v\u00e9 sem ciki\" rel=\"nofollow noopener\">PicoPico<\/a> m\u00e1r a galambos kirakat\u00e1val is felh\u00edvja mag\u00e1ra a figyelmet, odabent pedig nat\u00far borokkal \u00e9s koffeinmentes k\u00e1v\u00e9val folytat\u00f3dik a rendhagy\u00f3 t\u00f6rt\u00e9net. A hely sz\u00e1m\u00e1ra a vend\u00e9g\u00fcl l\u00e1t\u00e1s legal\u00e1bb annyira fontos, mint maga a k\u00e1v\u00e9, \u00edgy nem csak a koffeinf\u00fcgg\u0151k tal\u00e1lhatj\u00e1k meg itt a sz\u00e1m\u00edt\u00e1saikat. New York hangulat\u00e1t hozza el Budapest \u00faj match\u00e1s k\u00e1v\u00e9z\u00f3ja, a <a href=\"http:\/\/welovebudapest.com\/cikk\/2026\/07\/20\/nolita-matcha-coffee-matchazo-kavezo-budapest-belvaros\/\" id=\"hyperlink_73f55a5f7529c3184d6022d2c0ae2dcd\" target=\"_blank\" title=\"New York hangulat\u00e1t hozza el Budapest \u00faj match\u00e1s k\u00e1v\u00e9z\u00f3ja, ahov\u00e1 a melegszendvicsek miatt is \u00e9rdemes beugrani\" rel=\"nofollow noopener\">Nolita<\/a>, ahol a z\u00f6ld italok mellett a melegszendvicsek miatt is \u00e9rdemes meg\u00e1llni. A hely r\u00e1ad\u00e1sul nem kiz\u00e1r\u00f3lag a matcharajong\u00f3kra \u00e9p\u00edt: c\u00e9ljuk egy olyan k\u00f6z\u00f6ss\u00e9g kialak\u00edt\u00e1sa, amelyben mindenki megtal\u00e1lhatja a hely\u00e9t. A Studio Arkitekter \u00e1ltal l\u00e9trehozott <a href=\"http:\/\/welovebudapest.com\/cikk\/2026\/07\/27\/cafe-arkitekter-uj-kavezo-budapest-petofi-sandor-utca\/\" id=\"hyperlink_efd7c3414cbff02388f3bbf33b7f1bbd\" target=\"_blank\" title=\"Ehet\u0151 zsaluk\u0151 \u00e9s sz\u0151r\u00f6s sz\u00e9kek egy Bauhaus \u00e9p\u00fcletben \u2013 K\u00e1v\u00e9z\u00f3t nyitott a n\u00e9pszer\u0171 budapesti \u00e9p\u00edt\u00e9szst\u00fadi\u00f3\" rel=\"nofollow noopener\">Caf\u00e9 Arkitekter<\/a> egyszerre k\u00e1v\u00e9z\u00f3, b\u00e1r \u00e9s showroom, ahol a gasztron\u00f3mia, a lifestyle \u00e9s a diz\u00e1jn tal\u00e1lkozik. A min\u0151s\u00e9gi k\u00e1v\u00e9 mellett Bauhaus \u00e9s beton zsaluk\u0151 ihlette s\u00fctem\u00e9nyeket, toj\u00e1sos reggeliket \u00e9s kokt\u00e9lokat is tal\u00e1lunk, s\u0151t \u00e9p\u00edt\u00e9szeti, diz\u00e1jn- \u00e9s m\u0171v\u00e9szeti programoknak is helyet adnak.<\/p>\n<p>                                <img decoding=\"async\" id=\"kep_71364773\" src=\"https:\/\/www.europesays.com\/hu\/wp-content\/uploads\/2026\/09\/71364773_17fb978739bbec37df302be73dfd677a_wm.jpg\" alt=\"Caf\u00e9 Arkitekter\" loading=\"lazy\"\/><\/p>\n<p>Caf\u00e9 Arkitekter            (Fot\u00f3: Major Kata &#8211; We Love Budapest)<\/p>\n<p>A Szent Istv\u00e1n park sark\u00e1n \u00e1ll\u00f3 <a href=\"http:\/\/welovebudapest.com\/cikk\/2026\/07\/24\/dunapark-kavehaz-szent-istvan-park-brunch-art-deco\/\" id=\"hyperlink_f0406095096797f36f5b1d904e3c376e\" target=\"_blank\" title=\"\u00daj korszakot nyitott a legend\u00e1s art deco tal\u00e1lkoz\u00f3hely \u2013 Ilyen lett a meg\u00fajult Dunapark K\u00e1v\u00e9h\u00e1z\" rel=\"nofollow noopener\">Dunapark K\u00e1v\u00e9h\u00e1z<\/a> k\u00f6zel 90 \u00e9vvel a megnyit\u00e1sa ut\u00e1n \u00faj korszakot nyitott. Meg\u0151rizte art deco hangulat\u00e1t, ugyanakkor a mai vend\u00e9gek ig\u00e9nyeire szabott gasztron\u00f3miai koncepci\u00f3val \u00e9s eg\u00e9sz napos k\u00edn\u00e1lattal v\u00e1rja a l\u00e1togat\u00f3kat.<\/p>\n<p>                                <img decoding=\"async\" id=\"kep_71364763\" src=\"https:\/\/www.europesays.com\/hu\/wp-content\/uploads\/2026\/09\/71364763_c9bfe29b7a81095a6a37205960d1e942_wm.jpg\" alt=\"Dunapark K\u00e1v\u00e9h\u00e1z\" loading=\"lazy\"\/><\/p>\n<p>Dunapark K\u00e1v\u00e9h\u00e1z            (Fot\u00f3: Forg\u00e1cs Zsuzsi &#8211; We Love Budapest)<\/p>\n<p>                        \u00c9des \u00fajdons\u00e1gok<\/p>\n<p>A Matild Palace-ban ny\u00edlt meg a t\u00f6bb mint 200 \u00e9ves m\u00faltra visszatekint\u0151 mil\u00e1n\u00f3i <a href=\"http:\/\/welovebudapest.com\/cikk\/2026\/06\/18\/cova-budapest-olasz-cukraszda-matild-palace\/\" id=\"hyperlink_c6b3acf722b3b6ed5bf18d075a23fc2f\" target=\"_blank\" title=\"200 \u00e9ves, titkos recept szerint k\u00e9sz\u00fclt panettone \u00e9s egy p\u00e1ratlan bels\u0151 t\u00e9r \u2013 Ilyen a Cova a Matild Palace-ban\" rel=\"nofollow noopener\">Cova<\/a> cukr\u00e1szda-k\u00e1v\u00e9h\u00e1z budapesti egys\u00e9ge. A k\u00fcl\u00f6nleges bels\u0151 t\u00e9r \u00f6nmag\u00e1ban is meg\u00e9r egy l\u00e1togat\u00e1st, de a gener\u00e1ci\u00f3r\u00f3l gener\u00e1ci\u00f3ra \u00f6r\u00f6kl\u0151d\u0151, titkos recept alapj\u00e1n k\u00e9sz\u00fcl\u0151 panettone miatt is \u00e9rdemes bet\u00e9rni. A <a href=\"http:\/\/welovebudapest.com\/cikk\/2026\/07\/01\/klotild-patisserie-cukraszda-budapest-vaci-utca-st-regis-hotel-klotild-palota\/\" id=\"hyperlink_4c713394dd8b84603ad8d9feb0fdf1b8\" target=\"_blank\" title=\"Budapest egyik legels\u0151 patik\u00e1j\u00e1b\u00f3l cukr\u00e1szda lett \u2013 A Klotild Patisserie-ben j\u00e1rtunk\" rel=\"nofollow noopener\">Klotild Patisserie<\/a> egy egykori patik\u00e1nak ad \u00faj \u00e9letet, t\u00f6rt\u00e9nete szorosan \u00f6sszefon\u00f3dik a k\u00f6rny\u00e9k \u00e9s a v\u00e1ros m\u00faltj\u00e1val. A t\u00f6rt\u00e9nelmi enteri\u0151r \u00e9s a cukr\u00e1szda funkci\u00f3ja egy\u00fctt eg\u00e9szen saj\u00e1tos atmoszf\u00e9r\u00e1t teremt.<\/p>\n<p>                                <img decoding=\"async\" id=\"kep_71364761\" src=\"https:\/\/www.europesays.com\/hu\/wp-content\/uploads\/2026\/09\/71364761_c52dc6319dbd2b527e5a85585bfb7562_wm.jpg\" alt=\"Cova Budapest\" loading=\"lazy\"\/><\/p>\n<p>Cova Budapest            (Fot\u00f3: Matthew Shaw)<\/p>\n<p>A jap\u00e1n ihlet\u00e9s\u0171 <a href=\"http:\/\/welovebudapest.com\/cikk\/2026\/07\/31\/hachi-deza-fluffy-pancake-japan-palacsinta\/\" id=\"hyperlink_0c5945769c39d191c6605144a8fc6c64\" target=\"_blank\" title=\"Elhozt\u00e1k a belv\u00e1rosba a jap\u00e1nok legl\u00e9giesebb desszertjeit \u2013 Megny\u00edlt a Hachi Dez\u0101\" rel=\"nofollow noopener\">Hachi Dez\u0101<\/a> a jap\u00e1n palacsint\u00e1t gondolja \u00fajra: k\u00fcl\u00f6nleges alapanyagok \u00e9s technol\u00f3gi\u00e1k simulnak bele k\u00f6nnyen szerethet\u0151, ismer\u0151s \u00edzekbe. Azok is b\u00e1tran k\u00eds\u00e9rletezhetnek vele, akik \u00faj dolgokat keresnek, de azokat is meggy\u0151zi, akik egyszer\u0171en csak egy j\u00f3 palacsint\u00e1ra v\u00e1gynak. J\u00f3zsefv\u00e1rosban tal\u00e1lt otthonra a <a href=\"http:\/\/welovebudapest.com\/cikk\/2026\/06\/02\/chewbabka-babka-budapest-jozsefvaros-nyitva-fesztival\/\" id=\"hyperlink_d6f92a3a9fe33a609b799cde2717b827\" target=\"_blank\" title=\"\u201eAm\u00edg m\u00e1s kov\u00e1szolt, \u00e9n babk\u00e1t s\u00fct\u00f6ttem\u201d \u2013 Egy messzi galaxis helyett J\u00f3zsefv\u00e1rosban lelt otthonra a ChewBabka\" rel=\"nofollow noopener\">ChewBabka<\/a>, Magyarorsz\u00e1g els\u0151, kifejezetten babk\u00e1ra specializ\u00e1l\u00f3dott s\u00fctiz\u0151je, ahol az \u00e1lland\u00f3 kedvencek mellett folyamatosan \u00faj t\u00f6ltel\u00e9kekkel \u00e9s \u00edzekkel k\u00eds\u00e9rleteznek. A fah\u00e9jas tekercsek rajong\u00f3inak a <a href=\"http:\/\/welovebudapest.com\/cikk\/2026\/06\/30\/cimona-roast-roll-fahejas-csiga-tekercs-vi-kerulet-vasvari-pal-utca\/\" id=\"hyperlink_93d890441b0430c1c1db87ff0384bbc7\" target=\"_blank\" title=\"Puha fah\u00e9jas tekercsek, amikbe k\u00f6nny\u0171 belecsavarodni \u2013 Tesztelt\u00fck a Cimon\u00e1t\" rel=\"nofollow noopener\">Cimona<\/a> lehet az \u00faj zar\u00e1ndokhelye. A fiatal p\u00e1r \u00e1ltal m\u0171k\u00f6dtetett helyen minden reggel k\u00e9zzel form\u00e1zz\u00e1k \u00e9s \u00e1ll\u00edtj\u00e1k \u00f6ssze a pihepuha p\u00e9ks\u00fctiket, amikbe igen k\u00f6nny\u0171 belecsavarodni.<\/p>\n<p>                                <img decoding=\"async\" id=\"kep_71364757\" src=\"https:\/\/www.europesays.com\/hu\/wp-content\/uploads\/2026\/09\/71364757_200004f6b3455a643347e5f92ef2a688_wm.jpg\" alt=\"ChewBabka\" loading=\"lazy\"\/><\/p>\n<p>ChewBabka            (Fot\u00f3: B\u00e1csfalvi Lilla &#8211; We Love Budapest)<\/p>\n<p>                        \u00c9ttermek \u00e9s bisztr\u00f3k, laz\u00e1n vagy eleg\u00e1nsan<\/p>\n<p>A K\u00e1na-t\u00f3 mellett, egy j\u00e1tsz\u00f3t\u00e9r szomsz\u00e9ds\u00e1g\u00e1ban \u00e1ll\u00f3 hatsz\u00f6glet\u0171 \u00e9p\u00fcletben ny\u00edlt meg a <a href=\"http:\/\/welovebudapest.com\/cikk\/2026\/08\/22\/benitos-bodega-kana-to-olasz-street-food\/\" id=\"hyperlink_224d7d99671bddc57578767221ed65c2\" target=\"_blank\" title=\"Egy r\u00f3mai utaz\u00e1s ihlette a K\u00e1na-t\u00f3 \u00faj kedvenc\u00e9t \u2013 Tesztelt\u00fck a Benito\u2019s Bodeg\u00e1t\" rel=\"nofollow noopener\">Benito\u2019s Bodega<\/a>, amit egy r\u00f3mai utaz\u00e1s ihletett. A mediterr\u00e1n jelleg\u0171 street foodot k\u00edn\u00e1l\u00f3 helyet a k\u00f6rny\u00e9kbeli csal\u00e1dok, biciklisek, kutyas\u00e9t\u00e1ltat\u00f3k \u00e9s minden erre j\u00e1r\u00f3 felfedez\u0151 is k\u00f6nnyen a sz\u00edv\u00e9be z\u00e1rhatja. A n\u00e9pszer\u0171 biatorb\u00e1gyi <a href=\"http:\/\/welovebudapest.com\/cikk\/2026\/08\/03\/fuge-bisztro-biatorbagy-ujranyitas\/\" id=\"hyperlink_31b1150e53072740f73cd2e6033edc31\" target=\"_blank\" title=\"T\u00f6rzsvend\u00e9gei mentett\u00e9k meg a bez\u00e1r\u00e1st\u00f3l: meg\u00fajult koncepci\u00f3val nyitott \u00fajra a n\u00e9pszer\u0171 biatorb\u00e1gyi bisztr\u00f3\" rel=\"nofollow noopener\">F\u00fcge bisztr\u00f3<\/a> 2026 nyar\u00e1n \u00faj csapattal \u00e9s meg\u00fajult koncepci\u00f3val nyitott \u00fajra. A megszokott min\u0151s\u00e9g \u00e9s szerethet\u0151 hangulat megmaradt, mik\u00f6zben a hely friss lend\u00fcletet kapott.<\/p>\n<p>                                <img decoding=\"async\" id=\"kep_szerkfoto_image_71364749\" src=\"https:\/\/www.europesays.com\/hu\/wp-content\/uploads\/2026\/09\/71364749_829ac2d9db3e73aac7211ce432947ca9_wm.jpg\" alt=\"Benito\u2019s Bodega\" loading=\"lazy\"\/><\/p>\n<p>Benito\u2019s Bodega            (Fot\u00f3: Medgyesi Mil\u00e1n &#8211; We Love Budapest)<\/p>\n<p>40 \u00e9v ut\u00e1n \u00faj kezekbe ker\u00fclt \u00dajbuda legend\u00e1s retr\u00f3 helye, a <a href=\"http:\/\/welovebudapest.com\/cikk\/2026\/06\/18\/borpatika-uj-tulajdonos-magyaros-etterem-budapest-ujbuda\/\" id=\"hyperlink_b9b255196dfa0fdbb84d1511251cfaf7\" target=\"_blank\" title=\"40 \u00e9v ut\u00e1n \u00faj kezekbe ker\u00fclt \u00dajbuda legend\u00e1s retr\u00f3 helye, a b\u00e9kebeli Borpatika\" rel=\"nofollow noopener\">Borpatika<\/a>. Az \u00faj tulajdonosok a nosztalgikus hangulatot \u00e9s k\u00edn\u00e1latot is meg\u0151rizt\u00e9k, mik\u00f6zben igyekeznek alkalmazkodni a mai ig\u00e9nyekhez, hogy a Bart\u00f3k B\u00e9la \u00fat k\u00f6zvetlen szomsz\u00e9ds\u00e1g\u00e1ban tov\u00e1bbra is szerethet\u0151, id\u0151t\u00e1ll\u00f3 hely maradjon. A G\u00f3lya pressz\u00f3 id\u00e9n m\u00e1jusban a hor\u00e1nyi szabadstrand mellett nyitotta meg \u00faj hely\u00e9t, a <a href=\"http:\/\/welovebudapest.com\/cikk\/2026\/08\/10\/meteor-vendeglo-golya-horany-szentendrei-sziget\/\" id=\"hyperlink_5a3a647d6e6df950ef44e019a5c19ed8\" target=\"_blank\" title=\"\u00daj helyet nyitott a G\u00f3lya a Szentendrei-szigeten: kipr\u00f3b\u00e1ltuk a meg\u00fajult Meteor vend\u00e9gl\u0151t\" rel=\"nofollow noopener\">Meteor vend\u00e9gl\u0151t<\/a>, ahol napi men\u00fc \u00e9s m\u00e1s egyszer\u0171 fog\u00e1sok v\u00e1rnak.<\/p>\n<p>                                <img decoding=\"async\" id=\"kep_71364745\" src=\"https:\/\/www.europesays.com\/hu\/wp-content\/uploads\/2026\/09\/71364745_971c7d83f0373d21d0ea3759d4930fc1_wm.jpg\" alt=\"Borpatika\" loading=\"lazy\"\/><\/p>\n<p>Borpatika            (Fot\u00f3: Szab\u00f3 G\u00e1bor &#8211; We Love Budapest)<\/p>\n<p>A klasszikus smash burgerre \u00e9p\u00edt a belv\u00e1rosi <a href=\"http:\/\/welovebudapest.com\/cikk\/2026\/07\/21\/mr-smash-hamburger-budapest-belvaros-oktober-6-utca\/\" id=\"hyperlink_f8cd68b96cfa1c638225af6d766da434\" target=\"_blank\" title=\"A klasszikus smash burgerre tesz fel mindent a belv\u00e1rosi Mr. Smash\" rel=\"nofollow noopener\">Mr. Smash<\/a>, ami tudatos koncepci\u00f3val sz\u00e1ll be a Budapesten \u00e9vek \u00f3ta t\u00f6retlen\u00fcl h\u00f3d\u00edt\u00f3 smash burger l\u00e1zba. \u00dajlip\u00f3tv\u00e1rosban egy falat San Antonio k\u00f6lt\u00f6z\u00f6tt a Heged\u0171s Gyula utc\u00e1ba: megny\u00edlt a <a href=\"http:\/\/welovebudapest.com\/cikk\/2026\/07\/16\/sarita-taco-shop-budapest-tex-mex-ujlipotvaros-hegedus-gyula-utca\/\" id=\"hyperlink_0ee11da4acb988b57b8fee2a6b630693\" target=\"_blank\" title=\"Egy magyar sr\u00e1c olyan tac\u00f3t pakol \u00f6ssze \u00dajlip\u00f3tv\u00e1rosban, mintha Texasban lenn\u00e9nk\" rel=\"nofollow noopener\">Sarita Taco Shop<\/a>. A hely m\u00f6g\u00f6tt egy magyar sr\u00e1c \u00e1ll, aki olyan tac\u00f3kat pakol \u00f6ssze, mintha egyenesen Texasb\u00f3l \u00e9rkeztek volna.<\/p>\n<p>                                <img decoding=\"async\" id=\"kep_71364741\" src=\"https:\/\/www.europesays.com\/hu\/wp-content\/uploads\/2026\/09\/71364741_c17e5058dda6199db6b86389146ea29c_wm.jpg\" alt=\"Sarita Taco Shop\" loading=\"lazy\"\/><\/p>\n<p>Sarita Taco Shop            (Fot\u00f3: Forg\u00e1cs Zsuzsi &#8211; We Love Budapest)<\/p>\n<p>A R\u00e1k\u00f3czi t\u00e9ri <a href=\"http:\/\/welovebudapest.com\/cikk\/2026\/06\/26\/gim-tteok-koreai-street-food-budapest-rakoczi-teri-vasarcsarnok\/\" id=\"hyperlink_8c6aba8aeed5e7ed0520d91d73e72801\" target=\"_blank\" title=\"Egy h\u00e1romtag\u00fa koreai csal\u00e1d a R\u00e1k\u00f3czi t\u00e9rre hozta Sz\u00f6ul kedvenc street foodjait\" rel=\"nofollow noopener\">Gim Tteokban<\/a> egy h\u00e1romtag\u00fa koreai csal\u00e1d f\u0151zi Sz\u00f6ul kedvelt street food fog\u00e1sait. A c\u00e9ljuk nem a fine diningos\u00edtott koreai konyha, hanem a tradicion\u00e1lis, h\u00e9tk\u00f6znapi d\u00e9l-koreai eb\u00e9dek hangulat\u00e1nak megid\u00e9z\u00e9se. A K\u00e1lvin t\u00e9r k\u00f6rny\u00e9k\u00e9n ny\u00edlt <a href=\"http:\/\/welovebudapest.com\/cikk\/2026\/06\/10\/wrapido-burrito-budapest-mexikoi-street-food-kalvin-ter\/\" id=\"hyperlink_d92dc48399dabc0946b85fb7620d75e0\" target=\"_blank\" title=\"\u00c1mor nyila burrit\u00f3kkal csap le \u2013 Megny\u00edlt a Wrapido, amivel k\u00f6nny\u0171 szerelembe esni\" rel=\"nofollow noopener\">Wrapido<\/a> azoknak lehet j\u00f3 v\u00e1laszt\u00e1s, akik gyors, megfizethet\u0151 \u00e9s laktat\u00f3 eb\u00e9det vagy vacsor\u00e1t keresnek. A burrit\u00f3kra \u00e9p\u00fcl\u0151 koncepci\u00f3 egyszer\u0171, szerethet\u0151, \u00e9s k\u00f6nnyen m\u0171k\u00f6dik egy rohan\u00f3s v\u00e1rosi napon. A Bazilika k\u00f6zel\u00e9ben ny\u00edlt <a href=\"http:\/\/welovebudapest.com\/cikk\/2026\/06\/15\/pita-budapest-gorog-gyros-oktober-6-utca-belvaros\/\" id=\"hyperlink_a87a46121fe41a93e4532dad61843533\" target=\"_blank\" title=\"Ir\u00e1ny a Pita, ha min\u0151s\u00e9gi g\u00edroszt \u00e9s mennyei baklav\u00e1t akarsz k\u00f3stolni\" rel=\"nofollow noopener\">Pita Budapest<\/a> a min\u0151s\u00e9gi g\u00f6r\u00f6g g\u00edroszra \u00e9p\u00edt, legyen sz\u00f3 pit\u00e1r\u00f3l vagy t\u00e1lr\u00f3l. A tulajdonosok sz\u00e1mtalan helyet v\u00e9gigk\u00f3stoltak, hogy \u00f6sszegy\u0171jts\u00e9k a m\u0171faj legjobb megold\u00e1sait, a g\u00edrosz mell\u0151l pedig a mennyei baklav\u00e1t sem \u00e9rdemes kihagyni.<\/p>\n<p>                                <img decoding=\"async\" id=\"kep_71364737\" src=\"https:\/\/www.europesays.com\/hu\/wp-content\/uploads\/2026\/09\/71364737_6cd7f618263d9ccd6ac8e883d8220231_wm.jpg\" alt=\"Gim Tteok\" loading=\"lazy\"\/><\/p>\n<p>Gim Tteok            (Fot\u00f3: Forg\u00e1cs Zsuzsi &#8211; We Love Budapest)<\/p>\n<p>                        B\u00e1rok, teraszok, kerthelyis\u00e9gek<\/p>\n<p>A t\u00f6r\u00f6k rocklegenda \u00e1ltal ihletett <a href=\"http:\/\/welovebudapest.com\/cikk\/2026\/07\/03\/mancho-budapest-koktelbar-natur-bor-dob-utca-bulinegyed\/\" id=\"hyperlink_803e8b264ece43b039dbbeec3044cba0\" target=\"_blank\" title=\"T\u00f6r\u00f6k rocklegenda ihlette az \u00faj b\u00e1rt, ahol a nat\u00far borok \u00e9s a kokt\u00e9lok rajong\u00f3i k\u00f6z\u00f6s nevez\u0151re juthatnak\" rel=\"nofollow noopener\">Mancho<\/a> azoknak is tartogat valamit, akik nat\u00far borokat k\u00f3stoln\u00e1nak, \u00e9s azoknak is, akik ink\u00e1bb a kokt\u00e9lokat keresik. A projekt m\u00f6g\u00f6tt a t\u00f6r\u00f6k sz\u00e1rmaz\u00e1s\u00fa DJ, Vedat Akda\u011f \u00e9s alkot\u00f3t\u00e1rsa, Onurcan Eki \u00e1ll, akik egy karakteres, kultur\u00e1lis \u00e9s kulin\u00e1ris szempontb\u00f3l is izgalmas helyet hoztak l\u00e9tre. A Geszteny\u00e9s kert mellett, a MOMkult k\u00f6zvetlen szomsz\u00e9ds\u00e1g\u00e1ban ny\u00edlt meg a szezon\u00e1lis <a href=\"http:\/\/welovebudapest.com\/cikk\/2026\/06\/08\/siraly-bar-momkult-feher-nyul-compact-cocktail-kezmuves-sor-csapolt-koktel-budapest\/\" id=\"hyperlink_c0202d4db890b3a853d6dfc00fefc69c\" target=\"_blank\" title=\"Csapolt kokt\u00e9lok \u00e9s kis\u00fczemi s\u00f6r\u00f6k \u2013 Megny\u00edlt a Sir\u00e1ly b\u00e1r a Geszteny\u00e9s kert mellett\" rel=\"nofollow noopener\">Sir\u00e1ly b\u00e1r<\/a>, ahol csapolt kokt\u00e9lokkal \u00e9s kis\u00fczemi s\u00f6r\u00f6kkel v\u00e1rj\u00e1k a vend\u00e9geket.<\/p>\n<p>                                <img decoding=\"async\" id=\"kep_71364731\" src=\"https:\/\/www.europesays.com\/hu\/wp-content\/uploads\/2026\/09\/71364731_5c54f79544396dbc2d7867efb421966e_wm.jpg\" alt=\"Mancho\" loading=\"lazy\"\/><\/p>\n<p>Mancho            (Fot\u00f3: Szab\u00f3 G\u00e1bor &#8211; We Love Budapest)<\/p>\n<p>A Margitsziget n\u00e9pszer\u0171 kerthelyis\u00e9ge, a <a href=\"http:\/\/welovebudapest.com\/cikk\/2026\/06\/10\/holdudvar-margitsziget-ujranyitas-napolyi-pizza-bar-kerthelyiseg-budapest\/\" id=\"hyperlink_58705d5612549b12e83e96459295ae7f\" target=\"_blank\" title=\"Felkelt \u00e1lm\u00e1b\u00f3l a Holdudvar \u2013 Pizz\u00e1kkal \u00e9s nappali bulikkal ny\u00edlt \u00fajra a laza, \u00e1rnyas kerthelyis\u00e9g\" rel=\"nofollow noopener\">Holdudvar<\/a> teljesen \u00faj koncepci\u00f3val t\u00e9rt vissza 2026 nyar\u00e1n. A hely pizz\u00e1kkal \u00e9s nappali bulikkal v\u00e1rja a vend\u00e9geket, \u00edgy a szigeti c\u00e9lpontok k\u00f6z\u00e9 felker\u00fclt egy laza, \u00e1rnyas tal\u00e1lkoz\u00f3hely.<\/p>\n<p>                                <img decoding=\"async\" id=\"kep_71364701\" src=\"https:\/\/www.europesays.com\/hu\/wp-content\/uploads\/2026\/09\/71364701_ed6ba286d224778253c3d9cf9de61653_wm.jpg\" alt=\"Holdudvar\" loading=\"lazy\"\/><\/p>\n<p>Holdudvar            (Fot\u00f3: Mik\u00f3 Vencel &#8211; We Love Budapest)<\/p>\n<p>Buda\u00f6rs gasztropalett\u00e1ja egy kult\u00farkocsm\u00e1val b\u0151v\u00fclt: a <a href=\"http:\/\/welovebudapest.com\/cikk\/2026\/06\/29\/kraft-kert-monyo-playground-budaors-kerthelyiseg-grillcsirke-smashed-burger-kezmuves-sor\/\" id=\"hyperlink_aeff290743ee151ff5105a302499c9a5\" target=\"_blank\" title=\"Buda\u00f6rs leg\u00fajabb kult\u00farkocsm\u00e1j\u00e1ban kraft s\u00f6r\u00f6k, smashed burger \u00e9s grillcsirke mellett szusszanhatunk\" rel=\"nofollow noopener\">Kraft Kertben<\/a> kraft s\u00f6r\u00f6k, smashed burger \u00e9s grillcsirke mellett lehet laz\u00edtani. Budakeszin a <a href=\"http:\/\/welovebudapest.com\/cikk\/2026\/08\/06\/weigl-brew-budakeszi-kavezo-brunch\/\" id=\"hyperlink_56306edde73cf4a85a4c4fba97236230\" target=\"_blank\" title=\"Erre a budakeszi teraszra nemcsak a t\u00f6rzsvend\u00e9gek, de m\u00e9g a kacs\u00e1k is visszaj\u00e1rnak\" rel=\"nofollow noopener\">Weigl Brew<\/a> term\u00e9szetk\u00f6zeli terasza nemcsak min\u0151s\u00e9gi k\u00e1v\u00e9val \u00e9s brunch\u00e9telekkel v\u00e1rja a vend\u00e9geket, hanem \u00fcd\u00edt\u0151kkel \u00e9s n\u00e1polyi st\u00edlus\u00fa pizz\u00e1val is.<\/p>\n<p>                                <img decoding=\"async\" id=\"kep_71364695\" src=\"https:\/\/www.europesays.com\/hu\/wp-content\/uploads\/2026\/09\/71364695_c582533ebf7d9c03a8f750fac7e28144_wm.jpg\" alt=\"Kraft Kert\" loading=\"lazy\"\/><\/p>\n<p>Kraft Kert            (Fot\u00f3: Forg\u00e1cs Zsuzsi &#8211; We Love Budapest)<\/p>\n<p>                        +1 deli a h\u00fasrajong\u00f3knak<\/p>\n<p>A BOCCA Gourmet Stories \u00faj projektje, a MOM Parkban tal\u00e1lhat\u00f3 <a href=\"http:\/\/welovebudapest.com\/cikk\/2026\/06\/05\/bocca-meat-stories-steakshop-hentes-budapest-mom-park\/\" id=\"hyperlink_143b80aba9a91991f0ba71bc8bd2c46f\" target=\"_blank\" title=\"Hentesbolt helyett h\u00fasszalon: megn\u00e9zt\u00fck a BOCCA \u00faj projektj\u00e9t\" rel=\"nofollow noopener\">BOCCA Meat Stories<\/a> a klasszikus hentesboltok vil\u00e1g\u00e1t gondolja tov\u00e1bb. Ink\u00e1bb h\u00fasszalonk\u00e9nt m\u0171k\u00f6dik, ahol j\u00f3val eleg\u00e1nsabb \u00e9s \u00e9lm\u00e9nyszer\u0171bb k\u00f6rnyezetben ker\u00fclnek k\u00f6z\u00e9ppontba a h\u00fasok.<\/p>\n<p>                                <img decoding=\"async\" id=\"kep_71364691\" src=\"https:\/\/www.europesays.com\/hu\/wp-content\/uploads\/2026\/09\/71364691_1fa6caf105e0c5683fd167bd166a24b8_wm.jpg\" alt=\"boccameatstories 260601 bacsfalvililla-48\" loading=\"lazy\"\/><\/p>\n<p>            (Fot\u00f3: B\u00e1csfalvi Lilla &#8211; We Love Budapest)<\/p>\n<p>\n                          (Bor\u00edt\u00f3k\u00e9p: Ver\u00e1s by Palkonyha, Szab\u00f3 G\u00e1bor \u2013 We Love Budapest)\n                        <\/p>\n<p><a href=\"https:\/\/dex.hu\/x.php?id=googlepref_desktop_welovebudapest&amp;url=https:\/\/google.com\/preferences\/source?q=https:\/\/welovebudapest.com\/\" class=\"google-pref-banner \" id=\"googlePrefBanner\" rel=\"nofollow noopener\" target=\"_blank\"><\/p>\n<p>        \u00c1ll\u00edtsd be a Google keres\u0151j\u00e9t, hogy a tal\u00e1latok k\u00f6z\u00f6tt biztos ott legyen a We Love Budapest!    <\/p>\n<p><\/a><\/p>\n<p>        <img decoding=\"async\" class=\"wlbkonyv-ajanlo_img\" src=\"https:\/\/www.europesays.com\/hu\/wp-content\/uploads\/2026\/09\/1788352221_125_71107885_0d706056e4c2d5770ec30c3bc3ac7603_wm.jpg\" alt=\"\" style=\"\"\/><\/p>\n<p class=\"wlbkonyv-ajanlo_promocio\">hirdet\u00e9s<\/p>\n<p>Folytatn\u00e1d az olvas\u00e1st? Szeretsz mindig k\u00e9pben lenni, \u00e9rdekelnek a leg\u00fajabb budapesti h\u00edrek, t\u00f6rt\u00e9netek? <a target=\"_blank\" href=\"https:\/\/welovebudapest.com\/hirlevel\/feliratkozas\" rel=\"nofollow noopener\">Iratkozz fel heti h\u00edrlevel\u00fcnkre<\/a>, az Insiderre, \u00e9s legy\u00e9l te a t\u00e1rsas\u00e1g ir\u00e1nyt\u0171je, ha \u00e9ttermet, kir\u00e1ndul\u00f3helyet vagy programot kerestek!<\/p>\n<p>                C\u00edmk\u00e9k            <\/p>\n","protected":false},"excerpt":{"rendered":"\u00daj p\u00e9ks\u00e9gek, izgalmas k\u00e1v\u00e9z\u00f3k, k\u00fcl\u00f6nleges street food helyek \u00e9s r\u00e9g\u00f3ta v\u00e1rt \u00fajranyit\u00e1sok \u2013 2026 nyara sem sz\u0171k\u00f6lk\u00f6d\u00f6tt gasztro\u00fajdons\u00e1gokban.&hellip;\n","protected":false},"author":2,"featured_media":229960,"comment_status":"","ping_status":"","sticky":false,"template":"","format":"standard","meta":{"footnotes":"","_share_on_mastodon":"0"},"categories":[22],"tags":[9618,858,73,2559,859,865,44,42,40,1539,29620,43,41,5446,11366,1424,38811,14940],"class_list":["post-229959","post","type-post","status-publish","format-standard","has-post-thumbnail","category-budapest","tag-bar","tag-bisztro","tag-budapest","tag-cukraszda","tag-etterem","tag-gasztro","tag-hu","tag-hungarian","tag-hungary","tag-kavezo","tag-kerthelyiseg","tag-magyar","tag-magyarorszag","tag-pekseg","tag-street-food","tag-toplista","tag-uj-helyek","tag-ujdonsagok"],"share_on_mastodon":{"url":"https:\/\/pubeurope.com\/@hu\/117201458166856084","error":""},"_links":{"self":[{"href":"https:\/\/www.europesays.com\/hu\/wp-json\/wp\/v2\/posts\/229959","targetHints":{"allow":["GET"]}}],"collection":[{"href":"https:\/\/www.europesays.com\/hu\/wp-json\/wp\/v2\/posts"}],"about":[{"href":"https:\/\/www.europesays.com\/hu\/wp-json\/wp\/v2\/types\/post"}],"author":[{"embeddable":true,"href":"https:\/\/www.europesays.com\/hu\/wp-json\/wp\/v2\/users\/2"}],"replies":[{"embeddable":true,"href":"https:\/\/www.europesays.com\/hu\/wp-json\/wp\/v2\/comments?post=229959"}],"version-history":[{"count":0,"href":"https:\/\/www.europesays.com\/hu\/wp-json\/wp\/v2\/posts\/229959\/revisions"}],"wp:featuredmedia":[{"embeddable":true,"href":"https:\/\/www.europesays.com\/hu\/wp-json\/wp\/v2\/media\/229960"}],"wp:attachment":[{"href":"https:\/\/www.europesays.com\/hu\/wp-json\/wp\/v2\/media?parent=229959"}],"wp:term":[{"taxonomy":"category","embeddable":true,"href":"https:\/\/www.europesays.com\/hu\/wp-json\/wp\/v2\/categories?post=229959"},{"taxonomy":"post_tag","embeddable":true,"href":"https:\/\/www.europesays.com\/hu\/wp-json\/wp\/v2\/tags?post=229959"}],"curies":[{"name":"wp","href":"https:\/\/api.w.org\/{rel}","templated":true}]}}