{"id":229961,"date":"2026-09-02T12:36:11","date_gmt":"2026-09-02T12:36:11","guid":{"rendered":"https:\/\/www.europesays.com\/hu\/229961\/"},"modified":"2026-09-02T12:36:11","modified_gmt":"2026-09-02T12:36:11","slug":"eletstilus-majka-a-szijjartoval-kozos-keperol-o-osztotta-meg-en-sose-tettem-ki-sehova","status":"publish","type":"post","link":"https:\/\/www.europesays.com\/hu\/229961\/","title":{"rendered":"\u00c9let+St\u00edlus: Majka a Szijj\u00e1rt\u00f3val k\u00f6z\u00f6s k\u00e9p\u00e9r\u0151l: \u0150 osztotta meg, \u00e9n sose tettem ki sehova"},"content":{"rendered":"<p>A Majka a <a href=\"https:\/\/www.youtube.com\/watch?v=_MypGhC_FGg\" target=\"_blank\" rel=\"nofollow noopener\">J\u00f3lvanez\u00edgy<\/a> YouTube-csatorna vend\u00e9ge volt, ahol sz\u00f3ba ker\u00fclt, hogy mivel <a href=\"https:\/\/hvg.hu\/elet\/20250327_Majka-beszolt-a-TV2-nek\" target=\"_self\" rel=\"nofollow noopener\">kor\u00e1bban a TV2-n volt l\u00e1that\u00f3<\/a>, visszat\u00e9rne-e, illetve h\u00edvt\u00e1k-e. Erre ennyit v\u00e1laszolt: \u201eHa pr\u00f3b\u00e1ltak, se besz\u00e9ln\u00e9k r\u00f3la, mert nem mentem, \u00e9s nem is fogok.\u201d<\/p>\n<p>Majk\u00e1t kor\u00e1bban, \u00fagy f\u00e9l \u00e9vtizeddel ezel\u0151tt rendszeresen \u00e9rt\u00e9k olyan t\u00e1mad\u00e1sok a k\u00f6z\u00e9letben, hogy t\u00fal k\u00f6zel \u00e1ll a NER-hez. 2021-ben p\u00e9ld\u00e1ul a koronav\u00edrus-j\u00e1rv\u00e1ny alatt a \u201el\u00e9legeztet\u0151g\u00e9pek\u201d beszerz\u00e9s\u00e9ben \u00e9pp elmer\u00fcl\u0151 Szijj\u00e1rt\u00f3 P\u00e9terrel, az\u00f3ta a BYD-hoz igazolt akkori k\u00fclgazdas\u00e1gi \u00e9s k\u00fcl\u00fcgyminiszterrel <a href=\"https:\/\/hvg.hu\/elet\/20210420_Szijjarto_Peter_covidos_eszmecseret_tartott_Majkaval\" target=\"_self\" rel=\"nofollow noopener\">tal\u00e1lkozott<\/a>. Ut\u00f3bbi pedig k\u00f6z\u00f6s fot\u00f3t is kitett err\u0151l.<\/p>\n<p> <a href=\"https:\/\/hvg.hu\/elet\/20250729_szijjarto-majka-talalkozo-segitseg-ebx\" target=\"_self\" rel=\"nofollow noopener\"> <\/p>\n<p>https:\/\/hvg.hu\/elet\/20250729_szijjarto-majka-talalkozo-segitseg-ebx<\/p>\n<p>Majka akkor visszautas\u00edtotta a v\u00e1dakat, \u00e9s azt mondta, hogy a lez\u00e1r\u00e1sok miatt szenved\u0151 sz\u00f3rakoztat\u00f3ipar \u00e9rdek\u00e9ben akart lobbizni. Az idei parlamenti v\u00e1laszt\u00e1st megel\u0151z\u0151, hozz\u00e1vet\u0151leg egy\u00e9ves peri\u00f3dusban pedig m\u00e1r nyilv\u00e1nosan is egyre gyakrabban kritiz\u00e1lta a Fideszt \u2013 <a href=\"https:\/\/hvg.hu\/cimke\/bindzsisztan\" target=\"_self\" rel=\"nofollow noopener\">sz\u00f3ban \u00e9s zen\u00e9ben<\/a>.<\/p>\n<p>A mostani m\u0171sorban azt mondta a Szijj\u00e1rt\u00f3val k\u00e9sz\u00fclt k\u00f6z\u00f6s k\u00e9p\u00fckr\u0151l, hogy \u201e\u0151 osztotta meg, \u00e9n sose tettem ki sehova\u201d. Megl\u00e1t\u00e1sa szerint politikai h\u00edrver\u00e9st csin\u00e1ltak az \u00fcgyb\u0151l. \u201eVan ilyen, hogy amikor elindulsz, hogy j\u00f3t t\u00e9gy, azt gondolod, hogy majd most akkor tudsz seg\u00edteni, vagy valami olyan dolgot csin\u00e1lni, ami t\u00e9nyleg sz\u00e1m\u00edt, \u00e9s akkor ut\u00e1na beleszaladsz egy ilyen pofonba. Akkor szerintem az egy j\u00f3 tanul\u00f3p\u00e9nz volt\u201d \u2013 fogalmazott.<\/p>\n<p>Hosszabban mes\u00e9lt arr\u00f3l is, hogy a Las Vegas-i World Series of Poker idei verseny\u00e9n hogyan rabolt\u00e1k ki. \u00c9s nem a j\u00e1t\u00e9kban: a zen\u00e9szt\u0151l ellopt\u00e1k a t\u00e1sk\u00e1j\u00e1t a kaszin\u00f3ban. \u201eFelakasztottam a sz\u00e9kre, \u00e9s megk\u00e9rdeztem a dealert egy sz\u00fcnetn\u00e9l, hogy itt hagyhatom-e az asztalon, \u00e9s elvitt\u00e9k. (\u2026) Mindent elvittek a k\u00e1rty\u00e1immal meg mindennel\u201d \u2013 h\u00e1borgott.<\/p>\n<p>Elmond\u00e1sa szerint az volt a szerencs\u00e9je, hogy az \u00fatlevel\u00e9t a zseb\u00e9ben tartotta, mert azt a dealereknek is be kellett mutatni. Ezut\u00e1n felh\u00e1borod\u00e1s\u00e1nak adott hangot, mivel azt felt\u00e9telezte \u2013 hib\u00e1san \u2013, hogy egy ilyen kaszin\u00f3 kell\u0151en j\u00f3l \u0151rz\u00f6tt, \u00e9s be van kamer\u00e1zva. Az \u00fcgyet egy kis j\u00e1t\u00e9k ut\u00e1n jelezte a biztons\u00e1gi szolg\u00e1latnak, de rend\u0151rt nem h\u00edvott, csak a k\u00e1rty\u00e1it tiltotta le.<\/p>\n<p>\u00dczenem neki \u2013 b\u00e1r \u00fagyse \u00e9rti \u00e9s nem hallja, kiv\u00e9ve, ha valami magyar volt \u2013, rohadjon meg!<\/p>\n<p>\u2013 fogalmazta meg a zen\u00e9sz az elk\u00f6vet\u0151nek c\u00edmzett mondand\u00f3j\u00e1t.<\/p>\n<p>A versenyen Majka egy\u00e9bk\u00e9nt k\u00f6r\u00fclbel\u00fcl egymilli\u00f3 forintnak megfelel\u0151 \u00f6sszeget nyert.<\/p>\n<p> <a href=\"https:\/\/hvg.hu\/kkv\/20250930_Nagy-Adam-Jolvanezigy-Fokuszcsoport-YouTube-vallalkozas-Merlegen-podcast-ebx\" target=\"_self\" rel=\"nofollow noopener\"> <\/p>\n<p>https:\/\/hvg.hu\/kkv\/20250930_Nagy-Adam-Jolvanezigy-Fokuszcsoport-YouTube-vallalkozas-Merlegen-podcast-ebx<\/p>\n","protected":false},"excerpt":{"rendered":"A Majka a J\u00f3lvanez\u00edgy YouTube-csatorna vend\u00e9ge volt, ahol sz\u00f3ba ker\u00fclt, hogy mivel kor\u00e1bban a TV2-n volt l\u00e1that\u00f3, visszat\u00e9rne-e,&hellip;\n","protected":false},"author":2,"featured_media":229962,"comment_status":"","ping_status":"","sticky":false,"template":"","format":"standard","meta":{"footnotes":"","_share_on_mastodon":"0"},"categories":[16],"tags":[1078,137,44,42,40,43,41,2260,31517,2374,138],"class_list":["post-229961","post","type-post","status-publish","format-standard","has-post-thumbnail","category-szorakozas","tag-bunugy","tag-entertainment","tag-hu","tag-hungarian","tag-hungary","tag-magyar","tag-magyarorszag","tag-majka","tag-poker","tag-szines","tag-szorakozas"],"share_on_mastodon":{"url":"https:\/\/pubeurope.com\/@hu\/117201481561297119","error":""},"_links":{"self":[{"href":"https:\/\/www.europesays.com\/hu\/wp-json\/wp\/v2\/posts\/229961","targetHints":{"allow":["GET"]}}],"collection":[{"href":"https:\/\/www.europesays.com\/hu\/wp-json\/wp\/v2\/posts"}],"about":[{"href":"https:\/\/www.europesays.com\/hu\/wp-json\/wp\/v2\/types\/post"}],"author":[{"embeddable":true,"href":"https:\/\/www.europesays.com\/hu\/wp-json\/wp\/v2\/users\/2"}],"replies":[{"embeddable":true,"href":"https:\/\/www.europesays.com\/hu\/wp-json\/wp\/v2\/comments?post=229961"}],"version-history":[{"count":0,"href":"https:\/\/www.europesays.com\/hu\/wp-json\/wp\/v2\/posts\/229961\/revisions"}],"wp:featuredmedia":[{"embeddable":true,"href":"https:\/\/www.europesays.com\/hu\/wp-json\/wp\/v2\/media\/229962"}],"wp:attachment":[{"href":"https:\/\/www.europesays.com\/hu\/wp-json\/wp\/v2\/media?parent=229961"}],"wp:term":[{"taxonomy":"category","embeddable":true,"href":"https:\/\/www.europesays.com\/hu\/wp-json\/wp\/v2\/categories?post=229961"},{"taxonomy":"post_tag","embeddable":true,"href":"https:\/\/www.europesays.com\/hu\/wp-json\/wp\/v2\/tags?post=229961"}],"curies":[{"name":"wp","href":"https:\/\/api.w.org\/{rel}","templated":true}]}}