{"id":229978,"date":"2026-09-02T12:51:15","date_gmt":"2026-09-02T12:51:15","guid":{"rendered":"https:\/\/www.europesays.com\/hu\/229978\/"},"modified":"2026-09-02T12:51:15","modified_gmt":"2026-09-02T12:51:15","slug":"index-futball-futball-1151","status":"publish","type":"post","link":"https:\/\/www.europesays.com\/hu\/229978\/","title":{"rendered":"Index &#8211; Futball &#8211; Futball"},"content":{"rendered":"<p>Mind a hat NL-\u00f6sszecsap\u00e1s\u00e1t az \u0151sszel j\u00e1tssza le Marco Rossi sz\u00f6vets\u00e9gi kapit\u00e1ny B div\u00edzi\u00f3ban szerepl\u0151 egy\u00fcttese, amely <a href=\"https:\/\/index.hu\/sport\/futball\/2026\/02\/12\/nemzetek-ligaja-2026-2027-sorsolas-b-liga-magyarorszag-csoportellenfelek\/\" id=\"hyperlink_24bb26932e3bd8e7809f714f089c4076\" target=\"_blank\" title=\"Br\u00fcsszelben eld\u0151lt: j\u00f6n a magyar\u2013ukr\u00e1n \u00f6sszecsap\u00e1s\" data-recommendation=\"bekezdes_utan\" data-recommendation-preview=\"{&quot;og:title&quot;:&quot;Br\u00fcsszelben eld\\u0151lt: j\u00f6n a magyar\u2013ukr\u00e1n \u00f6sszecsap\u00e1s&quot;,&quot;og:description&quot;:&quot;Lesznek j\u00f3 nagy t\u00far\u00e1i Marco Rossi egy\u00fcttes\u00e9nek.&quot;,&quot;og:image&quot;:&quot;\\\/\\\/kep.cdn.indexvas.hu\\\/1\\\/0\\\/6753\\\/67533\\\/675339\\\/67533995_4986403_41f2f473c4b0066888f2fc4cd45ef221_wm.jpg&quot;}\" data-recommendation-id=\"6160361\" rel=\"nofollow noopener\">Ukrajn\u00e1val, Georgi\u00e1val \u00e9s \u00c9szak-\u00cdrorsz\u00e1ggal ker\u00fclt egy csoportba. <\/a>Az \u00faj versenynapt\u00e1rnak megfelel\u0151en a szeptemberi \u00e9s okt\u00f3beri id\u0151szakot egyben j\u00e1tssz\u00e1k le a v\u00e1logatottak, \u00edgy az \u0151sz els\u0151 fel\u00e9ben n\u00e9gy, novemberben tov\u00e1bbi k\u00e9t tal\u00e1lkoz\u00f3 lesz.<\/p>\n<p>Az NL-sorozat els\u0151 fordul\u00f3j\u00e1ban, szeptember 25-\u00e9n Ukrajna, a harmadikban pedig, okt\u00f3ber 2-\u00e1n Georgia v\u00e1logatottja l\u00e9p p\u00e1ly\u00e1ra a Pusk\u00e1s Ar\u00e9n\u00e1ban, mindk\u00e9t tal\u00e1lkoz\u00f3 20.45-kor kezd\u0151dik.<\/p>\n<p>\n                          Az MLSZ honlapj\u00e1nak t\u00e1j\u00e9koztat\u00e1sa szerint\n                        <\/p>\n<p>                        h\u00e9tf\u0151n 10 \u00f3r\u00e1t\u00f3l k\u00e9t napon kereszt\u00fcl csak az aranyszintes drukkerek sz\u00e1m\u00e1ra \u00e9rhet\u0151k el a bel\u00e9p\u0151k,<br \/>\n                        szerd\u00e1t\u00f3l kezd\u0151dik a t\u00f6bbi szurkol\u00f3i tag el\u0151v\u00e1s\u00e1rl\u00e1si id\u0151szaka,<br \/>\n                        j\u00f6v\u0151 h\u00e9t p\u00e9ntekt\u0151l pedig minden regisztr\u00e1lt sz\u00e1m\u00e1ra el\u00e9rhet\u0151k lesznek a m\u00e9g rendelkez\u00e9sre \u00e1ll\u00f3 jegyek.<\/p>\n<p>A magyar v\u00e1logatott a B div\u00edzi\u00f3 2. csoportj\u00e1ban szerepel, a n\u00e9gyesb\u0151l az els\u0151 helyezett feljut az A div\u00edzi\u00f3ba, a m\u00e1sodik oszt\u00e1lyoz\u00f3t j\u00e1tszik a feljut\u00e1s\u00e9rt, a harmadik is oszt\u00e1lyoz\u00f3t j\u00e1tszik, de a bennmarad\u00e1s\u00e9rt, m\u00edg a csoport utols\u00f3 helyezettje kiesik a C div\u00edzi\u00f3ba.<\/p>\n<p>\n                          A MAGYAR V\u00c1LOGATOTT NEMZETEK LIG\u00c1JA-PROGRAMJA\n                        <\/p>\n<p>                        Szeptember 25., 20.45: Magyarorsz\u00e1g\u2013Ukrajna<br \/>\n                        Szeptember 28., 20.45: \u00c9szak-\u00cdrorsz\u00e1g\u2013Magyarorsz\u00e1g<br \/>\n                        Okt\u00f3ber 2., 20.45: Magyarorsz\u00e1g\u2013Gr\u00fazia<br \/>\n                        Okt\u00f3ber 5., 20.45: Ukrajna\u2013Magyarorsz\u00e1g<br \/>\n                        November 14., 18.00: Gr\u00fazia\u2013Magyarorsz\u00e1g<br \/>\n                        November 17., 20.45: Magyarorsz\u00e1g\u2013\u00c9szak-\u00cdrorsz\u00e1g<\/p>\n<p>(Bor\u00edt\u00f3k\u00e9p: Magyar szurkol\u00f3k a Magyarorsz\u00e1g\u2013\u00cdrorsz\u00e1g labdar\u00fag\u00f3-vil\u00e1gbajnoki selejtez\u0151 m\u00e9rk\u0151z\u00e9s el\u0151tt a Pusk\u00e1s Ar\u00e9n\u00e1ban 2025. november 16-\u00e1n.\u00a0Fot\u00f3: Papajcsik P\u00e9ter \/ Index)\u00a0<\/p>\n<p><a href=\"https:\/\/dex.hu\/x.php?id=googlepref_desktop&amp;url=https:\/\/google.com\/preferences\/source?q=https:\/\/index.hu\" class=\"google-pref-banner \" id=\"googlePrefBanner\" rel=\"nofollow noopener\" target=\"_blank\"><\/p>\n<p>    Itt \u00e1ll\u00edtsa be, hogy az Index az els\u0151k k\u00f6z\u00f6tt legyen a Google-tal\u00e1latokban!<\/p>\n<p><\/a><\/p>\n<p>                <a href=\"https:\/\/konyvek.index.hu\/\" target=\"_blank\" rel=\"nofollow noopener\"><br \/>\n                <img decoding=\"async\" src=\"https:\/\/index.hu\/assets\/images\/konyvajanlo\/book_indapress\/book_indapress_logo.svg\" loading=\"lazy\" alt=\"Inda Press Kiad\u00f3\"\/><br \/>\n                <\/a><\/p>\n<p>                <img decoding=\"async\" src=\"https:\/\/www.europesays.com\/hu\/wp-content\/uploads\/2026\/09\/1788353473_498_rossi.png\" loading=\"lazy\" alt=\"Rossi\"\/><\/p>\n<p>Ismerd meg a magyar labdar\u00fag\u00e1s h\u0151s\u00e9nek eml\u00e9kezetes pillanatait!<br \/>Folytassa, Mister!<\/p>\n<p>                <a class=\"book_index_btn\" href=\"https:\/\/indexadhu.hit.gemius.pl\/hitredir\/id=nSCbubuYpDWJZLZs0TssLrbt33Lk5kbipuiZrkg89G3.g7\/stparam=uciklwjurk\/fastid=efdamtuhsxcjschvtzobuxredglq\/nc=0\/url=https:\/\/www.indapresskiado.hu\/products\/marco-rossi?_pos=1&amp;_psq=rossi&amp;_ss=e&amp;_v=1.0\" target=\"_blank\" rel=\"nofollow noopener\">MEGVESZEM<\/a><\/p>\n<p>    <img loading=\"lazy\" decoding=\"async\" src=\"https:\/\/www.europesays.com\/hu\/wp-content\/uploads\/2026\/09\/1788353475_915_nc=0.gif\" border=\"0\" height=\"0\" width=\"0\"\/><\/p>\n<p>    <img decoding=\"async\" src=\"https:\/\/index.hu\/assets\/images\/social-follow\/logo-big.svg\" alt=\"Index.hu logo\"\/><\/p>\n<p>K\u00f6vesse az Indexet Facebookon is!<\/p>\n<p>    <a href=\"https:\/\/facebook.com\/Indexhu\" target=\"_blank\" rel=\"nofollow noopener\"><\/p>\n<p>        K\u00f6vetem!<br \/>\n    <\/a><\/p>\n","protected":false},"excerpt":{"rendered":"Mind a hat NL-\u00f6sszecsap\u00e1s\u00e1t az \u0151sszel j\u00e1tssza le Marco Rossi sz\u00f6vets\u00e9gi kapit\u00e1ny B div\u00edzi\u00f3ban szerepl\u0151 egy\u00fcttese, amely Ukrajn\u00e1val,&hellip;\n","protected":false},"author":2,"featured_media":229979,"comment_status":"","ping_status":"","sticky":false,"template":"","format":"standard","meta":{"footnotes":"","_share_on_mastodon":"0"},"categories":[14],"tags":[7425,60888,44,42,40,6897,6205,43,3804,41,8236,2169,10338,45,131,1811,58,10339,5365],"class_list":["post-229978","post","type-post","status-publish","format-standard","has-post-thumbnail","category-sport","tag-georgia","tag-gruz-valogatott","tag-hu","tag-hungarian","tag-hungary","tag-jegyertekesites","tag-jegyvasarlas","tag-magyar","tag-magyar-valogatott","tag-magyarorszag","tag-marco-rossi","tag-mlsz","tag-nemzetek-ligaja","tag-sport","tag-sports","tag-szoboszlai-dominik","tag-ukrajna","tag-ukran-valogatott","tag-valogatott"],"share_on_mastodon":{"url":"https:\/\/pubeurope.com\/@hu\/117201540819322645","error":""},"_links":{"self":[{"href":"https:\/\/www.europesays.com\/hu\/wp-json\/wp\/v2\/posts\/229978","targetHints":{"allow":["GET"]}}],"collection":[{"href":"https:\/\/www.europesays.com\/hu\/wp-json\/wp\/v2\/posts"}],"about":[{"href":"https:\/\/www.europesays.com\/hu\/wp-json\/wp\/v2\/types\/post"}],"author":[{"embeddable":true,"href":"https:\/\/www.europesays.com\/hu\/wp-json\/wp\/v2\/users\/2"}],"replies":[{"embeddable":true,"href":"https:\/\/www.europesays.com\/hu\/wp-json\/wp\/v2\/comments?post=229978"}],"version-history":[{"count":0,"href":"https:\/\/www.europesays.com\/hu\/wp-json\/wp\/v2\/posts\/229978\/revisions"}],"wp:featuredmedia":[{"embeddable":true,"href":"https:\/\/www.europesays.com\/hu\/wp-json\/wp\/v2\/media\/229979"}],"wp:attachment":[{"href":"https:\/\/www.europesays.com\/hu\/wp-json\/wp\/v2\/media?parent=229978"}],"wp:term":[{"taxonomy":"category","embeddable":true,"href":"https:\/\/www.europesays.com\/hu\/wp-json\/wp\/v2\/categories?post=229978"},{"taxonomy":"post_tag","embeddable":true,"href":"https:\/\/www.europesays.com\/hu\/wp-json\/wp\/v2\/tags?post=229978"}],"curies":[{"name":"wp","href":"https:\/\/api.w.org\/{rel}","templated":true}]}}