{"id":230000,"date":"2026-09-02T13:09:08","date_gmt":"2026-09-02T13:09:08","guid":{"rendered":"https:\/\/www.europesays.com\/hu\/230000\/"},"modified":"2026-09-02T13:09:08","modified_gmt":"2026-09-02T13:09:08","slug":"telex-oroszorszag-eszkalalt-egyutt-kell-elnie-a-kovetkezmenyekkel-figyelmeztetett-a-nemet-kulugyminiszter","status":"publish","type":"post","link":"https:\/\/www.europesays.com\/hu\/230000\/","title":{"rendered":"Telex: Oroszorsz\u00e1g eszkal\u00e1lt, egy\u00fctt kell \u00e9lnie a k\u00f6vetkezm\u00e9nyekkel \u2013 figyelmeztetett a n\u00e9met k\u00fcl\u00fcgyminiszter"},"content":{"rendered":"<p>Fontos, hogy Oroszorsz\u00e1g vil\u00e1gosan l\u00e1ssa: Eur\u00f3pa \u00f6sszetart \u2013 <a href=\"https:\/\/audiovisual.ec.europa.eu\/en\/media\/video\/I-293820\" target=\"_blank\" rel=\"nofollow noopener\">k\u00f6z\u00f6lte<\/a> az uni\u00f3s k\u00fcl\u00fcgyminiszterek szerdai \u00fcl\u00e9s\u00e9re \u00e9rkezve Johann Wadephul. A n\u00e9met k\u00fcl\u00fcgyminiszter azut\u00e1n besz\u00e9lt err\u0151l az \u00edrorsz\u00e1gi Druids Glenben, hogy a n\u00e9met hat\u00f3s\u00e1gok szerint <a href=\"https:\/\/telex.hu\/kulfold\/2026\/09\/01\/lipcsei-repter-drontamadas-oroszok\" class=\"\" rel=\"nofollow noopener\" target=\"_blank\">Oroszorsz\u00e1g megb\u00edz\u00e1s\u00e1b\u00f3l k\u00eds\u00e9relhettek meg<\/a> egy meghi\u00fasult t\u00e1mad\u00e1st a lipcsei rep\u00fcl\u0151t\u00e9ren egy robban\u00f3szerrel felszerelt dr\u00f3nnal.<\/p>\n<p>Wadephul k\u00f6z\u00f6lte: Oroszorsz\u00e1g eszkal\u00e1lt, egy\u00fctt kell \u00e9lnie a k\u00f6vetkezm\u00e9nyekkel. A k\u00f6vetkez\u0151 hetekben c\u00e9lzottan kell dolgozni azon, hogy \u00fajabb szem\u00e9lyeket vegyenek fel a szankci\u00f3s list\u00e1ra, ami \u201esokakat\u201d \u00e9rint majd. Felsz\u00f3l\u00edtott Ukrajna t\u00e1mogat\u00e1s\u00e1nak fokoz\u00e1s\u00e1ra a t\u00e9l el\u0151tt, k\u00fcl\u00f6n\u00f6sen a l\u00e9gv\u00e9delemn\u00e9l.<\/p>\n<p>Wadephul X-en is egyes\u00e9vel megk\u00f6sz\u00f6nte a koll\u00e9g\u00e1i \u00fczeneteit, <a href=\"https:\/\/x.com\/AussenMinDE\/status\/2095071968412201043\" target=\"_blank\" rel=\"nofollow\">k\u00f6zt\u00fck Orb\u00e1n Anita ki\u00e1ll\u00e1s\u00e1t<\/a> \u00e9s \u201evil\u00e1gos szavait\u201d. A magyar t\u00e1rcavezet\u0151 arr\u00f3l \u00edrt: m\u00e9lys\u00e9gesen aggaszt\u00f3, hogy az orosz hibrid tev\u00e9kenys\u00e9g sz\u00e1mban \u00e9s intenzit\u00e1sban is n\u0151 Eur\u00f3p\u00e1ban. A \u201ek\u00f6zelm\u00faltbeli n\u00e9met incidensek egyre vesz\u00e9lyesebb \u00e9s vakmer\u0151bb viselked\u00e9smint\u00e1t mutatnak\u201d, ami komolyan vesz\u00e9lyezteti Eur\u00f3pa biztons\u00e1g\u00e1t. Magyarorsz\u00e1g teljesen szolid\u00e1ris N\u00e9metorsz\u00e1ggal, \u00e9s k\u00e9sz t\u00e1mogatni a partnereit a hibrid fenyeget\u00e9sek elh\u00e1r\u00edt\u00e1s\u00e1ban.<\/p>\n<p>Vil\u00e1gos, hogy az \u00e1llamilag szponzor\u00e1lt terrorizmus jegyeit viseli mag\u00e1n \u2013 <a href=\"https:\/\/www.eeas.europa.eu\/eeas\/informal-meeting-foreign-affairs-ministers-gymnich-press-remarks-high-representative-kaja-kallas-0_en\" target=\"_blank\" rel=\"nofollow noopener\">jelentette ki<\/a> Kaja Kallas. Az Eur\u00f3pai Uni\u00f3 k\u00fcl\u00fcgyi \u00e9s biztons\u00e1gpolitikai f\u0151k\u00e9pvisel\u0151je arr\u00f3l besz\u00e9lt, t\u00f6bb tag\u00e1llamban beh\u00edvt\u00e1k az orosz nagyk\u00f6veteket, megvitatj\u00e1k, mit tehetnek. Eml\u00e9keztetett r\u00e1, hogy kor\u00e1bbr\u00f3l m\u00e1r folyamatban van t\u00f6bb mint 1600 szem\u00e9ly, c\u00e9g felv\u00e9tele a szankci\u00f3s list\u00e1ra, de err\u0151l nem ma d\u00f6ntenek, mert a mai egy inform\u00e1lis tal\u00e1lkoz\u00f3.<\/p>\n<p>Helen McEntee \u00edr k\u00fcl\u00fcgyminiszter az uni\u00f3s miniszteri Tan\u00e1cs soros eln\u00f6ks\u00e9g\u00e9nek nev\u00e9ben teljes szolidarit\u00e1s\u00e1r\u00f3l <a href=\"https:\/\/audiovisual.ec.europa.eu\/en\/media\/video\/I-293812\" target=\"_blank\" rel=\"nofollow noopener\">biztos\u00edtotta<\/a> nem csak a n\u00e9met, hanem az \u00e9szt koll\u00e9g\u00e1j\u00e1t is, mivel ott \u00e9s m\u00e1s uni\u00f3s tag\u00e1llamokban \u2013 p\u00e9ld\u00e1ul Lengyelorsz\u00e1gban, Lettorsz\u00e1gban, Rom\u00e1ni\u00e1ban \u2013 is hasonl\u00f3 eseteket l\u00e1ttak az ut\u00f3bbi h\u00f3napokban. M\u00e1r nem csak hibrid fenyeget\u00e9sekr\u0151l, hanem \u201ejelent\u0151s tev\u00e9kenys\u00e9gr\u0151l\u201d van sz\u00f3. Vil\u00e1gosnak l\u00e1tta, hogy Oroszorsz\u00e1g megpr\u00f3b\u00e1lja megosztani \u0151ket \u00e9s megf\u00e9leml\u00edteni a lakosaikat. T\u00f6bbet kell tenni\u00fck \u00e9s fenntartaniuk a nyom\u00e1st Oroszorsz\u00e1gon.<\/p>\n<p>Oroszorsz\u00e1g megpr\u00f3b\u00e1l megosztani \u00e9s elrettenteni minket, az Egyes\u00fclt Kir\u00e1lys\u00e1g nev\u00e9ben vil\u00e1gosan kijelenthetem: ez kudarcot fog vallani \u2013 <a href=\"https:\/\/audiovisual.ec.europa.eu\/en\/media\/video\/I-293821\" target=\"_blank\" rel=\"nofollow noopener\">k\u00f6z\u00f6lte<\/a> Ed Miliband, akit t\u00f6bb m\u00e1s EU-n k\u00edv\u00fcli orsz\u00e1g k\u00fcl\u00fcgyminiszter\u00e9vel egy\u00fctt h\u00edvtak meg.<\/p>\n<p>T\u00f6bb hibrid beavatkoz\u00e1st \u00e9s dr\u00f3nbehatol\u00e1st tapasztaltak az ut\u00f3bbi id\u0151ben \u2013 <a href=\"https:\/\/audiovisual.ec.europa.eu\/en\/media\/video\/I-293818\" target=\"_blank\" rel=\"nofollow noopener\">figyelmeztetett<\/a> Oana-Silvia \u021aoiu rom\u00e1n k\u00fcl\u00fcgyminiszter. Besz\u00e9lt a n\u00e9met koll\u00e9g\u00e1j\u00e1val, szolid\u00e1risak a hibrid fenyeget\u00e9sekkel szemben, \u00e9s ennek megfelel\u0151en fognak diplom\u00e1ciai t\u00e9ren is fell\u00e9pni.<\/p>\n<p>Oroszorsz\u00e1g er\u0151s\u00edti a hibrid hadj\u00e1rat\u00e1t, <a href=\"https:\/\/audiovisual.ec.europa.eu\/en\/media\/video\/I-293816\" target=\"_blank\" rel=\"nofollow noopener\">mondta<\/a> a lipcsei t\u00e1mad\u00e1sk\u00eds\u00e9rletr\u0151l Elina Valtonen finn k\u00fcl\u00fcgyminiszter, aki szerint fokozni kell rajta a nyom\u00e1st.<\/p>\n<p>Vil\u00e1gos, hogy ez lesz az egyes sz\u00e1m\u00fa t\u00e9ma, <a href=\"https:\/\/audiovisual.ec.europa.eu\/en\/media\/video\/I-293817\" target=\"_blank\" rel=\"nofollow noopener\">jelentette ki<\/a> Josef Schellhorn osztr\u00e1k k\u00fcl\u00fcgyminiszter, szolid\u00e1risak N\u00e9metorsz\u00e1ggal.<\/p>\n<p>Petr Macinka cseh k\u00fcl\u00fcgyminiszter az MTI szerint nyugtalan\u00edt\u00f3nak nevezte a n\u00e9met hat\u00f3s\u00e1gok meg\u00e1llap\u00edt\u00e1s\u00e1t, hogy a lipcsei rep\u00fcl\u0151t\u00e9ren t\u00f6rt\u00e9nt dr\u00f3nincidens m\u00f6g\u00f6tt Oroszorsz\u00e1g \u00e1ll. \u00cdrorsz\u00e1gb\u00f3l visszat\u00e9rve Pr\u00e1g\u00e1ban meg akarja vitatni az \u00fcgyet a cseh h\u00edrszerz\u00e9ssel is, amelynek szerinte biztos vannak saj\u00e1t \u00e9rtes\u00fcl\u00e9sei is. K\u00e9rd\u00e9sre v\u00e1laszolva meger\u0151s\u00edtette: hivatal\u00e1ba k\u00e9rette Anna Ponomarjov\u00e1t, Oroszorsz\u00e1g pr\u00e1gai nagyk\u00f6vet\u00e9t, hogy adjon magyar\u00e1zatot a t\u00f6rt\u00e9ntekre.<\/p>\n<p>Megint pedzegetik az EU-ban befagyasztott orosz vagyon felhaszn\u00e1l\u00e1s\u00e1t<\/p>\n<p>M\u00e1r nem hibridek, hanem nagyon is kinetikusak az orosz t\u00e1mad\u00e1sok K\u0119stutis Budris litv\u00e1n k\u00fcl\u00fcgyminiszter <a href=\"https:\/\/audiovisual.ec.europa.eu\/en\/media\/video\/I-293819\" target=\"_blank\" rel=\"nofollow noopener\">szerint<\/a>. Oroszorsz\u00e1gnak ez egy olcs\u00f3 m\u00f3dszer, hogy n\u00f6velje a t\u00e1rsadalmi fesz\u00fclts\u00e9geket, ez\u00e9rt a c\u00e9ljuk, hogy megmutass\u00e1k: \u201eez nem fog megf\u00e9leml\u00edteni minket\u201d \u00e9s elrettenteni Ukrajna t\u00e1mogat\u00e1s\u00e1t\u00f3l, a nyom\u00e1s fenntart\u00e1s\u00e1t\u00f3l Oroszorsz\u00e1gon. \u00dagy v\u00e9lte, a Kreml azt akarja bemutatni az orosz t\u00f6rv\u00e9nyhoz\u00e1si v\u00e1laszt\u00e1s el\u0151tt, hogy azt tehet Eur\u00f3p\u00e1ban, amit akar.<\/p>\n<p>A mostani j\u00f3 alkalom lenne, hogy besz\u00e9ljenek a befagyasztott orosz vagyonr\u00f3l \u2013 utalt az EU-ban ragadt orosz jegybanki vagyonra, amelynek a felhaszn\u00e1l\u00e1s\u00e1val tavaly <a href=\"https:\/\/telex.hu\/kulfold\/2025\/11\/24\/eu-europai-tanacs-orban-csucstalalkozo-ukrajna-oroszorszag-usa\" class=\"\" rel=\"nofollow noopener\" target=\"_blank\">egy hitelt terveztek<\/a> Ukrajn\u00e1nak (ezt t\u00f6bbek k\u00f6z\u00f6tt az Orb\u00e1n-korm\u00e1ny ellenezte). Az orosz vagyont ugyan az Ukrajna elleni h\u00e1bor\u00fa v\u00e9g\u00e9ig \u00e9s orosz j\u00f3v\u00e1t\u00e9telig <a href=\"https:\/\/telex.hu\/kulfold\/2025\/12\/12\/eu-europai-unio-tanacsa-oroszorszag-szankcio-hosszabbitas\" class=\"\" rel=\"nofollow noopener\" target=\"_blank\">befagyasztott\u00e1k<\/a>, de v\u00e9g\u00fcl a k\u00f6z\u00f6s uni\u00f3s k\u00f6lts\u00e9gvet\u00e9s fedezet\u00e9vel <a href=\"https:\/\/telex.hu\/kulfold\/2025\/12\/19\/eu-europai-tanacs-ukrajna-tamogatas\" class=\"\" rel=\"nofollow noopener\" target=\"_blank\">adtak<\/a> \u2013 h\u00e1rom orsz\u00e1gra, k\u00f6zt\u00fck Magyarorsz\u00e1gra p\u00e9nz\u00fcgyi terhet nem rov\u00f3 \u2013 k\u00f6lcs\u00f6nt. Akkor az \u00e1llam- \u00e9s korm\u00e1nyf\u0151k test\u00fclet\u00e9t vezet\u0151 Ant\u00f3nio Costa <a href=\"https:\/\/telex.hu\/kulfold\/2025\/12\/19\/eu-europai-tanacs-ukrajna-tamogatas\" class=\"\" rel=\"nofollow noopener\" target=\"_blank\">kijelentette<\/a>: az EU fenntartja a jogot, hogy a befagyasztott orosz vagyont haszn\u00e1lj\u00e1k, \u00e9s folytatj\u00e1k a munk\u00e1t ezen, ez a 27-b\u0151l 25 vezet\u0151 nev\u00e9ben kiadott k\u00f6vetkeztet\u00e9sekben is megjelent. N\u00e9h\u00e1ny napja egy holland\u2013lengyel\u2013spanyol\u2013sv\u00e9d lev\u00e9l <a href=\"https:\/\/www.politico.eu\/article\/eu-heavyweights-call-on-brussels-to-reignite-frozen-russian-asset-debate\/\" target=\"_blank\" rel=\"nofollow noopener\">\u00fajra pedzegetni kezdte<\/a>, hogy foglalkozzanak a k\u00e9rd\u00e9ssel.<\/p>\n<p>A k\u00fcl\u00fcgyminiszterek hagyom\u00e1nyosan augusztus v\u00e9g\u00e9n \u2013 szeptember elej\u00e9n \u00fclnek \u00f6ssze egy inform\u00e1lis tal\u00e1lkoz\u00f3ra a Tan\u00e1cs soros eln\u00f6k\u00e9nek orsz\u00e1g\u00e1ban, ett\u0151l az ut\u00f3bbi \u00e9vekben csak a <a href=\"https:\/\/telex.hu\/kulfold\/2024\/08\/29\/eu-europai-unio-tanacsa-szijjarto-ukrajna-gaza-izrael\" class=\"\" rel=\"nofollow noopener\" target=\"_blank\">2024-es magyar eln\u00f6ks\u00e9g alatt t\u00e9rtek el<\/a>. Az inform\u00e1lis \u00fcl\u00e9seken nem hoznak d\u00f6nt\u00e9seket, \u00edgy konkr\u00e9t l\u00e9p\u00e9sek a mostanin sem v\u00e1rhat\u00f3ak.<\/p>\n<p>A NATO-f\u0151titk\u00e1rral egyeztetett az Eur\u00f3pai Bizotts\u00e1g eln\u00f6ke<\/p>\n<p>Az\u00e9rt tal\u00e1lkozunk, hogy besz\u00e9lj\u00fcnk Oroszorsz\u00e1g lipcsei t\u00e1mad\u00e1s\u00e1r\u00f3l \u2013 <a href=\"https:\/\/ec.europa.eu\/commission\/presscorner\/detail\/en\/statement_26_1790\" target=\"_blank\" rel=\"nofollow noopener\">k\u00f6z\u00f6lte szerd\u00e1n<\/a> Ursula von der Leyen. Az Eur\u00f3pai Bizotts\u00e1g eln\u00f6ke Mark Rutt\u00e9t, az \u00c9szak-atlanti Szerz\u0151d\u00e9s Szervezet\u00e9nek (NATO-nak) a f\u0151titk\u00e1r\u00e1t fogadta az uni\u00f3s test\u00fclet br\u00fcsszeli k\u00f6zpontj\u00e1ban. Von der Leyen lesz\u00f6gezte: ha a t\u00e1mad\u00e1s sikeres lett volna, \u00f3ri\u00e1si k\u00e1rokat okozott volna \u00e9s ak\u00e1r \u00e9letekbe is ker\u00fclhetett volna, \u201e\u00fagyhogy nagyon vil\u00e1gos szeretn\u00e9k lenni abban, hogy ez mi volt.<\/p>\n<p>Ez egy katonai szint\u0171 anyagokat felhaszn\u00e1l\u00f3 t\u00e1mad\u00e1s volt, amelyet orosz \u00fcgyn\u00f6k\u00f6k hajtottak v\u00e9gre az EU ter\u00fclet\u00e9n, \u00e9s ezt nem fogjuk toler\u00e1lni.\u201d<\/p>\n<p>A megf\u00e9leml\u00edt\u00e9s \u201enem fog m\u0171k\u00f6dni\u201d, egys\u00e9gesek, \u00e9s a NATO-val egy\u00fctt n\u00f6velni fogj\u00e1k a nyom\u00e1st Oroszorsz\u00e1gon. Lipcse eszkal\u00e1ci\u00f3, de egy nagyobb mint\u00e1zatba illeszkedik egyre vesz\u00e9lyesebb incidensekkel. T\u00f6bb szankci\u00f3t tartott sz\u00fcks\u00e9gesnek, \u00e9s meg kell v\u00e9deni a mindennapi infrastrukt\u00far\u00e1t.<\/p>\n<p>Cikk\u00fcnket kieg\u00e9sz\u00edtett\u00fck Von der Leyen \u00e9s Rutte egyeztet\u00e9s\u00e9vel.<\/p>\n","protected":false},"excerpt":{"rendered":"Fontos, hogy Oroszorsz\u00e1g vil\u00e1gosan l\u00e1ssa: Eur\u00f3pa \u00f6sszetart \u2013 k\u00f6z\u00f6lte az uni\u00f3s k\u00fcl\u00fcgyminiszterek szerdai \u00fcl\u00e9s\u00e9re \u00e9rkezve Johann Wadephul. A&hellip;\n","protected":false},"author":2,"featured_media":230001,"comment_status":"","ping_status":"","sticky":false,"template":"","format":"standard","meta":{"footnotes":"","_share_on_mastodon":"0"},"categories":[8],"tags":[60899,60896,429,3571,63,60897,42,3576,3572,43,34,60898,5334,627,102,3761,94,93,92],"class_list":["post-230000","post","type-post","status-publish","format-standard","has-post-thumbnail","category-vilag","tag-ed-miliband","tag-elina-valtonen","tag-europai-unio","tag-europai-unio-tanacsa","tag-gazdasag","tag-helen-mcentee","tag-hungarian","tag-johann-wadephul","tag-kaja-kallas","tag-magyar","tag-news","tag-oana-silvia-toiu","tag-orban-anita","tag-orosz-ukran-haboru","tag-oroszorszag","tag-szankcio","tag-vilag","tag-world","tag-world-news"],"share_on_mastodon":{"url":"https:\/\/pubeurope.com\/@hu\/117201611207013469","error":""},"_links":{"self":[{"href":"https:\/\/www.europesays.com\/hu\/wp-json\/wp\/v2\/posts\/230000","targetHints":{"allow":["GET"]}}],"collection":[{"href":"https:\/\/www.europesays.com\/hu\/wp-json\/wp\/v2\/posts"}],"about":[{"href":"https:\/\/www.europesays.com\/hu\/wp-json\/wp\/v2\/types\/post"}],"author":[{"embeddable":true,"href":"https:\/\/www.europesays.com\/hu\/wp-json\/wp\/v2\/users\/2"}],"replies":[{"embeddable":true,"href":"https:\/\/www.europesays.com\/hu\/wp-json\/wp\/v2\/comments?post=230000"}],"version-history":[{"count":0,"href":"https:\/\/www.europesays.com\/hu\/wp-json\/wp\/v2\/posts\/230000\/revisions"}],"wp:featuredmedia":[{"embeddable":true,"href":"https:\/\/www.europesays.com\/hu\/wp-json\/wp\/v2\/media\/230001"}],"wp:attachment":[{"href":"https:\/\/www.europesays.com\/hu\/wp-json\/wp\/v2\/media?parent=230000"}],"wp:term":[{"taxonomy":"category","embeddable":true,"href":"https:\/\/www.europesays.com\/hu\/wp-json\/wp\/v2\/categories?post=230000"},{"taxonomy":"post_tag","embeddable":true,"href":"https:\/\/www.europesays.com\/hu\/wp-json\/wp\/v2\/tags?post=230000"}],"curies":[{"name":"wp","href":"https:\/\/api.w.org\/{rel}","templated":true}]}}