{"id":230014,"date":"2026-09-02T13:21:07","date_gmt":"2026-09-02T13:21:07","guid":{"rendered":"https:\/\/www.europesays.com\/hu\/230014\/"},"modified":"2026-09-02T13:21:07","modified_gmt":"2026-09-02T13:21:07","slug":"megis-lesz-szovetseg-kozos-fejlesztesbe-fog-a-honda-es-a-nissan","status":"publish","type":"post","link":"https:\/\/www.europesays.com\/hu\/230014\/","title":{"rendered":"M\u00e9gis lesz sz\u00f6vets\u00e9g, k\u00f6z\u00f6s fejleszt\u00e9sbe fog a Honda \u00e9s a Nissan"},"content":{"rendered":"<p data-alignment=\"left\" class=\"text-left\" data-block-key=\"l999m\">T\u00f6bb \u00edzben is besz\u00e1moltunk m\u00e1r a Totalcaron a <a href=\"https:\/\/totalcar.hu\/hirek\/2026\/05\/15\/ezek-a-modellek-huzhatjak-ki-a-csavabol-a-hondat-hibrid-szedan-acura-hibrid-suv-prototipus\/\" target=\"_blank\" rel=\" noopener noreferrer nofollow\">Honda<\/a> \u00e9s a <a href=\"https:\/\/totalcar.hu\/hirek\/2025\/12\/09\/egyelore-nincs-kiut-a-godorbol-meg-mindig-partnert-keres-a-nissan\/\" target=\"_blank\" rel=\" noopener noreferrer nofollow\">Nissan<\/a> se veled, se n\u00e9lk\u00fcled <a href=\"https:\/\/totalcar.hu\/hirek\/2026\/06\/29\/honda-nissan-fuzio-valsag\/\" target=\"_blank\" rel=\" noopener noreferrer nofollow\" data-link-preview=\"true\" data-og-title=\"A t\u00fal\u00e9l\u00e9s a t\u00e9t: m\u00e9gis j\u00f6het a Honda-Nissan f\u00fazi\u00f3\" data-og-description=\"Az egy\u00fcttm\u0171k\u00f6d\u00e9s \u00edg\u00e9retesnek t\u0171nik, a Renault azonban m\u00e9g belesz\u00f3lhat az \u00fcgybe.\" data-og-image=\"https:\/\/totalcar.hu\/media\/images\/GettyImages-2275812568.format-avif.max-600x400.avif\" data-og-image-small=\"https:\/\/totalcar.hu\/media\/images\/GettyImages-2275812568.format-avif.max-370x278.avif\" data-og-column=\"H\u00edrek\" data-og-tags=\"[&quot;H\\u00edrek&quot;, &quot;egy\\u00fcttm\\u0171k\\u00f6d\\u00e9s&quot;, &quot;honda&quot;, &quot;vesztes\\u00e9g&quot;, &quot;f\\u00fazi\\u00f3&quot;, &quot;Nissan&quot;, &quot;Mitsubishi&quot;, &quot;motorvez\\u00e9rl\\u0151&quot;, &quot;Renault&quot;]\">huzavon\u00e1j\u00e1r\u00f3l<\/a>. Az elm\u00falt \u00e9vekben a k\u00e9t jap\u00e1n m\u00e1rka t\u00f6bbsz\u00f6r elj\u00e1tszott a f\u00fazi\u00f3 gondolat\u00e1val, \u00e9s annak ellen\u00e9re, hogy egy\u00e1ltal\u00e1n nem lett volna alaptalan, v\u00e9g\u00fcl nem l\u00e9ptek a tettek mezej\u00e9re.<\/p>\n<p data-alignment=\"left\" class=\"text-left\" data-block-key=\"5g749\">A <a href=\"https:\/\/totalcar.hu\/hirek\/2025\/02\/13\/nissan-honda-hivatalos-vege\/\" target=\"_blank\" rel=\" noopener noreferrer nofollow\">visszat\u00e1ncol\u00e1skor<\/a> abban maradtak, hogy keresni fognak m\u00e1s lehet\u0151s\u00e9geket az egy\u00fcttm\u0171k\u00f6d\u00e9sre. Tal\u00e1ltak is egy k\u00f6z\u00f6s nevez\u0151t, ennek jegy\u00e9ben k\u00f6z\u00f6s fejleszt\u00e9si paktumot k\u00f6t\u00f6ttek \u2013 \u00edrja a <a href=\"https:\/\/www.reuters.com\/technology\/honda-nissan-target-fy2029-roll-out-jointly-developed-vehicle-software-control-2026-08-31\/\" target=\"_blank\" rel=\" noopener noreferrer nofollow\">Reuters<\/a>.<\/p>\n<p>  <a rel=\"noopener nofollow\" href=\"https:\/\/indamediasales.hu\/2019\/06\/25\/quality_placement_minosegbiztositasi_tajekoztato_728\" target=\"_blank\"><\/p>\n<p>      <img loading=\"lazy\" decoding=\"async\" src=\"https:\/\/totalcar.hu\/static\/images\/brand\/quality_placement_logo.svg\" alt=\"Quality Placement\" width=\"150\" height=\"15\"\/><\/p>\n<p>  <\/a><\/p>\n<p>\n  hirdet\u00e9s\n<\/p>\n<p data-alignment=\"left\" class=\"text-left\" data-block-key=\"cknve\">A meg\u00e1llapod\u00e1s \u00e9rtelm\u00e9ben a Honda \u00e9s a Nissan a 2029-es p\u00e9nz\u00fcgyi \u00e9vt\u0151l kezdve egy\u00fctt fogja fejleszteni az elektronikus vez\u00e9rl\u0151egys\u00e9gek hardver\u00e9t \u00e9s szoftver\u00e9t a k\u00e9t m\u00e1rka \u00faj gener\u00e1ci\u00f3s j\u00e1rm\u0171veihez. Ennek eredm\u00e9nye legink\u00e1bb az infotainment rendszerben k\u00f6sz\u00f6nhet vissza, amelynek \u00edgy sz\u00e1mos k\u00f6z\u00f6s von\u00e1sa lehet, s\u0151t, a legval\u00f3sz\u00edn\u0171bb az, hogy a grafika k\u00fcl\u00f6nb\u00f6ztetheti meg majd a Honda \u00e9s a Nissan rendszer\u00e9t.<\/p>\n<p data-alignment=\"left\" class=\"text-left\" data-block-key=\"17kf1\">Nemigen m\u00e9lyedtek bele a r\u00e9szletekbe a felek, de el\u00e1rult\u00e1k: az alapvet\u0151 technol\u00f3gi\u00e1k szabv\u00e1nyos\u00edt\u00e1sa lehet\u0151v\u00e9 teszi sz\u00e1mukra, hogy tud\u00e1sukat \u00e9s er\u0151forr\u00e1saikat egyes\u00edts\u00e9k a hat\u00e9konys\u00e1g, az innov\u00e1ci\u00f3 \u00e9s a versenyk\u00e9pess\u00e9g olt\u00e1r\u00e1n, mik\u00f6zben faragni tudnak a fejleszt\u00e9si k\u00f6lts\u00e9geken.<\/p>\n<p data-alignment=\"left\" class=\"text-left\" data-block-key=\"8625n\">A Honda \u00e9s a Nissan r\u00e1ad\u00e1sul nem tervez itt meg\u00e1llni, mivel most is jelezt\u00e9k, keresik a form\u00e1it a tov\u00e1bbi egy\u00fcttm\u0171k\u00f6d\u00e9snek, amely a j\u00f6v\u0151ben jap\u00e1n triumvir\u00e1tuss\u00e1 is kin\u0151heti mag\u00e1t, ugyanis a <a href=\"https:\/\/totalcar.hu\/hirek\/2026\/08\/10\/felig-olasz-felig-tajvani-a-legujabb-mitsubishi-asx-foxtron\/\" target=\"_blank\" rel=\" noopener noreferrer nofollow\" data-link-preview=\"true\" data-og-title=\"F\u00e9lig olasz, f\u00e9lig tajvani a leg\u00fajabb Mitsubishi\" data-og-description=\"A Mitsubishi m\u00e9g id\u00e9n bemutatja Ausztr\u00e1li\u00e1ban els\u0151 \u00fajkori, t\u00f6megpiaci elektromos aut\u00f3j\u00e1t.\" data-og-image=\"https:\/\/totalcar.hu\/media\/images\/QFE_VISUALS_FOR_MMAL_1ST_ANNOUN.format-avif.max-600x400.avif\" data-og-image-small=\"https:\/\/totalcar.hu\/media\/images\/QFE_VISUALS_FOR_MMAL_1ST_ANNOUN.format-avif.max-370x278.avif\" data-og-column=\"H\u00edrek\" data-og-tags=\"[&quot;H\\u00edrek&quot;, &quot;foxconn&quot;, &quot;mitsubishi&quot;, &quot;asx&quot;, &quot;pininfarina&quot;]\">Mitsubishi<\/a> fontolgatja a csatlakoz\u00e1st.<\/p>\n<p data-alignment=\"left\" class=\"text-left\" data-block-key=\"l999m\">Bor\u00edt\u00f3k\u00e9p: Illusztr\u00e1ci\u00f3: Dilara Irem Sancar\/Anadolu\/Getty Images<\/p>\n<p><a href=\"https:\/\/google.com\/preferences\/source?q=https%3A\/\/totalcar.hu\" rel=\"noopener nofollow\" referrerpolicy=\"no-referrer-when-downgrade\" class=\"!flex !items-center !gap-5 !py-2 !px-3 w-full !rounded-xl !font-bold cursor-pointer !no-underline relative !bg-white !text-[#202124] !border !border-[#858585] dark:!bg-[#323232] dark:!text-white dark:border-none my-4 \" target=\"_blank\"><br \/>\n  <img decoding=\"async\" src=\"https:\/\/totalcar.hu\/static\/images\/favicons\/google_favicon.svg\" alt=\"Google\" class=\"shrink-0 w-7 h-7\"\/><br \/>\n  \u00c1ll\u00edtsd be, hogy a Totalcar az els\u0151k k\u00f6z\u00f6tt legyen a Google-tal\u00e1latokban!<\/p>\n<p><\/a><\/p>\n","protected":false},"excerpt":{"rendered":"T\u00f6bb \u00edzben is besz\u00e1moltunk m\u00e1r a Totalcaron a Honda \u00e9s a Nissan se veled, se n\u00e9lk\u00fcled huzavon\u00e1j\u00e1r\u00f3l. Az&hellip;\n","protected":false},"author":2,"featured_media":230015,"comment_status":"","ping_status":"","sticky":false,"template":"","format":"standard","meta":{"footnotes":"","_share_on_mastodon":"0"},"categories":[10],"tags":[110,8351,2522,44,42,40,43,41,6107,125,111],"class_list":["post-230014","post","type-post","status-publish","format-standard","has-post-thumbnail","category-vallalkozas","tag-business","tag-fejlesztes","tag-honda","tag-hu","tag-hungarian","tag-hungary","tag-magyar","tag-magyarorszag","tag-nissan","tag-technologia","tag-vallalkozas"],"share_on_mastodon":{"url":"https:\/\/pubeurope.com\/@hu\/117201659129581621","error":""},"_links":{"self":[{"href":"https:\/\/www.europesays.com\/hu\/wp-json\/wp\/v2\/posts\/230014","targetHints":{"allow":["GET"]}}],"collection":[{"href":"https:\/\/www.europesays.com\/hu\/wp-json\/wp\/v2\/posts"}],"about":[{"href":"https:\/\/www.europesays.com\/hu\/wp-json\/wp\/v2\/types\/post"}],"author":[{"embeddable":true,"href":"https:\/\/www.europesays.com\/hu\/wp-json\/wp\/v2\/users\/2"}],"replies":[{"embeddable":true,"href":"https:\/\/www.europesays.com\/hu\/wp-json\/wp\/v2\/comments?post=230014"}],"version-history":[{"count":0,"href":"https:\/\/www.europesays.com\/hu\/wp-json\/wp\/v2\/posts\/230014\/revisions"}],"wp:featuredmedia":[{"embeddable":true,"href":"https:\/\/www.europesays.com\/hu\/wp-json\/wp\/v2\/media\/230015"}],"wp:attachment":[{"href":"https:\/\/www.europesays.com\/hu\/wp-json\/wp\/v2\/media?parent=230014"}],"wp:term":[{"taxonomy":"category","embeddable":true,"href":"https:\/\/www.europesays.com\/hu\/wp-json\/wp\/v2\/categories?post=230014"},{"taxonomy":"post_tag","embeddable":true,"href":"https:\/\/www.europesays.com\/hu\/wp-json\/wp\/v2\/tags?post=230014"}],"curies":[{"name":"wp","href":"https:\/\/api.w.org\/{rel}","templated":true}]}}