{"id":230020,"date":"2026-09-02T13:24:11","date_gmt":"2026-09-02T13:24:11","guid":{"rendered":"https:\/\/www.europesays.com\/hu\/230020\/"},"modified":"2026-09-02T13:24:11","modified_gmt":"2026-09-02T13:24:11","slug":"g7-most-er-veget-az-orban-kormany-haboruja-a-kulfoldi-epitoanyag-gyartok-ellen","status":"publish","type":"post","link":"https:\/\/www.europesays.com\/hu\/230020\/","title":{"rendered":"G7: Most \u00e9r v\u00e9get az Orb\u00e1n-korm\u00e1ny h\u00e1bor\u00faja a k\u00fclf\u00f6ldi \u00e9p\u00edt\u0151anyag-gy\u00e1rt\u00f3k ellen"},"content":{"rendered":"<p><img decoding=\"async\" src=\"https:\/\/www.europesays.com\/hu\/wp-content\/uploads\/2026\/09\/1788349676-temp-7fm14c52bh7q2lmjmkf_hero-normal:xl.jpg\"  loading=\"eager\" alt=\"Most \u00e9r v\u00e9get az Orb\u00e1n-korm\u00e1ny h\u00e1bor\u00faja a k\u00fclf\u00f6ldi \u00e9p\u00edt\u0151anyag-gy\u00e1rt\u00f3k ellen\" class=\"placeholder_\"\/><\/p>\n<p>A V\u00e1c\u2013Visegr\u00e1d k\u00f6z\u00f6tt k\u00f6zleked\u0151 s\u00e9tahaj\u00f3r\u00f3l k\u00e9sz\u00fclt fot\u00f3 a Duna-Dr\u00e1va Cement Kft. v\u00e1ci gy\u00e1r\u00e1r\u00f3l \u2013 Fot\u00f3: Lehotka L\u00e1szl\u00f3 \/ MTI<\/p>\n<p><a href=\"https:\/\/telex.hu\/szerzo\/stubnya-bence\" class=\"author__avatar\" rel=\"nofollow noopener\" target=\"_blank\"><img decoding=\"async\" src=\"https:\/\/www.europesays.com\/hu\/wp-content\/uploads\/2026\/09\/1765552345-temp-u9p569pu2fq81jDaOOK_avatar@4x.jpg\" alt=\"Stubnya Bence\" class=\"avatar\" loading=\"lazy\"\/><\/a><\/p>\n<p>Kivezetn\u00e9k az \u00e9p\u00edt\u0151anyagokra vonatkoz\u00f3, uni\u00f3s joggal \u00f6ssze nem egyeztethet\u0151 exportkorl\u00e1toz\u00e1sokat a magyar \u00e9p\u00edt\u00e9szetr\u0151l sz\u00f3l\u00f3 t\u00f6rv\u00e9nyt <a href=\"https:\/\/www.parlament.hu\/irom43\/00572\/00572.pdf\" target=\"_blank\" rel=\"nofollow noopener\">m\u00f3dos\u00edt\u00f3 javaslat<\/a> alapj\u00e1n, amelyet Ruff B\u00e1lint minisztereln\u00f6k-helyettes ny\u00fajtott be a parlamentnek. Ezzel l\u00e9nyeg\u00e9ben lez\u00e1rul az el\u0151z\u0151 korm\u00e1ny h\u00e1bor\u00faja a k\u00fclf\u00f6ldi \u00e9p\u00edt\u0151anyag-gy\u00e1rt\u00f3k ellen.<\/p>\n<p>El\u0151zm\u00e9nyek: a korm\u00e1ny 2021 nyar\u00e1n <a href=\"https:\/\/telex.hu\/gazdasag\/2021\/07\/02\/epitoanyag-arak-kormanyzati-beavatkozas-bejelentes\" class=\"\" rel=\"nofollow noopener\" target=\"_blank\">jelentett be<\/a> t\u00f6bb int\u00e9zked\u00e9st, amelyek sz\u00fcks\u00e9gess\u00e9g\u00e9t az \u00e9p\u00edt\u0151ipari infl\u00e1ci\u00f3 megf\u00e9kez\u00e9s\u00e9vel indokolt\u00e1k.<\/p>\n<p>Ac\u00e9l- \u00e9s vasterm\u00e9keket, szigetel\u0151anyagot, homokot, k\u00f6vet, kavicsot \u00e9s s\u00f3dert csak az \u00e1llam j\u00f3v\u00e1hagy\u00e1s\u00e1val lehetett kivinni az orsz\u00e1gb\u00f3l, az \u00e1llamnak pedig el\u0151v\u00e1s\u00e1rl\u00e1si joga is volt a strat\u00e9giai jelent\u0151s\u00e9g\u0171 \u00e9p\u00edt\u00e9si anyagokra.Az \u00e1llam \u00e1ltal meghat\u00e1rozott \u00e1rn\u00e1l dr\u00e1g\u00e1bban \u00e9rt\u00e9kes\u00edt\u0151 v\u00e1llalatoknak pedig az e feletti bev\u00e9tel 90 sz\u00e1zal\u00e9k\u00e1t kieg\u00e9sz\u00edt\u0151 b\u00e1nyaj\u00e1rad\u00e9k form\u00e1j\u00e1ban be kellett fizetni\u00fck a k\u00f6lts\u00e9gvet\u00e9sbe. Err\u0151l <a href=\"https:\/\/telex.hu\/gazdasag\/2026\/07\/08\/eu-europai-bizottsag-kotelezettsegszegesi-eljarasok-julius\" class=\"\" rel=\"nofollow noopener\" target=\"_blank\">janu\u00e1rban mondta ki<\/a> a b\u00edr\u00f3s\u00e1g, hogy uni\u00f3s jogot s\u00e9rt, \u00e9s id\u00e9n m\u00e1r nem is szedi be az \u00e1llam, hogy <a href=\"https:\/\/telex.hu\/gazdasag\/2026\/06\/04\/kulonado-kiegeszito-banyajaradek-epitoipar-kavics-cement-homok-eu\" class=\"\" rel=\"nofollow noopener\" target=\"_blank\">elker\u00fclj\u00f6n egy b\u00fcntet\u00e9st.<\/a>Emellett t\u00f6bb \u00e9rintett c\u00e9gnek kellett m\u00e9g sz\u00e9n-dioxid-kv\u00f3ta-ad\u00f3t is fizetnie, amit szint\u00e9n id\u00e9n <a href=\"https:\/\/telex.hu\/g7\/vallalat\/2026\/08\/03\/szen-dioxid-kvota-ado-nitrogenmuvek-kibocsatas-visszaterites-koltsegvetes\" class=\"\" rel=\"nofollow noopener\" target=\"_blank\">vezetnek ki<\/a> egy uni\u00f3s \u00edt\u00e9let alapj\u00e1n.<\/p>\n<p>Igen, de: az Eur\u00f3pai Bizotts\u00e1g m\u00e1r 2022 \u00e1prilis\u00e1ban k\u00f6telezetts\u00e9gszeg\u00e9si elj\u00e1r\u00e1st <a href=\"https:\/\/telex.hu\/g7\/kozelet\/2023\/02\/22\/a-zalakeramia-peldaja-jol-mutatja-hogyan-probalja-a-fidesz-kiszoritani-a-kulfoldi-tulajdonosokat-az-epitoipari-alapanyaggyartasbol\" class=\"\" rel=\"nofollow noopener\" target=\"_blank\">ind\u00edtott<\/a> a magyar szab\u00e1lyoz\u00e1s miatt, majd 2023 janu\u00e1rj\u00e1ban indokol\u00e1ssal ell\u00e1tott v\u00e9lem\u00e9nyt k\u00fcld\u00f6tt, ami alapj\u00e1n elmarasztal\u00f3 \u00edt\u00e9letre lehetett sz\u00e1m\u00edtani. A piaci szerepl\u0151k is erre sz\u00e1m\u00edtottak <a href=\"https:\/\/telex.hu\/g7\/kozelet\/2021\/07\/26\/jol-hangzik-hogy-a-kormany-intezi-az-epitoanyagot-de-az-elet-bonyolultabb\" class=\"\" rel=\"nofollow noopener\" target=\"_blank\">m\u00e1r 2021-ben is<\/a>.<\/p>\n<p>A korm\u00e1nyt ez nem k\u00fcl\u00f6n\u00f6sebben t\u00e1ntor\u00edtotta el, 2023 febru\u00e1rj\u00e1ban a b\u00e1nyaj\u00e1rad\u00e9kot a t\u00e9gla-, ker\u00e1mia- \u00e9s csempegy\u00e1rt\u00f3kra is kiterjesztette.Tavaly novemberben azt\u00e1n az Eur\u00f3pai Uni\u00f3 B\u00edr\u00f3s\u00e1ga v\u00e9g\u00fcl Magyarorsz\u00e1g <a href=\"https:\/\/telex.hu\/gazdasag\/2025\/11\/13\/europai-birosag-itelet-magyar-kormany-kiviteli-korlatozasa-covid-epitoanyagok-kotelezettsegszegesi-eljaras\" class=\"\" rel=\"nofollow noopener\" target=\"_blank\">ellen \u00edt\u00e9lt<\/a> az \u00fcgyben, kimondva, hogy a magyar szab\u00e1lyoz\u00e1s s\u00e9rti az uni\u00f3s jogot; erre reag\u00e1l a mostani, szerd\u00e1n beny\u00fajtott t\u00f6rv\u00e9nyjavaslat is, amely kivezeti a kifog\u00e1solt exportkorl\u00e1toz\u00e1sokat.<\/p>\n<p>Aluln\u00e9zet: b\u00e1r hivatalosan az \u00e1rak let\u00f6r\u00e9se volt a c\u00e9l, ez nem igaz\u00e1n siker\u00fclt, ugyanis az \u00e9rintett c\u00e9gek magasabb \u00e1ron is export\u00e1ltak, az \u00e1llam viszont j\u00f3l j\u00e1rt azzal, hogy beszedte ezut\u00e1n a b\u00e1nyaj\u00e1rad\u00e9kot.<\/p>\n<p>Az int\u00e9zked\u00e9sek hat\u00e1s\u00e1ra <a href=\"https:\/\/telex.hu\/g7\/kozelet\/2023\/01\/13\/az-epitoipar-mukodeset-veszelyezteti-a-kormanyzati-cement-arsapka\" class=\"\" rel=\"nofollow noopener\" target=\"_blank\">n\u0151tt az import<\/a>, ami ugyanakkor dr\u00e1g\u00e1bb volt a meghat\u00e1rozott \u00e1rn\u00e1l, mert nem vonatkozott r\u00e1 a b\u00e1nyaj\u00e1rad\u00e9k.A legf\u0151bb oka az int\u00e9zked\u00e9sek bevezet\u00e9s\u00e9nek az lehetett, hogy lehetetlen helyzetbe hozz\u00e1k az \u00e9p\u00edt\u0151anyagok kitermel\u00e9s\u00e9vel \u00e9s gy\u00e1rt\u00e1s\u00e1val foglalkoz\u00f3 v\u00e1llalatok tulajdonosait, hogy nyomott \u00e1ron \u00e9rt\u00e9kes\u00edts\u00e9k c\u00e9geiket. L\u00e1z\u00e1r J\u00e1nos ny\u00edltan <a href=\"https:\/\/telex.hu\/g7\/kozelet\/2023\/08\/06\/mar-meg-is-van-a-kormany-oszi-ellensege-a-cegvilagban\" class=\"\" rel=\"nofollow noopener\" target=\"_blank\">besz\u00e9lt arr\u00f3l<\/a>, hogy a c\u00e9l az osztr\u00e1k \u00e9s n\u00e9met c\u00e9gek kiszor\u00edt\u00e1sa volt a hazai piacr\u00f3l.<\/p>\n<p>Fel\u00fcln\u00e9zet: az int\u00e9zked\u00e9sek \u00e1ltal \u00e9rintett c\u00e9gek gazdas\u00e1gi helyzete nagyon neh\u00e9z volt az elm\u00falt \u00e9vekben, de v\u00e9g\u00fcl \u00f6sszesen egyetlen k\u00fclf\u00f6ldi \u00e9p\u00edt\u0151anyag-gy\u00e1rt\u00f3 ker\u00fclt hazai tulajdonba.<\/p>\n<p>A v\u00e1ci \u00e9s beremendi cementgy\u00e1rakat \u00fczemeltet\u0151 Duna-Dr\u00e1va Cement Kft. p\u00e9ld\u00e1ul tavaly \u00e9s tavalyel\u0151tt is <a href=\"https:\/\/telex.hu\/g7\/vallalat\/2026\/06\/18\/szen-dioxid-kvota-ado-koltsegvetes-duna-drava-holcim-nitrogenmuvek-mol-birosag\" class=\"\" rel=\"nofollow noopener\" target=\"_blank\">vesztes\u00e9ges volt<\/a>. A v\u00e1llalat tulajdonosai pedig n\u00e9met sajt\u00f3\u00e9rtes\u00fcl\u00e9sek szerint 2022-ben kaptak felv\u00e1s\u00e1rl\u00e1si aj\u00e1nlatot egy \u201egyorsan b\u0151v\u00fcl\u0151 c\u00e9gcsoport\u201d meg nem nevezett tulajdonos\u00e1t\u00f3l, de v\u00e9g\u00fcl a Heidelberg Materials \u00e9s a Schwenk Zement maradt a tulajdonos.A Zalaker\u00e1mia 2022 \u00e9s 2024 k\u00f6z\u00f6tt vesztes\u00e9ges volt, tavaly viszont m\u00e1r minim\u00e1lisan nyeres\u00e9ges \u00e9vet z\u00e1rt. A v\u00e1llalat t\u00f3feji \u00fczem\u00e9ben tavaly augusztusban le\u00e1llt a termel\u00e9s, a romh\u00e1nyi \u00fczemb\u0151l pedig m\u00e9g kor\u00e1bban Rom\u00e1ni\u00e1ba k\u00f6lt\u00f6ztett\u00e9k a gy\u00e1rt\u00e1st. A <a href=\"https:\/\/www.zaol.hu\/helyi-gazdasag\/2026\/08\/zalakeramia-uj-neven-uj-tulajdonossal#google_vignette\" target=\"_blank\" rel=\"nofollow noopener\">Zaol.hu<\/a> augusztus elej\u00e9n sz\u00e1molt be arr\u00f3l, hogy az osztr\u00e1k Lasselberger-csoport a 100 sz\u00e1zal\u00e9kig magyar tulajdon\u00fa Szatm\u00e1ri-csoportnak adta el a c\u00e9get, \u00e9s j\u00faliusban \u00fajraindult a termel\u00e9s a t\u00f3feji \u00fczemben.<\/p>\n<p>K\u00f6vess minket Facebookon is!<\/p>\n","protected":false},"excerpt":{"rendered":"A V\u00e1c\u2013Visegr\u00e1d k\u00f6z\u00f6tt k\u00f6zleked\u0151 s\u00e9tahaj\u00f3r\u00f3l k\u00e9sz\u00fclt fot\u00f3 a Duna-Dr\u00e1va Cement Kft. v\u00e1ci gy\u00e1r\u00e1r\u00f3l \u2013 Fot\u00f3: Lehotka L\u00e1szl\u00f3 \/&hellip;\n","protected":false},"author":2,"featured_media":230021,"comment_status":"","ping_status":"","sticky":false,"template":"","format":"standard","meta":{"footnotes":"","_share_on_mastodon":"0"},"categories":[6],"tags":[39835,60904,1444,14738,14739,60905,44,42,40,60906,43,41,24741,3037,60903],"class_list":["post-230020","post","type-post","status-publish","format-standard","has-post-thumbnail","category-magyarorszag","tag-cement","tag-csempe","tag-egyperces","tag-epitoanyag","tag-epitoanyaggyartok","tag-exportkorlatozas","tag-hu","tag-hungarian","tag-hungary","tag-kiegeszito-banyajaradek","tag-magyar","tag-magyarorszag","tag-szen-dioxid-kvota-ado","tag-vallalat","tag-zalakeramia"],"share_on_mastodon":{"url":"https:\/\/pubeurope.com\/@hu\/117201671220756727","error":""},"_links":{"self":[{"href":"https:\/\/www.europesays.com\/hu\/wp-json\/wp\/v2\/posts\/230020","targetHints":{"allow":["GET"]}}],"collection":[{"href":"https:\/\/www.europesays.com\/hu\/wp-json\/wp\/v2\/posts"}],"about":[{"href":"https:\/\/www.europesays.com\/hu\/wp-json\/wp\/v2\/types\/post"}],"author":[{"embeddable":true,"href":"https:\/\/www.europesays.com\/hu\/wp-json\/wp\/v2\/users\/2"}],"replies":[{"embeddable":true,"href":"https:\/\/www.europesays.com\/hu\/wp-json\/wp\/v2\/comments?post=230020"}],"version-history":[{"count":0,"href":"https:\/\/www.europesays.com\/hu\/wp-json\/wp\/v2\/posts\/230020\/revisions"}],"wp:featuredmedia":[{"embeddable":true,"href":"https:\/\/www.europesays.com\/hu\/wp-json\/wp\/v2\/media\/230021"}],"wp:attachment":[{"href":"https:\/\/www.europesays.com\/hu\/wp-json\/wp\/v2\/media?parent=230020"}],"wp:term":[{"taxonomy":"category","embeddable":true,"href":"https:\/\/www.europesays.com\/hu\/wp-json\/wp\/v2\/categories?post=230020"},{"taxonomy":"post_tag","embeddable":true,"href":"https:\/\/www.europesays.com\/hu\/wp-json\/wp\/v2\/tags?post=230020"}],"curies":[{"name":"wp","href":"https:\/\/api.w.org\/{rel}","templated":true}]}}