{"id":230040,"date":"2026-09-02T13:40:12","date_gmt":"2026-09-02T13:40:12","guid":{"rendered":"https:\/\/www.europesays.com\/hu\/230040\/"},"modified":"2026-09-02T13:40:12","modified_gmt":"2026-09-02T13:40:12","slug":"index-kulfold-kidobtak-a-magyar-fiatalokat-egy-krk-szigeti-etterembol-mert-csak-palacsintat-rendeltek","status":"publish","type":"post","link":"https:\/\/www.europesays.com\/hu\/230040\/","title":{"rendered":"Index &#8211; K\u00fclf\u00f6ld &#8211; Kidobt\u00e1k a magyar fiatalokat egy Krk szigeti \u00e9tteremb\u0151l, mert csak palacsint\u00e1t rendeltek"},"content":{"rendered":"<p>A <a href=\"https:\/\/www.blikk.hu\/gazdasag\/vasarlas\/horvatorszag-etterem-fogyasztas-palacsinta-magyarok\/rqxgl0y\" id=\"hyperlink_53f231a5cbd9f8549b12eec13c3e4f39\" target=\"_blank\" rel=\"nofollow noopener\">Blikk<\/a> sz\u00e1molt be arr\u00f3l a felh\u00e1bor\u00edt\u00f3 esetr\u0151l, amelynek sor\u00e1n a n\u00e9gy fiatal mintegy 10-15 perces v\u00e1rakoz\u00e1s ut\u00e1n \u00fclhetett le a n\u00e9pszer\u0171, nagy forgalm\u00fa tengerparti \u00e9tteremben. A felszolg\u00e1l\u00f3 \u00e9rkez\u00e9sekor fejenk\u00e9nt egy-egy adag, darabonk\u00e9nt 7 eur\u00f3s (mintegy 2800 forintos) palacsint\u00e1t rendeltek, a pinc\u00e9r azonban v\u00e1ratlanul kikelt mag\u00e1b\u00f3l.<\/p>\n<p>A felszolg\u00e1l\u00f3 sz\u00e1monk\u00e9rte a fiatalokat, hogy mit k\u00e9pzelnek, ami\u00e9rt cs\u00facsid\u0151ben csup\u00e1n desszertet fogyasztan\u00e1nak, majd arra hivatkozva, hogy odakint t\u00f6bben is vacsor\u00e1zni v\u00e1gyva v\u00e1rakoznak, er\u00e9lyesen t\u00e1voz\u00e1sra sz\u00f3l\u00edtotta fel \u0151ket.<\/p>\n<p>                        Szakad\u00e9k a kommentel\u0151k k\u00f6z\u00f6tt: fogyaszt\u00f3i jogok vagy \u00edratlan szab\u00e1lyok?<\/p>\n<p>A t\u00f6rt\u00e9ntekr\u0151l sz\u00f3l\u00f3 besz\u00e1mol\u00f3 k\u00f6zz\u00e9t\u00e9tele ut\u00e1n val\u00f3s\u00e1ggal felrobbant a kommentszekci\u00f3. A hozz\u00e1sz\u00f3l\u00f3k egy r\u00e9sze m\u00e9lys\u00e9gesen el\u00edt\u00e9lte a pinc\u00e9r elj\u00e1r\u00e1s\u00e1t, arra hivatkozva, hogy a vend\u00e9g az vend\u00e9g, a 7 eur\u00f3s <a href=\"https:\/\/index.hu\/kultur\/degusztator\/2026\/06\/13\/ev-strandetele-balatoni-kor-felhivas-gasztrobalaton\/\" id=\"hyperlink_f4ce55805e7da6df917c670500893ccb\" target=\"_blank\" title=\"Keresik a Balaton legjobb palacsint\u00e1j\u00e1t\" rel=\"nofollow noopener\">palacsinta<\/a> \u00e1ra pedig egy\u00e1ltal\u00e1n nem sz\u00e1m\u00edt csek\u00e9ly \u00f6sszegnek. T\u00f6bben hangs\u00falyozt\u00e1k, hogy a pinc\u00e9r nem szabhatja meg a fogyaszt\u00e1si limitet, \u00e9s sokan feljelent\u00e9st s\u00fcrgettek a fogyaszt\u00f3v\u00e9delemn\u00e9l, kiemelve, hogy Horv\u00e1torsz\u00e1gban egyre ink\u00e1bb csak a \u201ep\u00e9nzt\u00e1rc\u00e1t l\u00e1tj\u00e1k a vend\u00e9gben\u201d.<\/p>\n<p>A vita m\u00e1sik oldal\u00e1n \u00e1ll\u00f3k viszont az \u00fagynevezett \u00edratlan \u00e9ttermi szab\u00e1lyokra \u00e9s a vend\u00e9gl\u00e1t\u00f3k szempontjaira hivatkoztak. Egy kommentel\u0151 r\u00e1mutatott: este, cs\u00facsid\u0151ben egy teli \u00e9tteremben a vacsor\u00e1z\u00f3k 120-150 eur\u00f3s bev\u00e9telt hoznak, m\u00edg egy 28 eur\u00f3s palacsint\u00e1z\u00e1s csup\u00e1n a helyet foglalja a kint v\u00e1rakoz\u00f3k el\u0151l. T\u00f6bben kiemelt\u00e9k, hogy hasonl\u00f3 helyzet Olaszorsz\u00e1gban, Spanyolorsz\u00e1gban, de m\u00e9g a Balaton-parton vagy Budapest frekvent\u00e1ltabb r\u00e9szein is el\u0151fordul, ha valaki cs\u00facsid\u0151ben csak italt vagy egyetlen desszertet rendelne egy t\u00f6bbszem\u00e9lyes asztaln\u00e1l.<\/p>\n<p>                        Egyre t\u00f6bb a panasz a tengerparti \u00e1rakra \u00e9s a min\u0151s\u00e9gre<\/p>\n<p>Az eset nem elszigetelt jelens\u00e9gk\u00e9nt bukkant fel: az utaz\u00e1si f\u00f3rumokon \u00e9s a TripAdvisoron is szaporodnak a panaszok a horv\u00e1t tengerparti vend\u00e9gl\u00e1t\u00e1s \u00e1ltal\u00e1nos \u00e1r-\u00e9rt\u00e9k ar\u00e1ny\u00e1ra. Sok turista s\u00e9relmezi a f\u0151szezoni \u00e1rak elszabadul\u00e1s\u00e1t\u00a0\u2212 Splitben, Dubrovnikban vagy <a href=\"https:\/\/index.hu\/kulfold\/2026\/08\/06\/horvatorszag-hvar-sullyedes-reszeg-turistak-motorcsonak\/\" id=\"hyperlink_91e4f1021e3e613c950b63282f2aa13b\" target=\"_blank\" title=\"R\u00e9szeg turist\u00e1k s\u00fcllyesztettek el egy haj\u00f3t a magyarok k\u00f6r\u00e9ben is n\u00e9pszer\u0171 nyaral\u00f3helyen\" rel=\"nofollow noopener\">Hvaron<\/a> nem ritka a 4-5 eur\u00f3s (1600\u20132000 forintos) fagylaltgomb\u00f3c \u2212, mik\u00f6zben a m\u00e9regdr\u00e1ga \u00e9telk\u00edn\u00e1lat min\u0151s\u00e9ge gyakran elmarad a v\u00e1rtt\u00f3l.<\/p>\n<p>A besz\u00e1mol\u00f3k szerint a friss tengeri fog\u00e1sok helyett gyakran m\u00e9lyh\u0171t\u00f6tt, r\u00e1g\u00f3s alapanyagokat, fagyasztott k\u00f6retet \u00e9s bolti ajv\u00e1rt szolg\u00e1lnak fel elnagyolt kiszolg\u00e1l\u00e1s k\u00eds\u00e9ret\u00e9ben, amit a friss z\u00f6lds\u00e9gek hi\u00e1nya is tet\u00e9z.<\/p>\n<p>                        Megsz\u00f3lalt a Horv\u00e1t Idegenforgalmi K\u00f6z\u00f6ss\u00e9g<\/p>\n<p>Az \u00fcgy kapcs\u00e1n a lap megkereste a Horv\u00e1t Idegenforgalmi K\u00f6z\u00f6ss\u00e9g Magyarorsz\u00e1gi K\u00e9pviselet\u00e9t is. Horv\u00e1th Mira f\u0151munkat\u00e1rs tiszt\u00e1zta a jogi h\u00e1tteret \u00e9s a fogyaszt\u00f3i jogokat:<\/p>\n<p>A Horv\u00e1t Idegenforgalmi K\u00f6z\u00f6ss\u00e9g egy nemzeti szervezet, amely els\u0151sorban a horv\u00e1t turizmus n\u00e9pszer\u0171s\u00edt\u00e9s\u00e9\u00e9rt \u00e9s fejleszt\u00e9s\u00e9\u00e9rt felel\u0151s. Ennek megfelel\u0151en visszajelz\u00e9st kaphat ugyan a \u00bbterepr\u0151l\u00ab, de a hivatalos panaszt, amelynek vizsg\u00e1lati elj\u00e1r\u00e1st kell eredm\u00e9nyeznie, m\u00e1s, a vend\u00e9gl\u00e1t\u00f3- \u00e9s egy\u00e9b l\u00e9tes\u00edtm\u00e9nyek fel\u00fcgyelet\u00e9\u00e9rt felel\u0151s int\u00e9zm\u00e9nyekhez kell beny\u00fajtani, els\u0151sorban a horv\u00e1t \u00c1llami Fel\u00fcgyel\u0151bizotts\u00e1ghoz (State Inspectorate)<\/p>\n<p>\u2212\u00a0t\u00e1j\u00e9koztatott a k\u00e9pviselet.<\/p>\n<p>A minim\u00e1lis fogyaszt\u00e1s k\u00e9rd\u00e9s\u00e9vel kapcsolatban a szakember al\u00e1h\u00fazta: \u201eAmi a minim\u00e1lis fogyaszt\u00e1st illeti, nincs \u00e1ltal\u00e1nos szab\u00e1ly vagy k\u00f3dex, amely el\u0151\u00edrn\u00e1 a vend\u00e9gl\u0151nek, hogy minden vend\u00e9gnek egy bizonyos minim\u00e1lis \u00f6sszeget kell elk\u00f6ltenie, ellenben az \u00e9rt\u00e9kes\u00edt\u00e9si felt\u00e9teleket \u00e9s \u00e1rakat vil\u00e1gosan fel kell t\u00fcntetni, \u00e9s a vend\u00e9gl\u00e1t\u00f3knak be kell tartaniuk azokat.\u201d<\/p>\n<p>Horv\u00e1th Mira hozz\u00e1tette:<\/p>\n<p>Sajn\u00e1ljuk, hogy a magyar vend\u00e9gek ilyen helyzetbe ker\u00fcltek, hissz\u00fck, hogy ez egy elszigetelt eset, de hangs\u00falyozzuk, hogy minden vend\u00e9gnek a t\u00f6rv\u00e9nynek megfelel\u0151en, a hat\u00f3s\u00e1gi ellen\u0151rz\u00e9sekre t\u00f6rt\u00e9n\u0151 bejelent\u00e9s mellett, jog\u00e1ban \u00e1llt panaszt tenni mag\u00e1n\u00e1l a szolg\u00e1ltat\u00f3n\u00e1l is, amelynek k\u00f6teless\u00e9ge a t\u00f6rv\u00e9nyben meghat\u00e1rozott hat\u00e1rid\u0151n bel\u00fcl v\u00e1laszolni.<\/p>\n<p>A szervezet k\u00e9pvisel\u0151je v\u00e9gezet\u00fcl megjegyezte, hogy a horv\u00e1t turisztikai szakemberek \u00e9vek \u00f3ta c\u00e9ltudatosan dolgoznak a szolg\u00e1ltat\u00e1sok min\u0151s\u00e9g\u00e9nek emel\u00e9s\u00e9n, aminek egyik legf\u0151bb bizony\u00edt\u00e9ka a Michelin-min\u0151s\u00edt\u00e9s\u0171 vend\u00e9gl\u00e1t\u00f3helyek n\u00f6vekv\u0151 sz\u00e1ma az orsz\u00e1gban.<\/p>\n<p>\n                          (Bor\u00edt\u00f3k\u00e9p: Krk sziget 2024. szeptember 8-\u00e1n. Fot\u00f3: Shutterstock)\n                        <\/p>\n<p><a href=\"https:\/\/dex.hu\/x.php?id=googlepref_desktop&amp;url=https:\/\/google.com\/preferences\/source?q=https:\/\/index.hu\" class=\"google-pref-banner \" id=\"googlePrefBanner\" rel=\"nofollow noopener\" target=\"_blank\"><\/p>\n<p>    Itt \u00e1ll\u00edtsa be, hogy az Index az els\u0151k k\u00f6z\u00f6tt legyen a Google-tal\u00e1latokban!<\/p>\n<p><\/a><\/p>\n<p>    <img decoding=\"async\" src=\"https:\/\/index.hu\/assets\/images\/social-follow\/logo-big.svg\" alt=\"Index.hu logo\"\/><\/p>\n<p>K\u00f6vesse az Indexet Facebookon is!<\/p>\n<p>    <a href=\"https:\/\/facebook.com\/Indexhu\" target=\"_blank\" rel=\"nofollow noopener\"><\/p>\n<p>        K\u00f6vetem!<br \/>\n    <\/a><\/p>\n","protected":false},"excerpt":{"rendered":"A Blikk sz\u00e1molt be arr\u00f3l a felh\u00e1bor\u00edt\u00f3 esetr\u0151l, amelynek sor\u00e1n a n\u00e9gy fiatal mintegy 10-15 perces v\u00e1rakoz\u00e1s ut\u00e1n&hellip;\n","protected":false},"author":2,"featured_media":230041,"comment_status":"","ping_status":"","sticky":false,"template":"","format":"standard","meta":{"footnotes":"","_share_on_mastodon":"0"},"categories":[33],"tags":[859,17080,38,35,37,54,44,42,40,11587,60374,64,43,4512,41,34,24595,58684,1426,36,39],"class_list":["post-230040","post","type-post","status-publish","format-standard","has-post-thumbnail","category-hirek","tag-etterem","tag-felhaborodas","tag-focimek","tag-headlines","tag-hirek","tag-horvatorszag","tag-hu","tag-hungarian","tag-hungary","tag-idegenforgalom","tag-krk-sziget","tag-kulfold","tag-magyar","tag-magyarok","tag-magyarorszag","tag-news","tag-palacsinta","tag-pincer","tag-tengerpart","tag-top-stories","tag-vezeto-hirek"],"share_on_mastodon":{"url":"https:\/\/pubeurope.com\/@hu\/117201733627016766","error":""},"_links":{"self":[{"href":"https:\/\/www.europesays.com\/hu\/wp-json\/wp\/v2\/posts\/230040","targetHints":{"allow":["GET"]}}],"collection":[{"href":"https:\/\/www.europesays.com\/hu\/wp-json\/wp\/v2\/posts"}],"about":[{"href":"https:\/\/www.europesays.com\/hu\/wp-json\/wp\/v2\/types\/post"}],"author":[{"embeddable":true,"href":"https:\/\/www.europesays.com\/hu\/wp-json\/wp\/v2\/users\/2"}],"replies":[{"embeddable":true,"href":"https:\/\/www.europesays.com\/hu\/wp-json\/wp\/v2\/comments?post=230040"}],"version-history":[{"count":0,"href":"https:\/\/www.europesays.com\/hu\/wp-json\/wp\/v2\/posts\/230040\/revisions"}],"wp:featuredmedia":[{"embeddable":true,"href":"https:\/\/www.europesays.com\/hu\/wp-json\/wp\/v2\/media\/230041"}],"wp:attachment":[{"href":"https:\/\/www.europesays.com\/hu\/wp-json\/wp\/v2\/media?parent=230040"}],"wp:term":[{"taxonomy":"category","embeddable":true,"href":"https:\/\/www.europesays.com\/hu\/wp-json\/wp\/v2\/categories?post=230040"},{"taxonomy":"post_tag","embeddable":true,"href":"https:\/\/www.europesays.com\/hu\/wp-json\/wp\/v2\/tags?post=230040"}],"curies":[{"name":"wp","href":"https:\/\/api.w.org\/{rel}","templated":true}]}}