{"id":230050,"date":"2026-09-02T13:53:08","date_gmt":"2026-09-02T13:53:08","guid":{"rendered":"https:\/\/www.europesays.com\/hu\/230050\/"},"modified":"2026-09-02T13:53:08","modified_gmt":"2026-09-02T13:53:08","slug":"index-belfold-kiderult-mennyibe-kerult-magyar-peter-paksi-helikopteres-utja-hadhazy-akos-szerint-rosszul-szamoltak","status":"publish","type":"post","link":"https:\/\/www.europesays.com\/hu\/230050\/","title":{"rendered":"Index &#8211; Belf\u00f6ld &#8211; Kider\u00fclt, mennyibe ker\u00fclt Magyar P\u00e9ter paksi helikopteres \u00fatja, Hadh\u00e1zy \u00c1kos szerint rosszul sz\u00e1moltak"},"content":{"rendered":"<p>Augusztus 12-\u00e9n utazott Paksra a minisztereln\u00f6k <a href=\"https:\/\/index.hu\/belfold\/2026\/08\/12\/kormanyules-paks-atomeromu-helikopter\/\" id=\"hyperlink_ae3b6b50ad87eef32d26c4b62f5f680f\" target=\"_blank\" title=\"Magyar P\u00e9ter \u00e9let\u00e9ben el\u0151sz\u00f6r helikopterezik\" rel=\"nofollow noopener\">a honv\u00e9ds\u00e9g egyik helikopter\u00e9vel<\/a>, Ruszin-Szendi Romulusz honv\u00e9delmi miniszter t\u00e1rsas\u00e1g\u00e1ban, ami a korm\u00e1nyf\u0151 bevall\u00e1sa szerint \u00e9lete els\u0151 helikopterez\u00e9se volt. Magyar P\u00e9ter az utat akkor t\u00f6bbek k\u00f6z\u00f6tt azzal igazolta, hogy\u00a0\u201ea rep\u00fcl\u00e9s k\u00f6lts\u00e9ge az \u00e9n bej\u00e1r\u00e1somt\u00f3l f\u00fcggetlen\u00fcl is felmer\u00fclt volna\u201d, valamint a helikoptereknek \u00e9s a pil\u00f3t\u00e1knak el\u0151\u00edrt minim\u00e1lis rep\u00fcl\u00e9si id\u0151t kell teljes\u00edteni\u00fck.<\/p>\n<p>A minisztereln\u00f6k \u00e1ll\u00edt\u00e1sainak ellen\u0151rz\u00e9se miatt k\u00f6z\u00e9rdek\u0171 adatig\u00e9nyl\u00e9st ny\u00fajtott be a Magyar Honv\u00e9ds\u00e9gnek \u00e9s a Honv\u00e9delmi Miniszt\u00e9riumnak a <a href=\"https:\/\/nepszava.hu\/3331983_magyar-peter-paks-helikopteres-ut?fbclid=IwY2xjawUE8NRwZG9mBWV4dG4DYWVtAjExAGJyaWQRMW1DMmw3TTVzU1lKZEtmeVJzcnRjBmFwcF9pZBAyMjIwMzkxNzg4MjAwODkyAAEev3EtfUGNWw4-v_IYS1nCZ7P1SvLhipABaO_xQ6uxUo1BwSo-jw6089LX0QY_aem_P4jfqHX5IklyyFSJQnXx3A\" id=\"hyperlink_749b74757da26167f1d6fcc44ad60d15\" rel=\"nofollow noopener\" target=\"_blank\">N\u00e9pszava<\/a>. A v\u00e1lasz meger\u0151s\u00edtette Magyar P\u00e9tert, ugyanis\u00a02026. augusztus 12-re val\u00f3ban terveztek Airbus H145M helikopterekkel a helikoptervezet\u0151k j\u00e1rtass\u00e1g\u00e1nak biztos\u00edt\u00e1s\u00e1t szolg\u00e1l\u00f3 gyakorl\u00f3rep\u00fcl\u00e9seket, a minisztereln\u00f6k\u00f6t \u00e9s k\u00eds\u00e9ret\u00e9t sz\u00e1ll\u00edt\u00f3 02-es oldalsz\u00e1m\u00fa H145M-re azonban aznapra m\u00e1s rep\u00fcl\u00e9s nem volt tervezve.<\/p>\n<p>Az iratok szerint a minisztereln\u00f6k \u00fatj\u00e1t\u00f3l f\u00fcggetlen\u00fcl is terveztek\u00a0H145M-es gyakorl\u00f3rep\u00fcl\u00e9seket, azonban nem azon a konkr\u00e9t helikopteren, amely Magyar P\u00e9tert Paksra sz\u00e1ll\u00edtotta.<\/p>\n<p>A minisztereln\u00f6k m\u00e1sik \u00e1ll\u00edt\u00e1sa szerint a\u00a0helikopternek \u00e9s a pil\u00f3t\u00e1nak is meg van szabva az \u00e9ves minim\u00e1lis rep\u00fcl\u00e9si ideje, a lapnak kiadott dokumentumokb\u00f3l azonban nem der\u00fclt ki, hogy h\u00e1ny \u00f3r\u00e1t kell teljes\u00edteni\u00fck, \u00e9s ebb\u0151l mennyit teljes\u00edtettek.<\/p>\n<p>A Honv\u00e9delmi Miniszt\u00e9rium a lap megkeres\u00e9s\u00e9re ugyanezt a v\u00e1laszt k\u00fcldte el. Kifejtett\u00e9k, hogy\u00a0azokra a k\u00e9rd\u00e9sekre, amelyekre nem v\u00e1laszoltak, olyan adatok vonatkoznak, amelyek a honv\u00e9delmi szervezet m\u0171k\u00f6d\u00e9s\u00e9vel, illetve haditechnikai eszk\u00f6z\u00f6kkel kapcsolatosak, ez\u00e9rt azokat honv\u00e9delmi \u00e9s nemzetbiztons\u00e1gi \u00e9rdekb\u0151l nem hozt\u00e1k nyilv\u00e1noss\u00e1gra.<\/p>\n<p>A dokumentumokb\u00f3l emellett kider\u00fclt, hogy\u00a0adminisztrat\u00edv \u00e9s rep\u00fcl\u00e9stervez\u00e9si szempontb\u00f3l az utat nem el\u0151re tervezett gyakorl\u00f3rep\u00fcl\u00e9sk\u00e9nt, hanem szem\u00e9lysz\u00e1ll\u00edt\u00e1si feladatk\u00e9nt t\u00fcntett\u00e9k fel.\u00a0A v\u00e9grehajt\u00e1sr\u00f3l k\u00e9sz\u00fclt jelent\u00e9s szerint a 02-es oldalsz\u00e1m\u00fa H145M a Szolnok\u2013Hadikik\u00f6t\u0151\u2013Paks\u2013Hadikik\u00f6t\u0151\u2013Szolnok \u00fatvonalon hajtotta v\u00e9gre a feladatot. A g\u00e9p n\u00e9gy felsz\u00e1ll\u00e1st v\u00e9gzett, \u00f6sszesen 2 \u00f3ra 39 percet rep\u00fclt.<\/p>\n<p>Az utaz\u00e1s k\u00f6lts\u00e9geit tekintve a miniszt\u00e9rium \u00e9s a honv\u00e9ds\u00e9g is egy \u00f6nk\u00f6lts\u00e9gsz\u00e1m\u00edt\u00e1st k\u00fcld\u00f6tt el a lapnak, ami 210 liter, k\u00f6z\u00fati j\u00e1rm\u0171h\u00f6z elsz\u00e1molt \u00fczemanyagot 138\u00a0632 forint \u00e9rt\u00e9kben, valamint 890 liter, l\u00e9gi j\u00e1rm\u0171h\u00f6z elsz\u00e1molt \u00fczemanyagot 390\u00a0384 forint \u00e9rt\u00e9kben tartalmaz. A szem\u00e9lyi juttat\u00e1sok \u00f6sszege 611\u00a0464 forint, a j\u00e1rul\u00e9kok\u00e9 79\u00a0490 forint.\u00a0<\/p>\n<p>Az iratban szerepl\u0151 \u00f6sszes \u00f6nk\u00f6lts\u00e9g 1\u00a0226\u00a0772 forint.<\/p>\n<p>A port\u00e1l hozz\u00e1tette, az irat \u00f6nk\u00f6lts\u00e9gsz\u00e1m\u00edt\u00e1s, nem sz\u00e1mla vagy kifizet\u00e9si bizonylat. Az \u00f6nk\u00f6lts\u00e9gsz\u00e1m\u00edt\u00e1s nem v\u00e1lasztja k\u00fcl\u00f6n az \u00fat n\u00e9lk\u00fcl is felmer\u00fcl\u0151 \u00e9s a kiz\u00e1r\u00f3lag az \u00fat miatt keletkez\u0151 k\u00f6lts\u00e9geket.<\/p>\n<p>                        Hadh\u00e1zy \u00c1kos szerint a Honv\u00e9delmi Miniszt\u00e9riumn\u00e1l m\u00e9g a r\u00e9gi reflexek m\u0171k\u00f6dnek<\/p>\n<p>\u201eSajnos a Honv\u00e9delmi Miniszt\u00e9riumn\u00e1l m\u0171k\u00f6dnek a r\u00e9gi reflexek, \u00e9s nem a val\u00f3s k\u00f6lts\u00e9gekkel sz\u00e1molnak. \u00bbElfelejtik\u00ab ugyanis, hogy a rep\u00fcl\u00e9s nem csak az \u00fczemanyag \u00e9s a pil\u00f3t\u00e1k munkad\u00edja a k\u00f6lts\u00e9ge\u201d \u2013 fogalmazott Hadh\u00e1zy \u00c1kos volt orsz\u00e1ggy\u0171l\u00e9si k\u00e9pvisel\u0151 <a href=\"https:\/\/www.facebook.com\/hadhazyakos\/posts\/pfbid02XDn3TNT7Aq7P8BzStAzWhD1VmPqamFfiMYrAdvCndQX9AEdMgzDr3wVSHDfTyN7nl\" id=\"hyperlink_b619d525bf57198bcb223653a1ad3619\" rel=\"nofollow noopener\" target=\"_blank\">Facebookon<\/a>, ahol megosztotta a N\u00e9pszava cikk\u00e9t.<\/p>\n<p>Hozz\u00e1tette, a helikopterek nagy \u00e9rt\u00e9k\u0171ek, az \u00e9lettartamuk \u00e9s a rep\u00fclhet\u0151 \u00f3r\u00e1k sz\u00e1ma pedig szigor\u00faan meg van szabva. Hadh\u00e1zy szerint emiatt a g\u00e9pek haszn\u00e1latakor nemcsak az \u00fczemanyagot, hanem az amortiz\u00e1ci\u00f3t is \u00e9rdemes lenne hozz\u00e1venni.<\/p>\n<p>A baj az, hogyha \u0150cs\u00e9nyb\u0151l vagy Kalocs\u00e1r\u00f3l egy kis Cessn\u00e1val rep\u00fclt\u00fcnk volna oda, az is teljesen felesleges lett volna. Arra a rep\u00fcl\u00e9sre nyilv\u00e1nval\u00f3an semmilyen k\u00e9rd\u00e9s eld\u00f6nt\u00e9s\u00e9hez nem volt sz\u00fcks\u00e9g, a val\u00f3di c\u00e9l egyed\u00fcl a korm\u00e1nyf\u0151 im\u00e1zs\u00e1nak jav\u00edt\u00e1sa (propaganda) volt<\/p>\n<p>\u2013 fogalmazott.<\/p>\n<p>Bejegyz\u00e9s\u00e9t azzal z\u00e1rta, hogy propagand\u00e1nak dr\u00e1ga volt, de m\u00e9gis \u201eelt\u00f6rp\u00fcl Orb\u00e1n sz\u00e1zmilli\u00e1rdos propagandak\u00f6lts\u00e9geihez k\u00e9pest\u201d.<\/p>\n<p>                        Nem hagyta sz\u00f3 n\u00e9lk\u00fcl Hadh\u00e1zy posztj\u00e1t Magyar P\u00e9ter<\/p>\n<p>Hadh\u00e1zy \u00c1kos bejegyz\u00e9s\u00e9re kommentben reag\u00e1lt a minisztereln\u00f6k.\u00a0<\/p>\n<p>Szerintem minden j\u00f3zan magyar ember \u00e9rzi, hogy mennyire m\u00e9ltatlan \u00e9s igaztalan, amit m\u0171vel. Tudn\u00e9k m\u00e1s jelz\u0151t is \u00edrni<\/p>\n<p>\u2013 \u00edrta.<\/p>\n<p>Majd hozz\u00e1tette: \u201eSzerencs\u00e9re nem \u00f6n d\u00f6nt\u00f6tt, \u00edgy a 30 \u00e9ve nem l\u00e1tott m\u00e9rt\u00e9k\u0171 dunai beruh\u00e1z\u00e1s hat\u00e1rid\u0151 el\u0151tt, a tervezettn\u00e9l nagys\u00e1grendileg olcs\u00f3bban elk\u00e9sz\u00fclt, a Paksi Atomer\u0151m\u0171 teljes kapacit\u00e1ssal m\u0171k\u00f6dik (ezzel tov\u00e1bbi minimum napi 1 milli\u00e1rd forint k\u00f6zp\u00e9nzt sp\u00f3rolva). Ezekr\u0151l is lesz esetleg bejegyz\u00e9se? Sz\u00e1m\u00edt\u00e1sa?\u201d<\/p>\n<p>A poszt alatt nem sokkal k\u00e9s\u0151bb Ruszin-Szendi Romulusz is megjelent a komment mez\u0151ben: \u201eIm\u00e1dom amikor hozz\u00e1 nem \u00e9rt\u0151 \u00bbszak\u00e9rt\u0151k\u00ab pr\u00f3b\u00e1lnak politikai t\u0151k\u00e9t kov\u00e1csolni akkor, amikor deklar\u00e1ltan m\u00e1r nem politiz\u00e1lnak, hiszen nem szavaztak r\u00e1 elegen \u2013 fogalmazott a honv\u00e9delmi miniszter.<\/p>\n<p>Majd arra k\u00e9rte a volt k\u00e9pvisel\u0151t, hogy a Magyar Honv\u00e9ds\u00e9g eszk\u00f6zei haszn\u00e1lat\u00e1nak tervez\u00e9s\u00e9t, szervez\u00e9s\u00e9t b\u00edzza azokra, akik felel\u0151sek \u00e9rte. \u201e\u00c9n nem sz\u00f3lok bele az \u00f6n szakter\u00fclet\u00e9be, k\u00e9rem \u00d6n se tegye\u201d \u2013 \u00edrta.<\/p>\n<p>Ezt k\u00f6vet\u0151en megh\u00edvta a kecskem\u00e9ti rep\u00fcl\u0151napra, ahol a f\u00f6ld\u00f6n \u00e9s a leveg\u0151ben is megmutatj\u00e1k neki a g\u00e9peket, valamint a pil\u00f3t\u00e1kkal is besz\u00e9lhet. Majd azt \u00edrta:<\/p>\n<p>ha el\u00e9g b\u00e1tor ugorhatunk ak\u00e1r k\u00f6z\u00f6sen ejt\u0151erny\u0151vel is.<\/p>\n<p>Kommentje z\u00e1r\u00e1sak\u00e9nt azt javasolta, hogy csak azt k\u00f6vet\u0151en \u201e\u00bbszak\u00e9rtsen\u00ab\u201d, miut\u00e1n megismerte a k\u00f6r\u00fclm\u00e9nyeket, \u00e9s az okokat. \u201eEzeket jelenleg \u00d6n tanulm\u00e1nyai \u00e9s tapasztalatai hi\u00e1ny\u00e1b\u00f3l fakad\u00f3an nem mondhatja mag\u00e1\u00e9nak\u201d \u2013 fogalmazott.<\/p>\n<p>\n                          (Bor\u00edt\u00f3k\u00e9p: A 2026. augusztus 12-\u00e9n k\u00f6zz\u00e9tett k\u00e9pen Magyar P\u00e9ter a paksi l\u00e1togat\u00e1sa el\u0151tt. Fot\u00f3: Magyar P\u00e9ter \/ Facebook)\n                        <\/p>\n<p><a href=\"https:\/\/dex.hu\/x.php?id=googlepref_desktop&amp;url=https:\/\/google.com\/preferences\/source?q=https:\/\/index.hu\" class=\"google-pref-banner \" id=\"googlePrefBanner\" rel=\"nofollow noopener\" target=\"_blank\"><\/p>\n<p>    Itt \u00e1ll\u00edtsa be, hogy az Index az els\u0151k k\u00f6z\u00f6tt legyen a Google-tal\u00e1latokban!<\/p>\n<p><\/a><\/p>\n<p>    <img decoding=\"async\" src=\"https:\/\/index.hu\/assets\/images\/social-follow\/logo-big.svg\" alt=\"Index.hu logo\"\/><\/p>\n<p>K\u00f6vesse az Indexet Facebookon is!<\/p>\n<p>    <a href=\"https:\/\/facebook.com\/Indexhu\" target=\"_blank\" rel=\"nofollow noopener\"><\/p>\n<p>        K\u00f6vetem!<br \/>\n    <\/a><\/p>\n","protected":false},"excerpt":{"rendered":"Augusztus 12-\u00e9n utazott Paksra a minisztereln\u00f6k a honv\u00e9ds\u00e9g egyik helikopter\u00e9vel, Ruszin-Szendi Romulusz honv\u00e9delmi miniszter t\u00e1rsas\u00e1g\u00e1ban, ami a korm\u00e1nyf\u0151&hellip;\n","protected":false},"author":2,"featured_media":230051,"comment_status":"","ping_status":"","sticky":false,"template":"","format":"standard","meta":{"footnotes":"","_share_on_mastodon":"0"},"categories":[6],"tags":[80,6303,7363,44,42,40,9323,43,944,41,3169],"class_list":["post-230050","post","type-post","status-publish","format-standard","has-post-thumbnail","category-magyarorszag","tag-belfold","tag-hadhazy-akos","tag-helikopter","tag-hu","tag-hungarian","tag-hungary","tag-koltseg","tag-magyar","tag-magyar-peter","tag-magyarorszag","tag-paks"],"share_on_mastodon":{"url":"https:\/\/pubeurope.com\/@hu\/117201784868566591","error":""},"_links":{"self":[{"href":"https:\/\/www.europesays.com\/hu\/wp-json\/wp\/v2\/posts\/230050","targetHints":{"allow":["GET"]}}],"collection":[{"href":"https:\/\/www.europesays.com\/hu\/wp-json\/wp\/v2\/posts"}],"about":[{"href":"https:\/\/www.europesays.com\/hu\/wp-json\/wp\/v2\/types\/post"}],"author":[{"embeddable":true,"href":"https:\/\/www.europesays.com\/hu\/wp-json\/wp\/v2\/users\/2"}],"replies":[{"embeddable":true,"href":"https:\/\/www.europesays.com\/hu\/wp-json\/wp\/v2\/comments?post=230050"}],"version-history":[{"count":0,"href":"https:\/\/www.europesays.com\/hu\/wp-json\/wp\/v2\/posts\/230050\/revisions"}],"wp:featuredmedia":[{"embeddable":true,"href":"https:\/\/www.europesays.com\/hu\/wp-json\/wp\/v2\/media\/230051"}],"wp:attachment":[{"href":"https:\/\/www.europesays.com\/hu\/wp-json\/wp\/v2\/media?parent=230050"}],"wp:term":[{"taxonomy":"category","embeddable":true,"href":"https:\/\/www.europesays.com\/hu\/wp-json\/wp\/v2\/categories?post=230050"},{"taxonomy":"post_tag","embeddable":true,"href":"https:\/\/www.europesays.com\/hu\/wp-json\/wp\/v2\/tags?post=230050"}],"curies":[{"name":"wp","href":"https:\/\/api.w.org\/{rel}","templated":true}]}}