{"id":230060,"date":"2026-09-02T14:02:12","date_gmt":"2026-09-02T14:02:12","guid":{"rendered":"https:\/\/www.europesays.com\/hu\/230060\/"},"modified":"2026-09-02T14:02:12","modified_gmt":"2026-09-02T14:02:12","slug":"index-sport-rendhagyo-dontes-az-atletikai-vilagdonto-elott-nem-osztanak-ermeket-a-sportoloknak","status":"publish","type":"post","link":"https:\/\/www.europesays.com\/hu\/230060\/","title":{"rendered":"Index &#8211; Sport &#8211; Rendhagy\u00f3 d\u00f6nt\u00e9s az atl\u00e9tikai vil\u00e1gd\u00f6nt\u0151 el\u0151tt, nem osztanak \u00e9rmeket a sportol\u00f3knak"},"content":{"rendered":"<p>Csak az abszol\u00fat bajnokok kapnak d\u00edjat <a href=\"https:\/\/index.hu\/sport\/atletika\/2026\/08\/28\/budapesti-atletikai-vilagdonto-ujitasok-lebonyolitas-reklamok-showelemek\/\" id=\"hyperlink_a06e2cdf75953d24d02338a7e3454651\" target=\"_blank\" title=\"\u00daj lebonyol\u00edt\u00e1s show-elemekkel \u2013 a budapesti atl\u00e9tikai vil\u00e1gd\u00f6nt\u0151 legnagyobb \u00faj\u00edt\u00e1sai\" data-recommendation=\"bekezdes_utan\" data-recommendation-preview=\"{&quot;og:title&quot;:&quot;\u00daj lebonyol\u00edt\u00e1s show-elemekkel \u2013 a budapesti atl\u00e9tikai vil\u00e1gd\u00f6nt\\u0151 legnagyobb \u00faj\u00edt\u00e1sai&quot;,&quot;og:description&quot;:&quot;Percre pontosan meg\u00edrt forgat\u00f3k\u00f6nyv szerint zajlik majd az esem\u00e9ny.&quot;,&quot;og:image&quot;:&quot;\\\/\\\/kep.cdn.indexvas.hu\\\/1\\\/0\\\/7130\\\/71305\\\/713059\\\/71305913_5258253_f3fab1fe3c027f9ded6d6b8c4ee0d30c_wm.jpg&quot;}\" data-recommendation-id=\"6269649\" rel=\"nofollow noopener\">a budapesti atl\u00e9tikai vil\u00e1gd\u00f6nt\u0151n<\/a>, ami \u00e9rem helyet egy k\u00fcl\u00f6n tr\u00f3fea lesz, \u201ehiszen ezen a szinten m\u00e1r csak az sz\u00e1m\u00edt, ki a leggyorsabb, a leger\u0151sebb, a legjobb\u201d\u00a0\u2013 olvashat\u00f3 az esem\u00e9ny sajt\u00f3k\u00f6zlem\u00e9ny\u00e9ben.<\/p>\n<p>Sebastian Coe, a Nemzetk\u00f6zi Atl\u00e9tikai Sz\u00f6vets\u00e9g (World Athletics) eln\u00f6ke \u00fagy fogalmazott:<\/p>\n<p>Tudatos l\u00e9p\u00e9s volt, hogy elhagytuk a hagyom\u00e1nyos \u00e9rmeket. Ez a glob\u00e1lis bajnoks\u00e1g kiz\u00e1r\u00f3lag arr\u00f3l sz\u00f3l, hogy kider\u00fclj\u00f6n, ki az az egyetlen atl\u00e9ta, aki a cs\u00facsra \u00e9r. A dobog\u00f3s helyez\u00e9sek d\u00edjaz\u00e1sa nem illett volna ehhez az alapfiloz\u00f3fi\u00e1hoz, \u00edgy teljes eg\u00e9sz\u00e9ben a gy\u0151zteseknek j\u00e1r\u00f3 tr\u00f3fe\u00e1kra f\u00f3kusz\u00e1lunk.<\/p>\n<p>\n                          Az \u00f6tlet egy\u00e9bk\u00e9nt a kreat\u00edv tan\u00e1csad\u00f3k\u00e9nt is tev\u00e9kenyked\u0151, olimpiai \u00e9s vil\u00e1gbajnok Noah Lylest\u00f3l sz\u00e1rmazik, aki szint\u00e9n r\u00e9szt vesz az esem\u00e9nyen.\n                        <\/p>\n<p>De itt m\u00e9g nem \u00e9rt v\u00e9get az elitst\u00e1tusz kiemel\u00e9se, minden r\u00e9sztvev\u0151 szem\u00e9lyre szabott, grav\u00edrozott aranysz\u00edn\u0171 kark\u00f6t\u0151t kap, \u201ehiszen m\u00e1r a kvalifik\u00e1ci\u00f3 is hatalmas preszt\u00edzzsel j\u00e1r\u201d, amely szint\u00e9n Lyles \u00e9s a WA koncepci\u00f3ja alapj\u00e1n val\u00f3sul meg.<\/p>\n<p>A d\u00edjak \u00e9s a kark\u00f6t\u0151k megalkot\u00e1s\u00e1ban teljes eg\u00e9sz\u00e9ben hazai formatervez\u0151k, \u00e9kszer\u00e9szek \u00e9s szobr\u00e1szm\u0171v\u00e9szek vettek r\u00e9szt. De a k\u00e9t t\u00e1rgy k\u00f6z\u00f6tt is megvan a kapcsolat: a k\u0151szobrokra hasonl\u00edt\u00f3 tr\u00f3fe\u00e1k alapvet\u0151en befejezetlenek, \u00e9s csak akkor v\u00e1lnak eg\u00e9ssz\u00e9, amikor az adott sz\u00e1m gy\u0151ztese bepattintja kark\u00f6t\u0151j\u00e9t annak v\u00e1jat\u00e1ba.<\/p>\n<p>\n                          Az atl\u00e9tika t\u00f6rt\u00e9net\u00e9ben most el\u0151sz\u00f6r megrendezett vil\u00e1gesem\u00e9nyen a Zsiv\u00f3czky Gyula Nemzeti Atl\u00e9tikai K\u00f6zpontban kiz\u00e1r\u00f3lag olimpiai \u00e9s vil\u00e1gbajnokok, Gy\u00e9m\u00e1nt Liga-gy\u0151ztesek \u00e9s megh\u00edvott szt\u00e1rok k\u00fczdhetnek meg, k\u00f6zt\u00fck olyan magyar tehets\u00e9gek is, mint az Eur\u00f3pa-bajnok <a href=\"https:\/\/index.hu\/sport\/atletika\/2026\/09\/02\/halasz-bence-honap-atletaja-dij-eselyes\/\" id=\"hyperlink_4565a3d67c20130a1b8556d05dda8374\" target=\"_blank\" title=\"Hal\u00e1sz Bence nagy elismer\u00e9sben r\u00e9szes\u00fclhet, Armand Duplantisszal verseng a n\u00edv\u00f3s d\u00edj\u00e9rt\" data-recommendation=\"bekezdes_utan\" data-recommendation-preview=\"{&quot;og:title&quot;:&quot;Hal\u00e1sz Bence nagy elismer\u00e9sben r\u00e9szes\u00fclhet, Armand Duplantisszal verseng a n\u00edv\u00f3s d\u00edj\u00e9rt&quot;,&quot;og:description&quot;:&quot;A magyar kalap\u00e1csvet\\u0151 Eur\u00f3pa-bajnok lett augusztusban.&quot;,&quot;og:image&quot;:&quot;\\\/\\\/kep.cdn.indexvas.hu\\\/1\\\/0\\\/7137\\\/71370\\\/713708\\\/71370867_5262873_5828f7903cb98133dbebe0cb44aaf92d_wm.jpg&quot;}\" data-recommendation-id=\"6271261\" rel=\"nofollow noopener\">Hal\u00e1sz Bence<\/a>, vagy az 55 \u00e9v ut\u00e1n el\u0151sz\u00f6r Eb-d\u00f6nt\u0151ben fut\u00f3 sprinter, Tak\u00e1cs Bogl\u00e1rka.\n                        <\/p>\n<p>Az atl\u00e9tikai vil\u00e1gd\u00f6nt\u0151t szeptember 11. \u00e9s 13. k\u00f6z\u00f6tt rendezik meg a magyar f\u0151v\u00e1rosban.<\/p>\n<p><a href=\"https:\/\/dex.hu\/x.php?id=googlepref_desktop&amp;url=https:\/\/google.com\/preferences\/source?q=https:\/\/index.hu\" class=\"google-pref-banner \" id=\"googlePrefBanner\" rel=\"nofollow noopener\" target=\"_blank\"><\/p>\n<p>    Itt \u00e1ll\u00edtsa be, hogy az Index az els\u0151k k\u00f6z\u00f6tt legyen a Google-tal\u00e1latokban!<\/p>\n<p><\/a><\/p>\n<p>                <a href=\"https:\/\/konyvek.index.hu\/\" target=\"_blank\" rel=\"nofollow noopener\"><br \/>\n                <img decoding=\"async\" src=\"https:\/\/index.hu\/assets\/images\/konyvajanlo\/book_indapress\/book_indapress_logo.svg\" loading=\"lazy\" alt=\"Inda Press Kiad\u00f3\"\/><br \/>\n                <\/a><\/p>\n<p>                <img decoding=\"async\" src=\"https:\/\/www.europesays.com\/hu\/wp-content\/uploads\/2026\/09\/1788357729_39_budapest.png\" loading=\"lazy\" alt=\"23 \u2013 Nagy budapesti ker\u00fclethat\u00e1roz\u00f3\"\/><\/p>\n<p>Izgalmas t\u00f6rt\u00e9netek, rejtett kincsek, \u00e9rdekes \u00e9p\u00fcletek &#8211; nem csak budapestieknek.<\/p>\n<p>                <a class=\"book_index_btn\" href=\"https:\/\/indexadhu.hit.gemius.pl\/hitredir?id=nSCbubuYpDWJZLZs0TssLrbt33Lk5kbipuiZrkg89G3.g7&amp;stparam=yoojcxjrby&amp;fastid=maqqjzmjjiorpyjhphrcutrnpkmz&amp;nc=0&amp;url=https:\/\/www.indapresskiado.hu\/products\/23-nagy-budapesti-ker-hat\" target=\"_blank\" rel=\"nofollow noopener\">MEGVESZEM<\/a><\/p>\n<p>    <img decoding=\"async\" src=\"https:\/\/www.europesays.com\/hu\/wp-content\/uploads\/2026\/09\/1788357731_129_redot.gif\"\/><\/p>\n<p>    <img decoding=\"async\" src=\"https:\/\/index.hu\/assets\/images\/social-follow\/logo-big.svg\" alt=\"Index.hu logo\"\/><\/p>\n<p>K\u00f6vesse az Indexet Facebookon is!<\/p>\n<p>    <a href=\"https:\/\/facebook.com\/Indexhu\" target=\"_blank\" rel=\"nofollow noopener\"><\/p>\n<p>        K\u00f6vetem!<br \/>\n    <\/a><\/p>\n","protected":false},"excerpt":{"rendered":"Csak az abszol\u00fat bajnokok kapnak d\u00edjat a budapesti atl\u00e9tikai vil\u00e1gd\u00f6nt\u0151n, ami \u00e9rem helyet egy k\u00fcl\u00f6n tr\u00f3fea lesz, \u201ehiszen&hellip;\n","protected":false},"author":2,"featured_media":230061,"comment_status":"","ping_status":"","sticky":false,"template":"","format":"standard","meta":{"footnotes":"","_share_on_mastodon":"0"},"categories":[14],"tags":[3714,50835,73,32664,44,42,40,17893,43,41,59190,60910,45,131,1814,49957],"class_list":["post-230060","post","type-post","status-publish","format-standard","has-post-thumbnail","category-sport","tag-atletika","tag-atletikai-vilagdonto","tag-budapest","tag-erem","tag-hu","tag-hungarian","tag-hungary","tag-karkoto","tag-magyar","tag-magyarorszag","tag-nemzeti-atletikai-kozpont","tag-noah-lyles","tag-sport","tag-sports","tag-trofea","tag-zsivotzky-gyula-atletikai-kozpont"],"share_on_mastodon":{"url":"https:\/\/pubeurope.com\/@hu\/117201820058565420","error":""},"_links":{"self":[{"href":"https:\/\/www.europesays.com\/hu\/wp-json\/wp\/v2\/posts\/230060","targetHints":{"allow":["GET"]}}],"collection":[{"href":"https:\/\/www.europesays.com\/hu\/wp-json\/wp\/v2\/posts"}],"about":[{"href":"https:\/\/www.europesays.com\/hu\/wp-json\/wp\/v2\/types\/post"}],"author":[{"embeddable":true,"href":"https:\/\/www.europesays.com\/hu\/wp-json\/wp\/v2\/users\/2"}],"replies":[{"embeddable":true,"href":"https:\/\/www.europesays.com\/hu\/wp-json\/wp\/v2\/comments?post=230060"}],"version-history":[{"count":0,"href":"https:\/\/www.europesays.com\/hu\/wp-json\/wp\/v2\/posts\/230060\/revisions"}],"wp:featuredmedia":[{"embeddable":true,"href":"https:\/\/www.europesays.com\/hu\/wp-json\/wp\/v2\/media\/230061"}],"wp:attachment":[{"href":"https:\/\/www.europesays.com\/hu\/wp-json\/wp\/v2\/media?parent=230060"}],"wp:term":[{"taxonomy":"category","embeddable":true,"href":"https:\/\/www.europesays.com\/hu\/wp-json\/wp\/v2\/categories?post=230060"},{"taxonomy":"post_tag","embeddable":true,"href":"https:\/\/www.europesays.com\/hu\/wp-json\/wp\/v2\/tags?post=230060"}],"curies":[{"name":"wp","href":"https:\/\/api.w.org\/{rel}","templated":true}]}}