{"id":230074,"date":"2026-09-02T14:15:07","date_gmt":"2026-09-02T14:15:07","guid":{"rendered":"https:\/\/www.europesays.com\/hu\/230074\/"},"modified":"2026-09-02T14:15:07","modified_gmt":"2026-09-02T14:15:07","slug":"majka-a-szijjarto-fotorol-o-osztotta-meg-en-sosem-tettem-ki-sehova","status":"publish","type":"post","link":"https:\/\/www.europesays.com\/hu\/230074\/","title":{"rendered":"Majka a Szijj\u00e1rt\u00f3-fot\u00f3r\u00f3l: \u0150 osztotta meg, \u00e9n sosem tettem ki sehova"},"content":{"rendered":"<p>Majka\u00a0a\u00a0J\u00f3lvanez\u00edgy\u00a0YouTube-csatorna vend\u00e9ge volt, \u00e9s a m\u0171sorban egyebek mellett arr\u00f3l <a target=\"_blank\" href=\"https:\/\/www.youtube.com\/watch?v=_MypGhC_FGg\" rel=\"nofollow noopener\">besz\u00e9lt<\/a>, hogy nagyon zavarja, ha valaki az \u0151szintes\u00e9g\u00e9t k\u00e9rd\u0151jelezi meg, vagy napraforg\u00f3k\u00e9nt hivatkozik r\u00e1. Nagy \u00c1d\u00e1m m\u0171sorvezet\u0151 szerint ut\u00f3bbi az el\u0151ad\u00f3 Szijj\u00e1rt\u00f3 P\u00e9terrel\u00a0k\u00f6z\u00f6s, <a target=\"_blank\" href=\"https:\/\/24.hu\/kultura\/2021\/04\/20\/majka-szijjarto-peter-kozos-foto-koronavirus\/\" rel=\"nofollow noopener\">2021-es k\u00e9pe<\/a> miatt mer\u00fcl fel \u00fajra \u00e9s \u00fajra.<\/p>\n<p>\u00c9n sosem osztottam meg a Szijj\u00e1rt\u00f3 posztj\u00e1t, \u0151 osztotta meg. \u00c9n ezt sosem tettem ki sehova. Beleszaladtunk abba, hogy \u0151k ebb\u0151l politikai h\u00edrver\u00e9st csin\u00e1ltak. Tanultunk bel\u0151le<\/p>\n<p>\u2013 fogalmazott Majka, aki egy\u00e9bk\u00e9nt kor\u00e1bban elmondta, hogy <a target=\"_blank\" href=\"https:\/\/24.hu\/belfold\/2021\/04\/20\/majka-majoros-peter-szijjarto-peter\/\" rel=\"nofollow noopener\">a zeneipar helyzet\u00e9r\u0151l besz\u00e9lgettek<\/a> az akkori k\u00fcl\u00fcgyminiszterrel. \u201eElmondtam neki, hogy \u00e9n hogy l\u00e1ttam az elm\u00falt egy \u00e9vet, \u00e9s szerintem hogyan lehetne seg\u00edteni ennek az ipar\u00e1gnak, ami neh\u00e9z helyzetbe ker\u00fclt a j\u00e1rv\u00e1ny miatt\u201d \u2013 nyilatkozta akkor a rapper.<\/p>\n<p>\u00d6t \u00e9v t\u00e1vlat\u00e1b\u00f3l \u00edgy l\u00e1tja az ennek nyom\u00e1n kialakult botr\u00e1nyt:<\/p>\n<p>Van ilyen, hogy amikor elindulsz, hogy j\u00f3t t\u00e9gy, azt gondolod, hogy majd tudsz seg\u00edteni vagy valami olyan dolgot csin\u00e1lni, ami t\u00e9nyleg sz\u00e1m\u00edt, \u00e9s akkor ut\u00e1na beleszaladsz egy ilyen pofonba. Szerintem ez j\u00f3 tanul\u00e1s volt.<\/p>\n<p>Visszamenne a TV2-h\u00f6z?<\/p>\n<p>Nagy azt is megk\u00e9rdezte Majk\u00e1t\u00f3l, hogy a TV2-t\u0151l pr\u00f3b\u00e1lt\u00e1k-e visszacs\u00e1b\u00edtani, miut\u00e1n h\u00e1rom \u00e9ve <a target=\"_blank\" href=\"https:\/\/24.hu\/elet-stilus\/2024\/07\/29\/majka-rtl-visszateres-a-legeslegeslegjobb-dontes-volt-az-utobbi-evekben\/\" rel=\"nofollow noopener\">\u00e1tigazolt az RTL-hez<\/a>.<\/p>\n<p>Ha pr\u00f3b\u00e1ltak volna, se besz\u00e9ln\u00e9k r\u00f3la, mert nem mentem, \u00e9s nem is fogok<\/p>\n<p>\u2013 j\u00f6tt a v\u00e1lasz.<\/p>\n","protected":false},"excerpt":{"rendered":"Majka\u00a0a\u00a0J\u00f3lvanez\u00edgy\u00a0YouTube-csatorna vend\u00e9ge volt, \u00e9s a m\u0171sorban egyebek mellett arr\u00f3l besz\u00e9lt, hogy nagyon zavarja, ha valaki az \u0151szintes\u00e9g\u00e9t k\u00e9rd\u0151jelezi&hellip;\n","protected":false},"author":2,"featured_media":230075,"comment_status":"","ping_status":"","sticky":false,"template":"","format":"standard","meta":{"footnotes":"","_share_on_mastodon":"0"},"categories":[16],"tags":[137,44,42,40,43,41,2260,57,138],"class_list":["post-230074","post","type-post","status-publish","format-standard","has-post-thumbnail","category-szorakozas","tag-entertainment","tag-hu","tag-hungarian","tag-hungary","tag-magyar","tag-magyarorszag","tag-majka","tag-szijjarto-peter","tag-szorakozas"],"share_on_mastodon":{"url":"https:\/\/pubeurope.com\/@hu\/117201871056693770","error":""},"_links":{"self":[{"href":"https:\/\/www.europesays.com\/hu\/wp-json\/wp\/v2\/posts\/230074","targetHints":{"allow":["GET"]}}],"collection":[{"href":"https:\/\/www.europesays.com\/hu\/wp-json\/wp\/v2\/posts"}],"about":[{"href":"https:\/\/www.europesays.com\/hu\/wp-json\/wp\/v2\/types\/post"}],"author":[{"embeddable":true,"href":"https:\/\/www.europesays.com\/hu\/wp-json\/wp\/v2\/users\/2"}],"replies":[{"embeddable":true,"href":"https:\/\/www.europesays.com\/hu\/wp-json\/wp\/v2\/comments?post=230074"}],"version-history":[{"count":0,"href":"https:\/\/www.europesays.com\/hu\/wp-json\/wp\/v2\/posts\/230074\/revisions"}],"wp:featuredmedia":[{"embeddable":true,"href":"https:\/\/www.europesays.com\/hu\/wp-json\/wp\/v2\/media\/230075"}],"wp:attachment":[{"href":"https:\/\/www.europesays.com\/hu\/wp-json\/wp\/v2\/media?parent=230074"}],"wp:term":[{"taxonomy":"category","embeddable":true,"href":"https:\/\/www.europesays.com\/hu\/wp-json\/wp\/v2\/categories?post=230074"},{"taxonomy":"post_tag","embeddable":true,"href":"https:\/\/www.europesays.com\/hu\/wp-json\/wp\/v2\/tags?post=230074"}],"curies":[{"name":"wp","href":"https:\/\/api.w.org\/{rel}","templated":true}]}}