{"id":230085,"date":"2026-09-02T14:22:09","date_gmt":"2026-09-02T14:22:09","guid":{"rendered":"https:\/\/www.europesays.com\/hu\/230085\/"},"modified":"2026-09-02T14:22:09","modified_gmt":"2026-09-02T14:22:09","slug":"orban-is-listara-kerulhet-akar-elovezetessel-is-johet-a-kegyelmi-ugy-meghallgatasa","status":"publish","type":"post","link":"https:\/\/www.europesays.com\/hu\/230085\/","title":{"rendered":"\u201eOrb\u00e1n is list\u00e1ra ker\u00fclhet\u201d \u2013 ak\u00e1r el\u0151vezet\u00e9ssel is j\u00f6het a kegyelmi \u00fcgy meghallgat\u00e1sa"},"content":{"rendered":"<p data-alignment=\"left\" class=\"text-left\" data-block-key=\"9ucd1\">El\u0151sz\u00f6r \u00fcl \u00f6ssze a Kegyelmi Botr\u00e1ny Felel\u0151seit Felt\u00e1r\u00f3 Vizsg\u00e1l\u00f3bizotts\u00e1g. A Tisza-frakci\u00f3 kezdem\u00e9nyez\u00e9s\u00e9re l\u00e9trehozott parlamenti test\u00fclet feladata annak felt\u00e1r\u00e1sa, hogyan sz\u00fcletett meg 2023-ban az a kegyelmi d\u00f6nt\u00e9s, amelynek k\u00f6vetkezt\u00e9ben K. Endre mentes\u00fclt a r\u00e1 kiszabott b\u00fcntet\u00e9s h\u00e1tral\u00e9v\u0151 r\u00e9sz\u00e9nek let\u00f6lt\u00e9se al\u00f3l.<\/p>\n<p data-alignment=\"left\" class=\"text-left\" data-block-key=\"9ucd1\">A bizotts\u00e1g eln\u00f6ke, Schummer Orsolya a test\u00fclet alakul\u00f3 \u00fcl\u00e9se el\u0151tt azt mondta, az \u00fcgyben nem szeretn\u00e9nek meg\u00e1llni a m\u00e1r ismert szerepl\u0151kn\u00e9l \u00e9s az eddigi dokumentumokn\u00e1l. A d\u00f6nt\u00e9s el\u0151k\u00e9sz\u00edt\u00e9s\u00e9t, a miniszteri ellenjegyz\u00e9st \u00e9s az azokhoz kapcsol\u00f3d\u00f3 folyamatot is megvizsg\u00e1lj\u00e1k.<\/p>\n<p>  <a rel=\"noopener nofollow\" href=\"https:\/\/indamediasales.hu\/2019\/06\/25\/quality_placement_minosegbiztositasi_tajekoztato_728\" target=\"_blank\" class=\"flex items-center\"><\/p>\n<p>      <img loading=\"lazy\" decoding=\"async\" src=\"https:\/\/www.economx.hu\/neon\/static\/images\/brand\/quality_placement_logo.svg\" alt=\"Quality Placement\" width=\"150\" height=\"15\"\/><\/p>\n<p>  <\/a><\/p>\n<p>\n  hirdet\u00e9s<\/p>\n<p>    X<\/p>\n<p data-alignment=\"left\" class=\"text-left\" data-block-key=\"9ucd1\">A meghallgat\u00e1sok n\u00e9h\u00e1ny h\u00e9ten bel\u00fcl elkezd\u0151dhetnek. Schummer k\u00f6z\u00f6lte, hogy els\u0151 k\u00f6rben Nov\u00e1k Katalin volt k\u00f6zt\u00e1rsas\u00e1gi eln\u00f6k \u00e9s Balog Zolt\u00e1n reform\u00e1tus p\u00fcsp\u00f6k, kor\u00e1bbi miniszter meghallgat\u00e1s\u00e1t fogja javasolni.<\/p>\n<p data-alignment=\"left\" class=\"text-left\" data-block-key=\"9ucd1\">K\u00e9rd\u00e9sre v\u00e1laszolva arr\u00f3l is besz\u00e9lt, hogy<\/p>\n<p>\n          Orb\u00e1n Viktor is list\u00e1ra ker\u00fclhet.\n        <\/p>\n<p data-alignment=\"left\" class=\"text-left\" data-block-key=\"9ucd1\">A bizotts\u00e1g eln\u00f6ke szerint azt kell megvizsg\u00e1lniuk, hogy az iratok \u00e9s a meghallgat\u00e1sok alapj\u00e1n kiknek lehetett szerep\u00fck a d\u00f6nt\u00e9sben. Ha a vizsg\u00e1lat sor\u00e1n olyan inform\u00e1ci\u00f3k ker\u00fclnek el\u0151, amelyek ezt indokolj\u00e1k, a volt minisztereln\u00f6k meghallgat\u00e1sa sem kiz\u00e1rt.<\/p>\n<p>      P\u00e9nzb\u00edrs\u00e1g \u00e9s ak\u00e1r el\u0151vezet\u00e9s is j\u00f6het<\/p>\n<p data-alignment=\"left\" class=\"text-left\" data-block-key=\"3t62n\">A parlament m\u00e1jus v\u00e9g\u00e9n d\u00f6nt\u00f6tt a Kegyelmi Botr\u00e1ny Felel\u0151seit Felt\u00e1r\u00f3 Vizsg\u00e1l\u00f3bizotts\u00e1g l\u00e9trehoz\u00e1s\u00e1r\u00f3l. A test\u00fclet munk\u00e1ja el\u0151tt a parlament olyan szab\u00e1lyokat is elfogadott, amelyek a vizsg\u00e1l\u00f3bizotts\u00e1gok sz\u00e1m\u00e1ra er\u0151sebb <a href=\"https:\/\/www.economx.hu\/belfold\/2026\/05\/20\/buntetes-orszaggyulesi-vizsgalobizottsagok-tisza-part\/\" target=\"_blank\" rel=\" noopener noreferrer nofollow\">eszk\u00f6z\u00f6ket<\/a> biztos\u00edtanak.<\/p>\n<p data-alignment=\"left\" class=\"text-left\" data-block-key=\"14dib\">A beid\u00e9zett szem\u00e9lyeknek meg kell jelenni\u00fck a meghallgat\u00e1son. Ha ezt megtagadj\u00e1k, p\u00e9nzb\u00edrs\u00e1ggal s\u00fajthatj\u00e1k \u0151ket, sz\u00fcks\u00e9g eset\u00e9n pedig el\u0151vezet\u00e9sre is sor ker\u00fclhet.<\/p>\n<p>                <img loading=\"lazy\" decoding=\"async\" alt=\"\" class=\"w-full h-full object-cover\" height=\"278\"  src=\"https:\/\/www.europesays.com\/hu\/wp-content\/uploads\/2026\/09\/D_MTZ20260902026.2e16d0ba.format-jpeg.fill-370x278.jpg\"  width=\"370\"\/><\/p>\n<p>\n          Schummer Orsolya, a Tisza P\u00e1rt frakci\u00f3vezet\u00f5-helyettese, a kegyelmi botr\u00e1ny felel\u00f5seit felt\u00e1r\u00f3 vizsg\u00e1l\u00f3bizotts\u00e1g eln\u00f6ke a bizotts\u00e1g alakul\u00f3 \u00fcl\u00e9se el\u00f5tti a p\u00e1rt sajt\u00f3t\u00e1j\u00e9koztat\u00f3n az Orsz\u00e1gh\u00e1z Miksz\u00e1th K\u00e1lm\u00e1n term\u00e9ben 2026. szeptember 2-\u00e1n.\n        <\/p>\n<p>    Fot\u00f3: MTI\/MTVA \/ M\u00e1th\u00e9 Zolt\u00e1n<\/p>\n<p data-alignment=\"left\" class=\"text-left\" data-block-key=\"9ucd1\">Schummer Orsolya szerint minden \u00fcl\u00e9st nyilv\u00e1nosan tartanak. A bizotts\u00e1g dokumentumokat k\u00e9rhet be az \u00e9rintett miniszt\u00e9riumokt\u00f3l \u00e9s int\u00e9zm\u00e9nyekt\u0151l, \u00e9s szem\u00e9lyesen is meghallgathatja azokat, akik r\u00e9szt vettek a kegyelmi \u00fcgy int\u00e9z\u00e9s\u00e9ben.<\/p>\n<p data-alignment=\"left\" class=\"text-left\" data-block-key=\"9ucd1\">A bizotts\u00e1g eln\u00f6ke szerint a vizsg\u00e1lat nem K. Endre b\u00edr\u00f3s\u00e1gi \u00fcgy\u00e9nek \u00fajrat\u00e1rgyal\u00e1s\u00e1ra szolg\u00e1l. Azt akarj\u00e1k felt\u00e1rni, hogyan jutott el a kegyelmi k\u00e9relem a k\u00f6zt\u00e1rsas\u00e1gi eln\u00f6kig, kik foglalkoztak vele, milyen v\u00e9lem\u00e9nyek sz\u00fclettek, \u00e9s hogyan v\u00e1ltozott meg az eredeti javaslat.<\/p>\n<p data-alignment=\"left\" class=\"text-left\" data-block-key=\"9ucd1\">Schummer szerint l\u00e1that\u00f3lag volt egy olyan inform\u00e1lis lobbih\u00e1l\u00f3zat, amely hat\u00e1ssal lehetett a d\u00f6nt\u00e9sre.<\/p>\n<p>\n          Nov\u00e1k Katalin minden ismert szakmai \u00e9s tan\u00e1csad\u00f3i v\u00e9lem\u00e9ny ellen\u00e9re adott kegyelmet, \u00edgy joggal felt\u00e9telezhetj\u00fck, hogy valamif\u00e9le inform\u00e1lis lobbi h\u00faz\u00f3dik a d\u00f6nt\u00e9shozatal h\u00e1tter\u00e9ben\n        <\/p>\n<p data-alignment=\"left\" class=\"text-left\" data-block-key=\"9ucd1\">\u2013 mondta.<\/p>\n<p data-alignment=\"left\" class=\"text-left\" data-block-key=\"9ucd1\">A tisz\u00e1s politikus szerint a vizsg\u00e1lat id\u0151beli keretei sem sz\u0171k\u00fclnek le a 2023-as kegyelmi d\u00f6nt\u00e9sre. A test\u00fclet azt is megn\u00e9zi, hogyan maradhatott hossz\u00fa id\u0151n kereszt\u00fcl a gyermekv\u00e9delmi rendszerben V. J\u00e1nos, a bicskei gyermekotthon kor\u00e1bbi igazgat\u00f3ja.<\/p>\n<p data-alignment=\"left\" class=\"text-left\" data-block-key=\"9ucd1\">Schummer felid\u00e9zte: V. J\u00e1nosr\u00f3l kor\u00e1bban t\u00f6bb jelz\u00e9s is \u00e9rkezett, ennek ellen\u00e9re a poz\u00edci\u00f3j\u00e1ban maradt, s\u0151t kit\u00fcntet\u00e9st is kapott.<\/p>\n<p data-alignment=\"left\" class=\"text-left\" data-block-key=\"9ucd1\">A bizotts\u00e1g eln\u00f6ke szerint Orb\u00e1n Viktor kor\u00e1bban seg\u00edtette V. J\u00e1nos \u00f6nkorm\u00e1nyzati kamp\u00e1ny\u00e1t, \u00e9s szerinte legk\u00e9s\u0151bb a 2000-es \u00e9vek elej\u00e9re kialakulhatott az a politikai kapcsolatrendszer, amely hozz\u00e1j\u00e1rulhatott ahhoz, hogy V. J\u00e1nos a gyermekv\u00e9delmi rendszerben maradjon.<\/p>\n<p data-alignment=\"left\" class=\"text-left\" data-block-key=\"9ucd1\">Schummer azt is mondta: felt\u00e9telezhet\u0151, hogy ez a politikai \u00e9s inform\u00e1lis kapcsolatrendszer K. Endre \u00fcgy\u00e9ben is szerepet j\u00e1tszhatott. Ennek tiszt\u00e1z\u00e1s\u00e1ra azonban \u00e9ppen a most indul\u00f3 vizsg\u00e1lat szolg\u00e1l.<\/p>\n<p>      M\u00e9g ezen a h\u00e9ten elkezd\u0151dhet az iratok bek\u00e9r\u00e9se<\/p>\n<p data-alignment=\"left\" class=\"text-left\" data-block-key=\"6pndq\">A szerdai alakul\u00f3 \u00fcl\u00e9sen m\u00e9g nem a tan\u00fameghallgat\u00e1sokkal kezd\u0151dik a munka. A bizotts\u00e1g elfogadja az \u00fcgyrendj\u00e9t \u00e9s a munkaterv\u00e9t, valamint meghat\u00e1rozza, milyen dokumentumokat k\u00e9r be els\u0151 k\u00f6rben.<\/p>\n<p data-alignment=\"left\" class=\"text-left\" data-block-key=\"l7co\">Schummer szerint az \u00fcgyrendi \u00e9s munkatervi javaslatot m\u00e1r el\u0151zetesen megkapt\u00e1k az ellenz\u00e9ki k\u00e9pvisel\u0151k is. Nov\u00e1k El\u0151d \u00edr\u00e1sban tett m\u00f3dos\u00edt\u00f3 javaslatokat, ezeket az alakul\u00f3 \u00fcl\u00e9sen megvitatj\u00e1k. Zsig\u00f3 R\u00f3bert, a Fidesz k\u00e9pvisel\u0151je el\u0151zetesen nem jelzett m\u00f3dos\u00edt\u00e1si sz\u00e1nd\u00e9kot.<\/p>\n<p data-alignment=\"left\" class=\"text-left\" data-block-key=\"9ucd1\">Ha az \u00fcl\u00e9sen elfogadj\u00e1k a terveket, a bizotts\u00e1g titk\u00e1rs\u00e1ga m\u00e1r ezen a h\u00e9ten elk\u00fcldheti az els\u0151 iratbek\u00e9r\u0151 leveleket.<\/p>\n<p data-alignment=\"left\" class=\"text-left\" data-block-key=\"b10v0\">A test\u00fclet t\u00f6bbek k\u00f6z\u00f6tt a kegyelmi felterjeszt\u00e9sek, az indokl\u00e1sok, a miniszteri ellenjegyz\u00e9shez kapcsol\u00f3d\u00f3 dokumentumok \u00e9s a d\u00f6nt\u00e9s el\u0151k\u00e9sz\u00edt\u00e9s\u00e9ben r\u00e9szt vev\u0151 szerepl\u0151k anyagai ir\u00e1nt \u00e9rdekl\u0151dik.<\/p>\n<p data-alignment=\"left\" class=\"text-left\" data-block-key=\"5h3ee\">Schummer szerint a k\u00e9s\u0151bbiekben<\/p>\n<p data-alignment=\"left\" class=\"text-left\" data-block-key=\"v1a8x\">volt minisztereket, eln\u00f6ki tan\u00e1csad\u00f3kat, miniszt\u00e9riumi f\u0151oszt\u00e1lyvezet\u0151ket \u00e9s kor\u00e1bbi korm\u00e1nyzati tiszts\u00e9gvisel\u0151ket is meghallgathatnak.<\/p>\n<p>      Nov\u00e1k kegyelmet adott, noha a szakmai v\u00e9lem\u00e9nyek ezt nem t\u00e1mogatt\u00e1k<\/p>\n<p data-alignment=\"left\" class=\"text-left\" data-block-key=\"p4g3\">A vizsg\u00e1lat egyik f\u0151 k\u00e9rd\u00e9se az lehet, hogy mi\u00e9rt d\u00f6nt\u00f6tt Nov\u00e1k Katalin a kegyelem <a href=\"https:\/\/www.economx.hu\/belfold\/2026\/05\/19\/hogyan-zajlik-egy-kegyelmi-dontes-bemutatjuk-a-teljes-folyamatot\/\" target=\"_blank\" rel=\" noopener noreferrer nofollow\">megad\u00e1sa<\/a> mellett.<\/p>\n<p data-alignment=\"left\" class=\"text-left\" data-block-key=\"42enr\">A 2026 m\u00e1jus\u00e1ban nyilv\u00e1noss\u00e1gra hozott dokumentumok szerint az Igazs\u00e1g\u00fcgyi Miniszt\u00e9rium Kegyelmi F\u0151oszt\u00e1lya nem t\u00e1mogatta K. Endre k\u00e9relm\u00e9t. R\u00e9p\u00e1ssy R\u00f3bert akkori \u00e1llamtitk\u00e1r szint\u00e9n az elutas\u00edt\u00e1st javasolta.<\/p>\n<p data-alignment=\"left\" class=\"text-left\" data-block-key=\"9ucd1\">A S\u00e1ndor-palota \u00e1ltal <a href=\"https:\/\/www.economx.hu\/belfold\/2026\/08\/06\/kozerdeku-adatigenyles-kegyelmi-ugyek-sandor-palota\/\" target=\"_blank\" rel=\" noopener noreferrer nofollow\">k\u00f6zz\u00e9tett<\/a> iratokb\u00f3l pedig az der\u00fclt ki, hogy az \u00e1llamf\u0151 hivatal\u00e1nak Alkotm\u00e1nyoss\u00e1gi \u00e9s Jogi Igazgat\u00f3s\u00e1ga is elutas\u00edt\u00f3 javaslatot k\u00e9sz\u00edtett.<\/p>\n<p data-alignment=\"left\" class=\"text-left\" data-block-key=\"3u2ka\">A 2023. \u00e1prilis 24-\u00e9n k\u00e9sz\u00fclt feljegyz\u00e9s k\u00e9tf\u00e9le d\u00f6nt\u00e9si v\u00e1ltozatot tartalmazott: egy elutas\u00edt\u00f3t \u00e9s egy kegyelmet enged\u00e9lyez\u0151t. Maga a feljegyz\u00e9s az elutas\u00edt\u00e1st javasolta.<\/p>\n<p data-alignment=\"left\" class=\"text-left\" data-block-key=\"v1a8x\">Nov\u00e1k Katalin \u00e1prilis 27-\u00e9n valami\u00e9rt m\u00e9gis a kegyelmet megad\u00f3 hat\u00e1rozatot \u00edrta al\u00e1.<\/p>\n<p data-alignment=\"left\" class=\"text-left\" data-block-key=\"9ucd1\">A S\u00e1ndor-palota dokumentuma szerint a szok\u00e1sos elj\u00e1r\u00e1srendt\u0151l elt\u00e9r\u0151en az al\u00e1\u00edrt hat\u00e1rozat nem ker\u00fclt vissza az igazgat\u00f3s\u00e1ghoz. Az ott dolgoz\u00f3k csak k\u00e9s\u0151bb, az igazs\u00e1g\u00fcgyi miniszteri ellenjegyz\u00e9sb\u0151l \u00e9rtes\u00fcltek arr\u00f3l, hogy az \u00e1llamf\u0151 a javaslattal ellent\u00e9tes d\u00f6nt\u00e9st hozott.<\/p>\n<p data-alignment=\"left\" class=\"text-left\" data-block-key=\"9ucd1\">Az \u00fcgyiratban arra sincs magyar\u00e1zat, hogy mi\u00e9rt kapott kegyelmet K. Endre.<\/p>\n<p data-alignment=\"left\" class=\"text-left\" data-block-key=\"9ucd1\">Ez a k\u00e9rd\u00e9s t\u00f6bb mint k\u00e9t \u00e9vvel a botr\u00e1ny kirobban\u00e1sa ut\u00e1n is megv\u00e1laszolatlan. Erre pedig alighanem csak a volt k\u00f6zt\u00e1rsas\u00e1gi eln\u00f6k tud v\u00e1laszolni<\/p>\n<p>      Innen indult<\/p>\n<p data-alignment=\"left\" class=\"text-left\" data-block-key=\"15ll9\">K. Endre a bicskei gyermekotthon kor\u00e1bbi igazgat\u00f3helyettese volt. A b\u00edr\u00f3s\u00e1g szerint seg\u00edtett eltussolni az int\u00e9zm\u00e9ny igazgat\u00f3ja, V. J\u00e1nos \u00e1ltal elk\u00f6vetett szexu\u00e1lis b\u0171ncselekm\u00e9nyeket, \u00e9s nyom\u00e1st gyakorolt az egyik \u00e1ldozatra.<\/p>\n<p data-alignment=\"left\" class=\"text-left\" data-block-key=\"373si\">K. Endr\u00e9t joger\u0151sen el\u00edt\u00e9lt\u00e9k. Nov\u00e1k Katalin 2023-ban, a p\u00e1pal\u00e1togat\u00e1shoz kapcsol\u00f3d\u00f3 kegyelmi d\u00f6nt\u00e9sek egyikek\u00e9nt mentes\u00edtette a b\u00fcntet\u00e9s h\u00e1tral\u00e9v\u0151 r\u00e9sz\u00e9nek let\u00f6lt\u00e9se al\u00f3l.<\/p>\n<p data-alignment=\"left\" class=\"text-left\" data-block-key=\"270oq\">Az \u00fcgy 2024 febru\u00e1rj\u00e1ban ker\u00fclt a nyilv\u00e1noss\u00e1g el\u00e9, miut\u00e1n egy b\u00edr\u00f3s\u00e1gi d\u00f6nt\u00e9st ismertet\u0151 cikkb\u0151l kider\u00fclt, hogy az \u00e1llamf\u0151 kegyelmet adott K. Endr\u00e9nek.<\/p>\n<p data-alignment=\"left\" class=\"text-left\" data-block-key=\"9ucd1\">A botr\u00e1ny n\u00e9h\u00e1ny nap alatt az Orb\u00e1n-korm\u00e1ny legs\u00falyosabb probl\u00e9m\u00e1j\u00e1v\u00e1 v\u00e1lt. Nov\u00e1k Katalin lemondott a k\u00f6zt\u00e1rsas\u00e1gi eln\u00f6ki tiszts\u00e9gr\u0151l, Varga Judit pedig t\u00e1vozott az igazs\u00e1g\u00fcgyi miniszteri posztr\u00f3l \u00e9s visszavonult a k\u00f6z\u00e9lett\u0151l. Varga Judit volt az, aki miniszterk\u00e9nt ellenjegyezte Nov\u00e1k kegyelmi d\u00f6nt\u00e9s\u00e9t.<\/p>\n<p data-alignment=\"left\" class=\"text-left\" data-block-key=\"b0tlo\">A kegyelmi \u00fcgy Balog Zolt\u00e1n szerep\u00e9t is a figyelem k\u00f6z\u00e9ppontj\u00e1ba \u00e1ll\u00edtotta. A volt hum\u00e1nminiszter k\u00e9s\u0151bb maga is elismerte, hogy k\u00f6zbenj\u00e1rt K. Endre \u00fcgy\u00e9ben Nov\u00e1k Katalinn\u00e1l. A most indul\u00f3 vizsg\u00e1lat egyik k\u00e9rd\u00e9se az lehet, hogy pontosan milyen hat\u00e1ssal volt ez a k\u00f6zbenj\u00e1r\u00e1s a kegyelmi d\u00f6nt\u00e9sre.<\/p>\n<p>      A dokumentumok m\u00e9g nem adtak minden k\u00e9rd\u00e9sre v\u00e1laszt<\/p>\n<p data-alignment=\"left\" class=\"text-left\" data-block-key=\"60nld\">Az \u00faj korm\u00e1ny \u00e9s a S\u00e1ndor-palota \u00e1ltal az\u00f3ta nyilv\u00e1noss\u00e1gra hozott iratok b\u00e1r t\u00f6bb r\u00e9szletet tiszt\u00e1ztak a 2023-as elj\u00e1r\u00e1sb\u00f3l, de a l\u00e9nyeg tov\u00e1bbra sem v\u00e1lt nyilv\u00e1noss\u00e1,<\/p>\n<p data-alignment=\"left\" class=\"text-left\" data-block-key=\"v1a8x\">azaz, hogy mi indokolta Nov\u00e1k Katalin d\u00f6nt\u00e9s\u00e9t, ami v\u00e9g\u00fcl nemcsak a saj\u00e1t buk\u00e1s\u00e1t hozta, hanem r\u00e1seg\u00edtett a Fidesz-korm\u00e1ny komoly v\u00e1laszt\u00e1si veres\u00e9g\u00e9re is.<\/p>\n<p data-alignment=\"left\" class=\"text-left\" data-block-key=\"9ucd1\">Az els\u0151 nevek m\u00e1r megvannak: Schummer Orsolya Nov\u00e1k Katalin \u00e9s Balog Zolt\u00e1n meghallgat\u00e1s\u00e1t kezdem\u00e9nyezi.<\/p>\n<p data-alignment=\"left\" class=\"text-left\" data-block-key=\"4rvk2\">\u00c9s ha a vizsg\u00e1lat sor\u00e1n \u00fajabb nevek ker\u00fclnek el\u0151, akkor azokat is beid\u00e9zik, ha kell, ak\u00e1r Orb\u00e1n Viktort \u00e9s Varga Juditot is. Az \u00edg\u00e9retek szerint<\/p>\n<p data-alignment=\"left\" class=\"text-left\" data-block-key=\"24s7e\">tabuk n\u00e9lk\u00fcl vizsg\u00e1l\u00f3dnak majd.<\/p>\n<p><a href=\"https:\/\/google.com\/preferences\/source?q=https%3A\/\/www.economx.hu\" rel=\"noopener nofollow\" referrerpolicy=\"no-referrer-when-downgrade\" class=\"!flex !items-center !gap-5 !py-2 !px-3 w-full !rounded-xl !font-bold cursor-pointer !no-underline relative !bg-white !text-[#202124] !border !border-[#858585] dark:!bg-[#323232] dark:!text-white dark:border-none my-4 \" target=\"_blank\"><br \/>\n  <img decoding=\"async\" src=\"https:\/\/www.economx.hu\/neon\/static\/images\/favicons\/google_favicon.svg\" alt=\"Google\" class=\"shrink-0 w-7 h-7\"\/><br \/>\n  \u00c1ll\u00edtsd be, hogy az Economx az els\u0151k k\u00f6z\u00f6tt legyen a Google-tal\u00e1latokban!<\/p>\n<p><\/a><\/p>\n","protected":false},"excerpt":{"rendered":"El\u0151sz\u00f6r \u00fcl \u00f6ssze a Kegyelmi Botr\u00e1ny Felel\u0151seit Felt\u00e1r\u00f3 Vizsg\u00e1l\u00f3bizotts\u00e1g. A Tisza-frakci\u00f3 kezdem\u00e9nyez\u00e9s\u00e9re l\u00e9trehozott parlamenti test\u00fclet feladata annak felt\u00e1r\u00e1sa,&hellip;\n","protected":false},"author":2,"featured_media":230086,"comment_status":"","ping_status":"","sticky":false,"template":"","format":"standard","meta":{"footnotes":"","_share_on_mastodon":"0"},"categories":[33],"tags":[60913,38,35,37,44,42,40,34974,15517,60912,43,41,34,66,41398,36,23456,39,11839],"class_list":["post-230085","post","type-post","status-publish","format-standard","has-post-thumbnail","category-hirek","tag-balog_zoltan","tag-focimek","tag-headlines","tag-hirek","tag-hu","tag-hungarian","tag-hungary","tag-k-endre","tag-kegyelmi-ugy","tag-kegyelmi_dontes","tag-magyar","tag-magyarorszag","tag-news","tag-orban-viktor","tag-schummer-orsolya","tag-top-stories","tag-varga_judit","tag-vezeto-hirek","tag-vizsgalobizottsag"],"share_on_mastodon":{"url":"https:\/\/pubeurope.com\/@hu\/117201898591260240","error":""},"_links":{"self":[{"href":"https:\/\/www.europesays.com\/hu\/wp-json\/wp\/v2\/posts\/230085","targetHints":{"allow":["GET"]}}],"collection":[{"href":"https:\/\/www.europesays.com\/hu\/wp-json\/wp\/v2\/posts"}],"about":[{"href":"https:\/\/www.europesays.com\/hu\/wp-json\/wp\/v2\/types\/post"}],"author":[{"embeddable":true,"href":"https:\/\/www.europesays.com\/hu\/wp-json\/wp\/v2\/users\/2"}],"replies":[{"embeddable":true,"href":"https:\/\/www.europesays.com\/hu\/wp-json\/wp\/v2\/comments?post=230085"}],"version-history":[{"count":0,"href":"https:\/\/www.europesays.com\/hu\/wp-json\/wp\/v2\/posts\/230085\/revisions"}],"wp:featuredmedia":[{"embeddable":true,"href":"https:\/\/www.europesays.com\/hu\/wp-json\/wp\/v2\/media\/230086"}],"wp:attachment":[{"href":"https:\/\/www.europesays.com\/hu\/wp-json\/wp\/v2\/media?parent=230085"}],"wp:term":[{"taxonomy":"category","embeddable":true,"href":"https:\/\/www.europesays.com\/hu\/wp-json\/wp\/v2\/categories?post=230085"},{"taxonomy":"post_tag","embeddable":true,"href":"https:\/\/www.europesays.com\/hu\/wp-json\/wp\/v2\/tags?post=230085"}],"curies":[{"name":"wp","href":"https:\/\/api.w.org\/{rel}","templated":true}]}}