{"id":230122,"date":"2026-09-02T14:53:08","date_gmt":"2026-09-02T14:53:08","guid":{"rendered":"https:\/\/www.europesays.com\/hu\/230122\/"},"modified":"2026-09-02T14:53:08","modified_gmt":"2026-09-02T14:53:08","slug":"index-kultur-meglepo-bejelentest-tett-szabo-kimmel-tamas-komoly-valtozas-elott-all","status":"publish","type":"post","link":"https:\/\/www.europesays.com\/hu\/230122\/","title":{"rendered":"Index &#8211; Kult\u00far &#8211; Meglep\u0151 bejelent\u00e9st tett Szab\u00f3 Kimmel Tam\u00e1s, komoly v\u00e1ltoz\u00e1s el\u0151tt \u00e1ll"},"content":{"rendered":"<p>\u201eHosszas gondolkod\u00e1s-m\u00e9rlegel\u00e9s ut\u00e1n azt a d\u00f6nt\u00e9st hoztam, hogy ett\u0151l az \u00e9vadt\u00f3l megv\u00e1lok a Centr\u00e1l Sz\u00ednh\u00e1zas szerepeimt\u0151l, illetve tags\u00e1gomt\u00f3l\u201d \u2013 jelentette be Szab\u00f3 Kimmel Tam\u00e1s. A sz\u00edn\u00e9sz ezzel lez\u00e1r egy viszonylag r\u00f6vid fejezetet a p\u00e1ly\u00e1j\u00e1n, hiszen tavaly m\u00e9g arr\u00f3l besz\u00e9lt az Indexnek, hogy a Centr\u00e1lhoz szerz\u0151dve azt szeretn\u00e9 kipr\u00f3b\u00e1lni, tud-e \u00fajra k\u00f6t\u0151dni egy t\u00e1rsulathoz.<\/p>\n<p>                        Unatkozni nem fogunk<\/p>\n<p>Szab\u00f3 Kimmel Tam\u00e1s k\u00f6z\u00f6ss\u00e9gi oldal\u00e1n k\u00f6z\u00f6lte, hogy a most indul\u00f3 \u00e9vadt\u00f3l nem folytatja a munk\u00e1t a Centr\u00e1l Sz\u00ednh\u00e1z t\u00e1rsulati tagjak\u00e9nt, \u00e9s az ott j\u00e1tszott szerepeit\u0151l is megv\u00e1lik. D\u00f6nt\u00e9s\u00e9t hosszas m\u00e9rlegel\u00e9s el\u0151zte meg.<\/p>\n<p>K\u00f6sz\u00f6n\u00f6m a sz\u00ednh\u00e1z fantasztikus k\u00f6z\u00f6ns\u00e9g\u00e9nek a kitart\u00f3 figyelmet \u00e9s a k\u00f6z\u00f6s, fontos pillanatokat!<\/p>\n<p>A sz\u00edn\u00e9sz a folytat\u00e1sr\u00f3l is besz\u00e1molt: novembert\u0151l a 6SZ\u00cdN-ben lesz l\u00e1that\u00f3 Szalagkorl\u00e1t c\u00edm\u0171 standupj\u00e1val, emellett a Fl\u00f3dni \u00e9s a Szeretetkert improviz\u00e1ci\u00f3s el\u0151ad\u00e1saiban is szerepel. Az \u00e9vad m\u00e1sodik fel\u00e9re \u00faj monodr\u00e1m\u00e1val k\u00e9sz\u00fcl, \u00e9s egy \u00fajonnan alakul\u00f3 improviz\u00e1ci\u00f3s csapathoz is csatlakozik.<\/p>\n<p>Unatkozni nem fogunk!<\/p>\n<p>\u2013 \u00edrta Szab\u00f3 Kimmel Tam\u00e1s, aki most egy \u00faj, nemzetk\u00f6zi koprodukci\u00f3ban k\u00e9sz\u00fcl\u0151 dokumentumfilm forgat\u00e1s\u00e1ra vonul el, amelyre elmond\u00e1sa szerint m\u00e1r a ny\u00e1r eleje \u00f3ta k\u00e9sz\u00fcl.<\/p>\n<p>                        N\u00e9zz\u00fck meg<\/p>\n<p>Az Index 2025 szeptember\u00e9ben k\u00e9sz\u00edtett nagyinterj\u00fat a sz\u00edn\u00e9sszel. Akkor \u00e9ppen arr\u00f3l besz\u00e9lt, hogy a hossz\u00fa szabad\u00fasz\u00f3 id\u0151szak ut\u00e1n mit jelent sz\u00e1m\u00e1ra a Centr\u00e1l Sz\u00ednh\u00e1zhoz val\u00f3 csatlakoz\u00e1s.<\/p>\n<p>\u201eMost pedig leszerz\u0151dtem a Centr\u00e1l Sz\u00ednh\u00e1zhoz: n\u00e9zz\u00fck meg, tudok-e \u00fajra k\u00f6t\u0151dni\u201d \u2013 fogalmazott akkor. Egy \u00e9vvel k\u00e9s\u0151bb ez a t\u00e1rsulati id\u0151szak lez\u00e1rul, <a href=\"https:\/\/index.hu\/kultur\/2025\/09\/29\/szabo-kimmel-tamas-central-szinhaz-nemzeti-szinhaz-pinter-bela-unicef-tisza-part-karacsony-gergely-nagyinterju\/\" id=\"hyperlink_a1fd2d6c3b664376577466c5a84ecbc3\" target=\"_blank\" title=\"Szab\u00f3 Kimmel Tam\u00e1s: K\u00e9t kapcsol\u00f3d\u00e1som volt a magyar politik\u00e1hoz, meg is b\u00e1ntam\" data-recommendation=\"bekezdes_utan\" data-recommendation-preview=\"{&quot;og:title&quot;:&quot;Szab\u00f3 Kimmel Tam\u00e1s: K\u00e9t kapcsol\u00f3d\u00e1som volt a magyar politik\u00e1hoz, meg is b\u00e1ntam&quot;,&quot;og:description&quot;:&quot;A Centr\u00e1lhoz szerz\\u0151d\\u0151 sz\u00edn\u00e9sz besz\u00e9l Vidny\u00e1nszky Attil\u00e1r\u00f3l, a sz\u00ednh\u00e1zi klikkekr\\u0151l, a Tisza P\u00e1rtr\u00f3l \u00e9s Kar\u00e1csony Gergelyr\\u0151l is. Nagyinterj\u00fa.&quot;,&quot;og:image&quot;:&quot;\\\/\\\/kep.cdn.indexvas.hu\\\/1\\\/0\\\/6494\\\/64942\\\/649427\\\/64942701_4791101_cda312efd7e2c3c789595e254d53f8e4_wm.jpg&quot;}\" data-recommendation-id=\"6079783\" rel=\"nofollow noopener\">Szab\u00f3 Kimmel Tam\u00e1s<\/a> pedig ism\u00e9t t\u00f6bb, egym\u00e1st\u00f3l f\u00fcggetlen produkci\u00f3ban folytatja p\u00e1ly\u00e1j\u00e1t.<\/p>\n<p>\n                          (Bor\u00edt\u00f3k\u00e9p: Szab\u00f3 Kimmel Tam\u00e1s 2025. szeptember 20-\u00e1n. Fot\u00f3: Kasz\u00e1s Tam\u00e1s \/ Index)\n                        <\/p>\n<p><a href=\"https:\/\/dex.hu\/x.php?id=googlepref_desktop&amp;url=https:\/\/google.com\/preferences\/source?q=https:\/\/index.hu\" class=\"google-pref-banner \" id=\"googlePrefBanner\" rel=\"nofollow noopener\" target=\"_blank\"><\/p>\n<p>    Itt \u00e1ll\u00edtsa be, hogy az Index az els\u0151k k\u00f6z\u00f6tt legyen a Google-tal\u00e1latokban!<\/p>\n<p><\/a><\/p>\n<p>    <img decoding=\"async\" src=\"https:\/\/index.hu\/assets\/images\/social-follow\/logo-big.svg\" alt=\"Index.hu logo\"\/><\/p>\n<p>K\u00f6vesse az Indexet Facebookon is!<\/p>\n<p>    <a href=\"https:\/\/facebook.com\/Indexhu\" target=\"_blank\" rel=\"nofollow noopener\"><\/p>\n<p>        K\u00f6vetem!<br \/>\n    <\/a><\/p>\n","protected":false},"excerpt":{"rendered":"\u201eHosszas gondolkod\u00e1s-m\u00e9rlegel\u00e9s ut\u00e1n azt a d\u00f6nt\u00e9st hoztam, hogy ett\u0151l az \u00e9vadt\u00f3l megv\u00e1lok a Centr\u00e1l Sz\u00ednh\u00e1zas szerepeimt\u0151l, illetve tags\u00e1gomt\u00f3l\u201d&hellip;\n","protected":false},"author":2,"featured_media":230123,"comment_status":"","ping_status":"","sticky":false,"template":"","format":"standard","meta":{"footnotes":"","_share_on_mastodon":"0"},"categories":[21],"tags":[657,198,1854,137,199,44,42,40,150,43,41,1857,144,1650,138],"class_list":["post-230122","post","type-post","status-publish","format-standard","has-post-thumbnail","category-hiressegek","tag-bejelentes","tag-celebrities","tag-central-szinhaz","tag-entertainment","tag-hiressegek","tag-hu","tag-hungarian","tag-hungary","tag-kultur","tag-magyar","tag-magyarorszag","tag-szabo-kimmel-tamas","tag-szinesz","tag-szinhaz","tag-szorakozas"],"share_on_mastodon":{"url":"https:\/\/pubeurope.com\/@hu\/117202020231955573","error":""},"_links":{"self":[{"href":"https:\/\/www.europesays.com\/hu\/wp-json\/wp\/v2\/posts\/230122","targetHints":{"allow":["GET"]}}],"collection":[{"href":"https:\/\/www.europesays.com\/hu\/wp-json\/wp\/v2\/posts"}],"about":[{"href":"https:\/\/www.europesays.com\/hu\/wp-json\/wp\/v2\/types\/post"}],"author":[{"embeddable":true,"href":"https:\/\/www.europesays.com\/hu\/wp-json\/wp\/v2\/users\/2"}],"replies":[{"embeddable":true,"href":"https:\/\/www.europesays.com\/hu\/wp-json\/wp\/v2\/comments?post=230122"}],"version-history":[{"count":0,"href":"https:\/\/www.europesays.com\/hu\/wp-json\/wp\/v2\/posts\/230122\/revisions"}],"wp:featuredmedia":[{"embeddable":true,"href":"https:\/\/www.europesays.com\/hu\/wp-json\/wp\/v2\/media\/230123"}],"wp:attachment":[{"href":"https:\/\/www.europesays.com\/hu\/wp-json\/wp\/v2\/media?parent=230122"}],"wp:term":[{"taxonomy":"category","embeddable":true,"href":"https:\/\/www.europesays.com\/hu\/wp-json\/wp\/v2\/categories?post=230122"},{"taxonomy":"post_tag","embeddable":true,"href":"https:\/\/www.europesays.com\/hu\/wp-json\/wp\/v2\/tags?post=230122"}],"curies":[{"name":"wp","href":"https:\/\/api.w.org\/{rel}","templated":true}]}}