{"id":230136,"date":"2026-09-02T15:04:08","date_gmt":"2026-09-02T15:04:08","guid":{"rendered":"https:\/\/www.europesays.com\/hu\/230136\/"},"modified":"2026-09-02T15:04:08","modified_gmt":"2026-09-02T15:04:08","slug":"index-gazdasag-ujabb-problema-a-hazai-revolut-szamlakkal-kifizetett-tartozasnal-is-bukhatjak-a-penzuket-az-ugyfelek","status":"publish","type":"post","link":"https:\/\/www.europesays.com\/hu\/230136\/","title":{"rendered":"Index &#8211; Gazdas\u00e1g &#8211; \u00dajabb probl\u00e9ma a hazai Revolut-sz\u00e1ml\u00e1kkal: kifizetett tartoz\u00e1sn\u00e1l is bukhatj\u00e1k a p\u00e9nz\u00fcket az \u00fcgyfelek"},"content":{"rendered":"<p>Hetekkel azut\u00e1n sem oldotta fel az inkassz\u00f3t az egyik \u00fcgyfele sz\u00e1ml\u00e1j\u00e1n a Revolut, hogy a v\u00e9grehajt\u00f3 ezt hivatalosan k\u00e9rte \u2013 sz\u00e1molt be az esetr\u0151l a <a href=\"https:\/\/revb.hu\/nem-siet-az-inkasszo-torlesevel-a-revolut\/\" id=\"hyperlink_646d1c2ec502a420483285198ce7854a\" rel=\"nofollow noopener\" target=\"_blank\">Revb.hu<\/a> az \u00e9rintett bejegyz\u00e9s\u00e9re hivatkozva.<\/p>\n<p>A felhaszn\u00e1l\u00f3 a <a href=\"https:\/\/www.facebook.com\/groups\/revolutkozosseg\/permalink\/2653206601779106\/\" id=\"hyperlink_cec7b09dbceb94a46a36ea6127625c6c\" rel=\"nofollow noopener\" target=\"_blank\">Revolut k\u00f6z\u00f6ss\u00e9g<\/a> nev\u0171 Facebook-csoportban \u00edrta le, hogy a sz\u00e1ml\u00e1ja \u00e1tker\u00fclt a Revolut Bank UAB Magyarorsz\u00e1gi Fi\u00f3ktelep\u00e9hez, majd ezt k\u00f6vet\u0151en inkassz\u00f3t kapott. Elmond\u00e1sa szerint a v\u00e9grehajt\u00e1s eredetileg jogos volt, \u0151 azonban egyeztetett az \u00fcgyet kezel\u0151 v\u00e9grehajt\u00f3val, \u00e9s rendezte a tartoz\u00e1s\u00e1t.<\/p>\n<p>A v\u00e9grehajt\u00f3 ennek megfelel\u0151en augusztus 3-\u00e1n hivatalosan k\u00e9rte a bankt\u00f3l az inkassz\u00f3 felold\u00e1s\u00e1t. Az \u00fcgyf\u00e9l besz\u00e1mol\u00f3ja szerint azonban\u00a0<\/p>\n<p>a Revolut 11 nappal k\u00e9s\u0151bb, augusztus 14-\u00e9n sem int\u00e9zkedett.<\/p>\n<p>Az \u00fcgyf\u00e9lszolg\u00e1laton jelezte a probl\u00e9m\u00e1t, ahol annyi v\u00e1laszt kapott, hogy dolgoznak az \u00fcgy\u00f6n.<\/p>\n<p>A cs\u00fasz\u00e1s az\u00e9rt okozhat kellemetlens\u00e9get, mert az inkassz\u00f3 a besz\u00e1mol\u00f3 szerint 35 napig marad akt\u00edv, \u00e9s ez id\u0151 alatt a bank rendszere automatikusan vonja a sz\u00e1ml\u00e1r\u00f3l a k\u00f6vetelt \u00f6sszeget \u2013 vagyis\u00a0<\/p>\n<p>a m\u00e1r megfizetett tartoz\u00e1s ellen\u00e9re is levon\u00e1sokra kell sz\u00e1m\u00edtani.<\/p>\n<p>A Revolut <a href=\"https:\/\/index.hu\/gazdasag\/2026\/05\/26\/revolut-magyarorszag-bankszamla-magyar-ugyfelek-digitalis-bankolas-mobilbank\/\" id=\"hyperlink_47aa3e447d9f65b767c4e304424c68a9\" target=\"_blank\" title=\"Megl\u00e9pte a Revolut: j\u00f6nnek a magyar banksz\u00e1mlasz\u00e1mok az \u00fcgyfeleknek\" rel=\"nofollow noopener\">m\u00e1jusban kezdte \u00e1tmigr\u00e1lni a magyar \u00fcgyfeleket<\/a> a hazai fi\u00f3ktelep al\u00e1. Az \u00e1t\u00e1ll\u00e1s \u00f3ta t\u00f6bb olyan felhaszn\u00e1l\u00f3 is <a href=\"https:\/\/index.hu\/gazdasag\/2026\/07\/21\/inkasszo-revolut-vegrehajto-lefoglalas-szamla-lefoglalas-nemzeti-ado-es-vamhivatal\/\" id=\"hyperlink_3ffd828ce340b024e4fbe53715e55259\" target=\"_blank\" title=\"Elindultak a v\u00e9grehajt\u00f3i inkassz\u00f3k a Revolut-sz\u00e1ml\u00e1kon is\" rel=\"nofollow noopener\">kapott inkassz\u00f3t<\/a>, akinek fenn\u00e1ll\u00f3 tartoz\u00e1sa van: a magyarorsz\u00e1gi fi\u00f3ktelep l\u00e9trej\u00f6tt\u00e9vel a v\u00e9grehajt\u00f3k a Revolut-sz\u00e1ml\u00e1kat is el\u00e9rik.<\/p>\n<p><a href=\"https:\/\/dex.hu\/x.php?id=googlepref_desktop&amp;url=https:\/\/google.com\/preferences\/source?q=https:\/\/index.hu\" class=\"google-pref-banner \" id=\"googlePrefBanner\" rel=\"nofollow noopener\" target=\"_blank\"><\/p>\n<p>    Itt \u00e1ll\u00edtsa be, hogy az Index az els\u0151k k\u00f6z\u00f6tt legyen a Google-tal\u00e1latokban!<\/p>\n<p><\/a><\/p>\n<p>    <img decoding=\"async\" src=\"https:\/\/index.hu\/assets\/images\/social-follow\/logo-big.svg\" alt=\"Index.hu logo\"\/><\/p>\n<p>K\u00f6vesse az Indexet Facebookon is!<\/p>\n<p>    <a href=\"https:\/\/facebook.com\/Indexhu\" target=\"_blank\" rel=\"nofollow noopener\"><\/p>\n<p>        K\u00f6vetem!<br \/>\n    <\/a><\/p>\n","protected":false},"excerpt":{"rendered":"Hetekkel azut\u00e1n sem oldotta fel az inkassz\u00f3t az egyik \u00fcgyfele sz\u00e1ml\u00e1j\u00e1n a Revolut, hogy a v\u00e9grehajt\u00f3 ezt hivatalosan&hellip;\n","protected":false},"author":2,"featured_media":230137,"comment_status":"","ping_status":"","sticky":false,"template":"","format":"standard","meta":{"footnotes":"","_share_on_mastodon":"0"},"categories":[6],"tags":[1118,63,44,42,40,1525,43,41,3978,12391],"class_list":["post-230136","post","type-post","status-publish","format-standard","has-post-thumbnail","category-magyarorszag","tag-bank","tag-gazdasag","tag-hu","tag-hungarian","tag-hungary","tag-inkasszo","tag-magyar","tag-magyarorszag","tag-penzugy","tag-revolut"],"share_on_mastodon":{"url":"https:\/\/pubeurope.com\/@hu\/117202064039548092","error":""},"_links":{"self":[{"href":"https:\/\/www.europesays.com\/hu\/wp-json\/wp\/v2\/posts\/230136","targetHints":{"allow":["GET"]}}],"collection":[{"href":"https:\/\/www.europesays.com\/hu\/wp-json\/wp\/v2\/posts"}],"about":[{"href":"https:\/\/www.europesays.com\/hu\/wp-json\/wp\/v2\/types\/post"}],"author":[{"embeddable":true,"href":"https:\/\/www.europesays.com\/hu\/wp-json\/wp\/v2\/users\/2"}],"replies":[{"embeddable":true,"href":"https:\/\/www.europesays.com\/hu\/wp-json\/wp\/v2\/comments?post=230136"}],"version-history":[{"count":0,"href":"https:\/\/www.europesays.com\/hu\/wp-json\/wp\/v2\/posts\/230136\/revisions"}],"wp:featuredmedia":[{"embeddable":true,"href":"https:\/\/www.europesays.com\/hu\/wp-json\/wp\/v2\/media\/230137"}],"wp:attachment":[{"href":"https:\/\/www.europesays.com\/hu\/wp-json\/wp\/v2\/media?parent=230136"}],"wp:term":[{"taxonomy":"category","embeddable":true,"href":"https:\/\/www.europesays.com\/hu\/wp-json\/wp\/v2\/categories?post=230136"},{"taxonomy":"post_tag","embeddable":true,"href":"https:\/\/www.europesays.com\/hu\/wp-json\/wp\/v2\/tags?post=230136"}],"curies":[{"name":"wp","href":"https:\/\/api.w.org\/{rel}","templated":true}]}}