{"id":230171,"date":"2026-09-02T15:34:14","date_gmt":"2026-09-02T15:34:14","guid":{"rendered":"https:\/\/www.europesays.com\/hu\/230171\/"},"modified":"2026-09-02T15:34:14","modified_gmt":"2026-09-02T15:34:14","slug":"telex-oktoberben-palyaztatjak-ujra-azoknak-az-iskolaigazgatoknak-a-helyet-akik-csak-rovid-tavu-megbizast-kaptak-lannert-judittol","status":"publish","type":"post","link":"https:\/\/www.europesays.com\/hu\/230171\/","title":{"rendered":"Telex: Okt\u00f3berben p\u00e1ly\u00e1ztatj\u00e1k \u00fajra azoknak az iskolaigazgat\u00f3knak a hely\u00e9t, akik csak r\u00f6vid t\u00e1v\u00fa megb\u00edz\u00e1st kaptak Lannert Juditt\u00f3l"},"content":{"rendered":"<p><a href=\"https:\/\/telex.hu\/szerzo\/krasz-zsombor\" class=\"author__avatar\" rel=\"nofollow noopener\" target=\"_blank\"><img decoding=\"async\" src=\"https:\/\/www.europesays.com\/hu\/wp-content\/uploads\/2026\/09\/1788363254_736_1697811002-temp-caAnBm_avatar@4x.jpg\" alt=\"Kr\u00e1sz Zsombor\" class=\"avatar\" loading=\"lazy\"\/><\/a><\/p>\n<p>\u00c1ll\u00edtsd be a Telexet megb\u00edzhat\u00f3 forr\u00e1snak!<\/p>\n<p>467 iskolaigazgat\u00f3i p\u00e1ly\u00e1zat j\u00e1rt le a ny\u00e1r folyam\u00e1n. A helyeket \u00fajrap\u00e1ly\u00e1ztatt\u00e1k a tanker\u00fcletek, ebb\u0151l v\u00e9g\u00fcl 351 p\u00e1ly\u00e1z\u00f3 5 \u00e9vre kapott megb\u00edz\u00e1st \u2013 <a href=\"https:\/\/www.facebook.com\/permalink.php?story_fbid=pfbid02khq8HSU7PVy4Dq1JkcxqvkJMUUD31r3yGyoWhdLyoBSkfzBsd2xXEfkoy6aSVb6Pl&amp;id=61589397058487\" target=\"_blank\" rel=\"nofollow noopener\">k\u00f6z\u00f6lte a Facebookon<\/a> Lannert Judit oktat\u00e1si \u00e9s gyermek\u00fcgyi miniszter.<\/p>\n<p>\u201eAzokra a vezet\u0151i poz\u00edci\u00f3kra, ahol ideiglenes megold\u00e1sk\u00e9nt legfeljebb egy\u00e9ves megb\u00edz\u00e1sr\u00f3l vagy SZMSZ szerinti m\u0171k\u00f6d\u00e9sr\u0151l d\u00f6nt\u00f6ttem, a tan\u00e9v biztons\u00e1gos elindul\u00e1sa ut\u00e1n, okt\u00f3ber 1-\u00e9n \u00faj p\u00e1ly\u00e1zatot \u00edrunk ki\u201d \u2013 \u00edrta a bejegyz\u00e9sben. A p\u00e1ly\u00e1zatokat az adott tanker\u00fcletek fogj\u00e1k meghirdetni.<\/p>\n<p>A Tisza kor\u00e1bban m\u00e1r meg\u00edg\u00e9rte, hogy az oktat\u00e1si rendszert l\u00e9p\u00e9sr\u0151l l\u00e9p\u00e9sre fogja \u00e1talak\u00edtani. Ennek r\u00e9szek\u00e9nt az iskolavezet\u0151k visszakapj\u00e1k a munk\u00e1ltat\u00f3i jogokat, ism\u00e9t \u0151k d\u00f6nthetnek majd a tan\u00e1rok kinevez\u00e9s\u00e9r\u0151l, a Klebelsberg K\u00f6zpont pedig ugyan nem sz\u0171nik meg, de oktat\u00e1st\u00e1mogat\u00e1si h\u00e1tt\u00e9rint\u00e9zm\u00e9nyk\u00e9nt m\u0171k\u00f6dik majd tov\u00e1bb. Az \u00faj korm\u00e1nyzat szeretn\u00e9 megsz\u00fcntetni a tanker\u00fcletek politikai jelleg\u00e9t, Lannert Judit pedig arr\u00f3l besz\u00e9lt kor\u00e1bban, <a href=\"https:\/\/telex.hu\/belfold\/2026\/08\/06\/lannert-judit-az-iskolaigazgatok-visszakapjak-munkaltatoi-jogaikat\" class=\"\" rel=\"nofollow noopener\" target=\"_blank\">nem hat\u00e9kony az oktat\u00e1si rendszer k\u00f6zpontos\u00edt\u00e1sa<\/a>.<\/p>\n<p>A korm\u00e1ny egy augusztusi rendelet\u00e9ben <a href=\"https:\/\/telex.hu\/belfold\/2026\/08\/18\/tankeruleti-igazgatok-elvarasok-oktatasi-miniszterium-magyar-kozlony\" class=\"\" rel=\"nofollow noopener\" target=\"_blank\">adta vissza az iskolaigazgat\u00f3k munk\u00e1ltat\u00f3i jogait<\/a>. Ebben azokon a k\u00f6vetelm\u00e9nyeken is k\u00f6nny\u00edtettek, amiknek a tanker\u00fcleti vezet\u0151knek meg kell felelni\u00fck, a kor\u00e1bbi gyakorlattal ellent\u00e9tben \u00edgy m\u00e1r kinevezhet\u0151 lesz mindenki, aki fels\u0151fok\u00fa v\u00e9gzetts\u00e9ggel \u00e9s szakk\u00e9pzetts\u00e9ggel, valamint legal\u00e1bb k\u00e9t\u00e9ves vezet\u0151i gyakorlattal rendelkezik. Cser\u00e9be csak hat\u00e1rozott id\u0151re, legfeljebb \u00f6t \u00e9vre sz\u00f3l a kinevez\u00e9s\u00fck, \u00e9s p\u00e1ly\u00e1zat alapj\u00e1n t\u00f6rt\u00e9nik.<\/p>\n<p>Partnereinkt\u0151l<\/p>\n<p>\u00c1ll\u00edtsd be a Telexet megb\u00edzhat\u00f3 forr\u00e1snak!<\/p>\n<p>K\u00f6vess minket Facebookon is!<\/p>\n<p> Tov\u00e1bbi \u00e9l\u0151 \u00e1rfolyamok! <\/p>\n","protected":false},"excerpt":{"rendered":"\u00c1ll\u00edtsd be a Telexet megb\u00edzhat\u00f3 forr\u00e1snak! 467 iskolaigazgat\u00f3i p\u00e1ly\u00e1zat j\u00e1rt le a ny\u00e1r folyam\u00e1n. A helyeket \u00fajrap\u00e1ly\u00e1ztatt\u00e1k a&hellip;\n","protected":false},"author":2,"featured_media":230172,"comment_status":"","ping_status":"","sticky":false,"template":"","format":"standard","meta":{"footnotes":"","_share_on_mastodon":"0"},"categories":[33],"tags":[80,38,35,37,44,42,40,1883,26453,27465,43,41,34,34145,36,39],"class_list":["post-230171","post","type-post","status-publish","format-standard","has-post-thumbnail","category-hirek","tag-belfold","tag-focimek","tag-headlines","tag-hirek","tag-hu","tag-hungarian","tag-hungary","tag-iskola","tag-iskolaigazgato","tag-lannert-judit","tag-magyar","tag-magyarorszag","tag-news","tag-tankerulet","tag-top-stories","tag-vezeto-hirek"],"share_on_mastodon":{"url":"https:\/\/pubeurope.com\/@hu\/117202182006491176","error":""},"_links":{"self":[{"href":"https:\/\/www.europesays.com\/hu\/wp-json\/wp\/v2\/posts\/230171","targetHints":{"allow":["GET"]}}],"collection":[{"href":"https:\/\/www.europesays.com\/hu\/wp-json\/wp\/v2\/posts"}],"about":[{"href":"https:\/\/www.europesays.com\/hu\/wp-json\/wp\/v2\/types\/post"}],"author":[{"embeddable":true,"href":"https:\/\/www.europesays.com\/hu\/wp-json\/wp\/v2\/users\/2"}],"replies":[{"embeddable":true,"href":"https:\/\/www.europesays.com\/hu\/wp-json\/wp\/v2\/comments?post=230171"}],"version-history":[{"count":0,"href":"https:\/\/www.europesays.com\/hu\/wp-json\/wp\/v2\/posts\/230171\/revisions"}],"wp:featuredmedia":[{"embeddable":true,"href":"https:\/\/www.europesays.com\/hu\/wp-json\/wp\/v2\/media\/230172"}],"wp:attachment":[{"href":"https:\/\/www.europesays.com\/hu\/wp-json\/wp\/v2\/media?parent=230171"}],"wp:term":[{"taxonomy":"category","embeddable":true,"href":"https:\/\/www.europesays.com\/hu\/wp-json\/wp\/v2\/categories?post=230171"},{"taxonomy":"post_tag","embeddable":true,"href":"https:\/\/www.europesays.com\/hu\/wp-json\/wp\/v2\/tags?post=230171"}],"curies":[{"name":"wp","href":"https:\/\/api.w.org\/{rel}","templated":true}]}}