{"id":230175,"date":"2026-09-02T15:41:08","date_gmt":"2026-09-02T15:41:08","guid":{"rendered":"https:\/\/www.europesays.com\/hu\/230175\/"},"modified":"2026-09-02T15:41:08","modified_gmt":"2026-09-02T15:41:08","slug":"kult-koncertsorozattal-es-tobbreszes-lemezzel-jelentkezik-presser-gabor","status":"publish","type":"post","link":"https:\/\/www.europesays.com\/hu\/230175\/","title":{"rendered":"Kult: Koncertsorozattal \u00e9s t\u00f6bbr\u00e9szes lemezzel jelentkezik Presser G\u00e1bor"},"content":{"rendered":"<p>Presser G\u00e1bor nyolc est\u00e9n \u00e1t j\u00e1tszik a Budapest Kongresszusi K\u00f6zpontban 2027. janu\u00e1r 8-17. k\u00f6z\u00f6tt, \u00e9s h\u00e1rom teljesen k\u00fcl\u00f6nb\u00f6z\u0151 m\u0171sort, t\u00f6bb mint hetven dalt fog el\u0151adni. A dalszerz\u0151-el\u0151ad\u00f3 Munkak\u00f6nyv c\u00edmmel novemberben t\u00f6bbr\u00e9szes lemezkiadv\u00e1nnyal is jelentkezik a tervek szerint.<\/p>\n<p>Hat \u00e9vtizedes munk\u00e1m sor\u00e1n sokaknak \u00edrhattam, sok dalt, sokf\u00e9l\u00e9t. Egy szerz\u0151-el\u0151ad\u00f3 p\u00e1ly\u00e1j\u00e1nak ezen a szakasz\u00e1n egy k\u00e9t\u00f3r\u00e1s koncerten m\u00e1r nem tudja elj\u00e1tszani azokat a dalokat, amelyeket mindenk\u00e9ppen szeretne megmutatni, innen a sorozat \u00f6tlete. K\u00e9t \u00e9ve a megval\u00f3s\u00edt\u00e1s k\u00f6zel\u00e9ben voltam, de nem tudtam \u00f6sszehozni, most \u00fagy n\u00e9z ki, siker\u00fcl <\/p>\n<p>\u2013 \u00e1rulta el a koncertsorozat motiv\u00e1ci\u00f3it az MTI-nek Presser G\u00e1bor.<\/p>\n<p>Az els\u0151 h\u00e1rom est (janu\u00e1r 8-9-10.) c\u00edme H\u00f3dolat a n\u0151i hangnak: ebben a m\u0171sorban k\u00f6zrem\u0171k\u00f6dnek olyan, Presser \u00e1ltal \u201eszeretett \u00e9s csod\u00e1lt \u00e9nekesn\u0151k\u201d, mint Falusi Mariann, Ol\u00e1h Ibolya, R\u00fazsa Magdi \u00e9s Sena. \u201eNagy egy\u00e9nis\u00e9gek, k\u00fcl\u00f6nleges \u00e9nekesn\u0151k \u0151k\u201d \u2013 fogalmazott a zen\u00e9sz.<\/p>\n<p>Janu\u00e1r 12-\u00e9n \u00e9s 13-\u00e1n Dalok a sz\u00edvr\u0151l c\u00edmmel egyzongor\u00e1s estet ad Presser G\u00e1bor. \u201eAz est a zongor\u00e1m k\u00f6r\u00fcl j\u00e1tsz\u00f3dik, kicsit olyan, mint egy \u00e9l\u0151 ad\u00e1s a szob\u00e1mb\u00f3l. N\u00e9ha vend\u00e9geim \u00e9rkeznek, \u00e9nekesek, muzsikosok, \u00fagy, mint a val\u00f3 \u00e9letben, azt\u00e1n \u00fajra \u00e9s \u00fajra egyed\u00fcl hagynak, \u00fagy j\u00e1tszom tov\u00e1bb\u201d \u2013 vet\u00edtette el\u0151re Presser G\u00e1bor.<\/p>\n<p>A koncertsorozat harmadik, z\u00e1r\u00f3 r\u00e9sz\u00e9ben janu\u00e1r 15-16-17-\u00e9n a dalszerz\u0151-el\u0151ad\u00f3 a hozz\u00e1 k\u00f6zel \u00e1ll\u00f3 zen\u00e9szekkel \u00f6r\u00f6mzen\u00e9l\u00e9sre k\u00e9sz\u00fcl, mik\u00f6zben fel-felid\u00e9zik Presser zenekaros m\u00faltj\u00e1t is.<\/p>\n<p>A m\u0171v\u00e9sz a tervek szerint novemberben hossz\u00fa id\u0151 ut\u00e1n \u00faj st\u00fadi\u00f3anyaggal is jelentkezik, a Munkak\u00f6nyv az elm\u00falt tizen\u00f6t \u00e9vben k\u00e9sz\u00fclt dalok \u00f6sszefoglal\u00e1sa lesz.<\/p>\n<p>Ebben k\u00f6zel hetven c\u00edm szerepel, h\u00e1rom fejezetben. Nagy alak\u00fa, sz\u00e9p ki\u00e1ll\u00edt\u00e1s\u00fa, testes \u00e9s hallgathat\u00f3 k\u00f6nyv form\u00e1j\u00e1ban jelenik meg, \u00e9s minden dalhoz k\u00fcl\u00f6n QR-k\u00f3d tartozik majd. N\u00e9gy CD is lesz benne, legink\u00e1bb az\u00e9rt, hogy ezekb\u0151l a nagy munk\u00e1imb\u00f3l valamilyen \u00f6sszef\u00fcgg\u0151 lenyomat is fennmaradjon. A Munkak\u00f6nyv utols\u00f3 fejezet\u00e9ben most el\u0151sz\u00f6r jelenik meg valamennyi dalsz\u00f6vegem <\/p>\n<p>\u2013 mondta Presser G\u00e1bor, hozz\u00e1t\u00e9ve, hogy \u00f6r\u00fcl, hogy a p\u00e1ly\u00e1ja v\u00e9ge fel\u00e9 egy ekkora kiadv\u00e1ny m\u00e9g megjelenhet.<\/p>\n<p>A magyar k\u00f6nny\u0171zene t\u00f6rt\u00e9net\u00e9nek egyik legsikeresebb szerz\u0151je \u00e9s el\u0151ad\u00f3ja saj\u00e1t honlapj\u00e1nak adatai szerint mintegy hatsz\u00e1z dalt \u00edrt, emellett sz\u00e1mos jelent\u0151s zen\u00e9s sz\u00ednpadi m\u0171 f\u0171z\u0151dik a nev\u00e9hez. P\u00e1ly\u00e1ja a hatvanas \u00e9vek m\u00e1sodik fel\u00e9ben az Omeg\u00e1ban indult, 1971-ben megalap\u00edtotta a Locomotiv GT-t. Sz\u00f3l\u00f3el\u0151ad\u00f3k\u00e9nt a nyolcvanas \u00e9vek eleje \u00f3ta akt\u00edv.<\/p>\n<p> <a href=\"https:\/\/hvg.hu\/elet\/20260803_kisbolygot-neveztek-el-presser-gaborrol\" target=\"_self\" rel=\"nofollow noopener\"> <\/p>\n<p>https:\/\/hvg.hu\/elet\/20260803_kisbolygot-neveztek-el-presser-gaborrol<\/p>\n","protected":false},"excerpt":{"rendered":"Presser G\u00e1bor nyolc est\u00e9n \u00e1t j\u00e1tszik a Budapest Kongresszusi K\u00f6zpontban 2027. janu\u00e1r 8-17. k\u00f6z\u00f6tt, \u00e9s h\u00e1rom teljesen k\u00fcl\u00f6nb\u00f6z\u0151&hellip;\n","protected":false},"author":2,"featured_media":230176,"comment_status":"","ping_status":"","sticky":false,"template":"","format":"standard","meta":{"footnotes":"","_share_on_mastodon":"0"},"categories":[16],"tags":[27666,137,44,42,40,213,4505,32916,43,41,17387,138,177],"class_list":["post-230175","post","type-post","status-publish","format-standard","has-post-thumbnail","category-szorakozas","tag-budapest-kongresszusi-kozpont","tag-entertainment","tag-hu","tag-hungarian","tag-hungary","tag-koncert","tag-lemez","tag-lgt","tag-magyar","tag-magyarorszag","tag-presser-gabor","tag-szorakozas","tag-zene"],"share_on_mastodon":{"url":"https:\/\/pubeurope.com\/@hu\/117202209509075623","error":""},"_links":{"self":[{"href":"https:\/\/www.europesays.com\/hu\/wp-json\/wp\/v2\/posts\/230175","targetHints":{"allow":["GET"]}}],"collection":[{"href":"https:\/\/www.europesays.com\/hu\/wp-json\/wp\/v2\/posts"}],"about":[{"href":"https:\/\/www.europesays.com\/hu\/wp-json\/wp\/v2\/types\/post"}],"author":[{"embeddable":true,"href":"https:\/\/www.europesays.com\/hu\/wp-json\/wp\/v2\/users\/2"}],"replies":[{"embeddable":true,"href":"https:\/\/www.europesays.com\/hu\/wp-json\/wp\/v2\/comments?post=230175"}],"version-history":[{"count":0,"href":"https:\/\/www.europesays.com\/hu\/wp-json\/wp\/v2\/posts\/230175\/revisions"}],"wp:featuredmedia":[{"embeddable":true,"href":"https:\/\/www.europesays.com\/hu\/wp-json\/wp\/v2\/media\/230176"}],"wp:attachment":[{"href":"https:\/\/www.europesays.com\/hu\/wp-json\/wp\/v2\/media?parent=230175"}],"wp:term":[{"taxonomy":"category","embeddable":true,"href":"https:\/\/www.europesays.com\/hu\/wp-json\/wp\/v2\/categories?post=230175"},{"taxonomy":"post_tag","embeddable":true,"href":"https:\/\/www.europesays.com\/hu\/wp-json\/wp\/v2\/tags?post=230175"}],"curies":[{"name":"wp","href":"https:\/\/api.w.org\/{rel}","templated":true}]}}