{"id":230200,"date":"2026-09-02T16:01:07","date_gmt":"2026-09-02T16:01:07","guid":{"rendered":"https:\/\/www.europesays.com\/hu\/230200\/"},"modified":"2026-09-02T16:01:07","modified_gmt":"2026-09-02T16:01:07","slug":"telex-leallitotta-a-fakivagast-siofok-polgarmestere-miutan-megtudta-hogy-tobb-egeszseges-egyedet-is-kivagtak","status":"publish","type":"post","link":"https:\/\/www.europesays.com\/hu\/230200\/","title":{"rendered":"Telex: Le\u00e1ll\u00edtotta a fakiv\u00e1g\u00e1st Si\u00f3fok polg\u00e1rmestere, miut\u00e1n megtudta, hogy t\u00f6bb eg\u00e9szs\u00e9ges egyedet is kiv\u00e1gtak"},"content":{"rendered":"<p>Le\u00e1ll\u00edtotta a fakiv\u00e1g\u00e1sokat Si\u00f3fok polg\u00e1rmestere, miut\u00e1n \u00e9rtes\u00fclt r\u00f3la, hogy nagyj\u00e1b\u00f3l t\u00edz darab k\u00f6zter\u00fcleti, \u00e1rokparti f\u00e1t v\u00e1gtak ki a Bajcsy-Zsilinszky utca egy szakasz\u00e1n \u2013 <a href=\"https:\/\/www.facebook.com\/share\/p\/1DeAEEvE3F\/\" target=\"_blank\" rel=\"nofollow noopener\">\u00edrja a Facebookon<\/a> Lengyel R\u00f3bert polg\u00e1rmester.<\/p>\n<p>Egy felh\u00e1borodott si\u00f3foki lakos \u00edrt r\u00f3la keddi bejegyz\u00e9s\u00e9ben, hogy munk\u00e1sok reggel elkezdt\u00e9k kiv\u00e1gni az utca \u00e9szaki oldal\u00e1n tal\u00e1lhat\u00f3 h\u00e1rs- \u00e9s juharf\u00e1kat. Az els\u0151 nap v\u00e9g\u00e9re m\u00e1r nagyj\u00e1b\u00f3l t\u00edzet kiv\u00e1gtak, de enn\u00e9l is j\u00f3val t\u00f6bbet terveztek a k\u00f6vetkez\u0151 napokban. A lak\u00f3kat azonban senki nem k\u00e9rdezte meg arr\u00f3l, hogy kiv\u00e1gj\u00e1k-e a f\u00e1kat, amelyek k\u00f6z\u00fcl sok nem is volt beteg.<\/p>\n<p>Az \u00e9rintett szakaszon j\u00e1rda- \u00e9s \u00e1rokfel\u00faj\u00edt\u00e1si munk\u00e1k el\u0151k\u00e9sz\u00fcletei folynak, \u00e9s nagy probl\u00e9ma az utc\u00e1ban, hogy a tereb\u00e9lyes f\u00e1k lombozat\u00e1nak egy jelent\u0151s r\u00e9sze a villanyoszlopok k\u00f6z\u00f6tt, az \u00e9ppen felett\u00fck fesz\u00fcl\u0151 k\u00e1belek k\u00f6z\u00e9 n\u0151 \u2013 <a href=\"https:\/\/www.facebook.com\/Dr.Lengyel.Robert\" target=\"_blank\" rel=\"nofollow noopener\">\u00edrja<\/a> Lengyel R\u00f3bert polg\u00e1rmester a t\u00f6rt\u00e9ntekre reag\u00e1lva. Szerinte az E.ON ezeket a koron\u00e1kat minden \u00e9vben szakszer\u0171tlen m\u00f3don v\u00e1gja vissza, ami hossz\u00fa t\u00e1von egyre balesetvesz\u00e9lyesebb\u00e9 teszi \u0151ket.<\/p>\n<p>Lengyel R\u00f3bert elmondta, a fel\u00faj\u00edt\u00e1si munk\u00e1latok v\u00e9gz\u00e9s\u00e9re szerz\u0151d\u00f6tt v\u00e1ros\u00fczemeltet\u00e9si c\u00e9g v\u00e1gatta ki a f\u00e1kat az illet\u00e9kes hat\u00f3s\u00e1g enged\u00e9ly\u00e9vel. A f\u00e1k k\u00f6z\u00f6tt volt, amin\u00e9l el\u0151rehaladott pudv\u00e1sod\u00e1s miatt mindenk\u00e9pp k\u00e9sz\u00fcltek a kiv\u00e1g\u00e1sra, de a d\u00f6nt\u0151 t\u00f6bbs\u00e9g\u00fck szinte teljesen eg\u00e9szs\u00e9ges volt. \u201eA l\u00e1tv\u00e1ny val\u00f3ban elborzaszt\u00f3 volt \u00e9s az eg\u00e9szs\u00e9ges egyedek kiv\u00e1g\u00e1sa ellen is tiltakozik minden porcik\u00e1m. R\u00e1ad\u00e1sul a munka folytat\u00f3dott volna tov\u00e1bb is.\u201d<\/p>\n<p>\u201eA saj\u00e1t hat\u00e1sk\u00f6r\u00f6mben elj\u00e1rva a k\u00f6vetkez\u0151 d\u00f6nt\u00e9st hoztam: Tov\u00e1bbi fakiv\u00e1g\u00e1sok ott nem t\u00f6rt\u00e9nhetnek. Feladatul szabtam v\u00e1rosi f\u0151kert\u00e9sz\u00fcnknek, hogy az \u00e9rintett szakaszon egyedenk\u00e9nt vizsg\u00e1lja szak\u00e9rt\u0151 a f\u00e1k eg\u00e9szs\u00e9gi \u00e1llapot\u00e1t\u201d \u2013 \u00edrja Lengyel R\u00f3bert. Csak azok a f\u00e1k lesznek kiv\u00e1ghat\u00f3k, amik m\u00e1r \u00e1llapotukn\u00e1l fogva balesetvesz\u00e9lyesek, \u00e9s \u201eminden egyes eg\u00e9szs\u00e9ges fa marad ott, ahol van\u201d.<\/p>\n<p>A polg\u00e1rmester emellett Csat\u00e1ri Ern\u0151nek, a v\u00e1laszt\u00f3ker\u00fclet tisz\u00e1s k\u00e9pvisel\u0151j\u00e9nek a t\u00f6rt\u00e9ntek ut\u00e1n azt javasolta, kezdem\u00e9nyezzen jogszab\u00e1ly-m\u00f3dos\u00edt\u00e1st arra vonatkoz\u00f3an, ha \u201eenergiaszolg\u00e1ltat\u00f3 c\u00e9gek a vezet\u00e9kek v\u00e9d\u0151s\u00e1vj\u00e1ban favisszav\u00e1g\u00e1si munk\u00e1latokat v\u00e9geznek, azt csak \u00e9s kiz\u00e1r\u00f3lag kert\u00e9szeti-, erd\u0151gazd\u00e1lkod\u00e1si szakember helysz\u00edni ir\u00e1ny\u00edt\u00e1sa mellett tehess\u00e9k meg\u201d.<\/p>\n","protected":false},"excerpt":{"rendered":"Le\u00e1ll\u00edtotta a fakiv\u00e1g\u00e1sokat Si\u00f3fok polg\u00e1rmestere, miut\u00e1n \u00e9rtes\u00fclt r\u00f3la, hogy nagyj\u00e1b\u00f3l t\u00edz darab k\u00f6zter\u00fcleti, \u00e1rokparti f\u00e1t v\u00e1gtak ki a&hellip;\n","protected":false},"author":2,"featured_media":230201,"comment_status":"","ping_status":"","sticky":false,"template":"","format":"standard","meta":{"footnotes":"","_share_on_mastodon":"0"},"categories":[6],"tags":[80,7887,8687,44,42,40,14938,43,41,14191],"class_list":["post-230200","post","type-post","status-publish","format-standard","has-post-thumbnail","category-magyarorszag","tag-belfold","tag-csatari-erno","tag-fakivagas","tag-hu","tag-hungarian","tag-hungary","tag-lengyel-robert","tag-magyar","tag-magyarorszag","tag-siofok"],"share_on_mastodon":{"url":"https:\/\/pubeurope.com\/@hu\/117202287716092629","error":""},"_links":{"self":[{"href":"https:\/\/www.europesays.com\/hu\/wp-json\/wp\/v2\/posts\/230200","targetHints":{"allow":["GET"]}}],"collection":[{"href":"https:\/\/www.europesays.com\/hu\/wp-json\/wp\/v2\/posts"}],"about":[{"href":"https:\/\/www.europesays.com\/hu\/wp-json\/wp\/v2\/types\/post"}],"author":[{"embeddable":true,"href":"https:\/\/www.europesays.com\/hu\/wp-json\/wp\/v2\/users\/2"}],"replies":[{"embeddable":true,"href":"https:\/\/www.europesays.com\/hu\/wp-json\/wp\/v2\/comments?post=230200"}],"version-history":[{"count":0,"href":"https:\/\/www.europesays.com\/hu\/wp-json\/wp\/v2\/posts\/230200\/revisions"}],"wp:featuredmedia":[{"embeddable":true,"href":"https:\/\/www.europesays.com\/hu\/wp-json\/wp\/v2\/media\/230201"}],"wp:attachment":[{"href":"https:\/\/www.europesays.com\/hu\/wp-json\/wp\/v2\/media?parent=230200"}],"wp:term":[{"taxonomy":"category","embeddable":true,"href":"https:\/\/www.europesays.com\/hu\/wp-json\/wp\/v2\/categories?post=230200"},{"taxonomy":"post_tag","embeddable":true,"href":"https:\/\/www.europesays.com\/hu\/wp-json\/wp\/v2\/tags?post=230200"}],"curies":[{"name":"wp","href":"https:\/\/api.w.org\/{rel}","templated":true}]}}