{"id":230202,"date":"2026-09-02T16:02:12","date_gmt":"2026-09-02T16:02:12","guid":{"rendered":"https:\/\/www.europesays.com\/hu\/230202\/"},"modified":"2026-09-02T16:02:12","modified_gmt":"2026-09-02T16:02:12","slug":"index-gazdasag-valtozik-az-aram-elszamolasa-uj-tarifat-vezet-be-az-mvm-a-nagyfogyasztoknak","status":"publish","type":"post","link":"https:\/\/www.europesays.com\/hu\/230202\/","title":{"rendered":"Index &#8211; Gazdas\u00e1g &#8211; V\u00e1ltozik az \u00e1ram elsz\u00e1mol\u00e1sa, \u00faj tarif\u00e1t vezet be az MVM a nagyfogyaszt\u00f3knak"},"content":{"rendered":"<p>Szeptembert\u0151l ig\u00e9nyelhet\u0151, j\u00f6v\u0151re l\u00e9p \u00e9letbe az MVM \u00faj, dinamikus \u00e1ramtarif\u00e1ja \u2013 k\u00f6z\u00f6lte a t\u00e1rsas\u00e1g szerkeszt\u0151s\u00e9g\u00fcnkh\u00f6z eljuttatott k\u00f6zlem\u00e9ny\u00e9ben. Mint \u00edrj\u00e1k, a dinamikus \u00e1rszab\u00e1sban az \u00e1r a kedvezm\u00e9nyes fogyaszt\u00e1si s\u00e1vhat\u00e1rig fix, felette viszont a felhaszn\u00e1lt villamos energia \u00e1ra a villamosenergia-piaci \u00e1rak alakul\u00e1s\u00e1hoz rugalmasan igazodik, ez\u00e9rt id\u0151szakonk\u00e9nt v\u00e1ltozhat.<\/p>\n<p>A lakoss\u00e1gi \u00fcgyfelek eset\u00e9ben a kedvezm\u00e9nyes s\u00e1vhat\u00e1r 2523 kilowatt\u00f3ra \u00e9vente, m\u00edg a mikrov\u00e1llalkoz\u00e1sokn\u00e1l 4606 kilowatt\u00f3ra. A dinamikus tarifa els\u0151sorban azok sz\u00e1m\u00e1ra jelenthet kedvez\u0151 megold\u00e1st, akiknek a fogyaszt\u00e1sa meghaladja ezt a mennyis\u00e9get, \u00e9s vannak olyan, jellemz\u0151en nagyobb energiaig\u00e9ny\u0171 berendez\u00e9seik \u2013 p\u00e9ld\u00e1ul elektromos j\u00e1rm\u0171vek t\u00f6lt\u0151je, kl\u00edmaberendez\u00e9sek \u2013, amelyek haszn\u00e1lata rugalmasan id\u0151z\u00edthet\u0151.<\/p>\n<p>Ha ezek m\u0171k\u00f6dtet\u00e9s\u00e9t az alacsonyabb piaci \u00e1r\u00fa id\u0151szakokra \u00fctemezik, p\u00e9ld\u00e1ul napk\u00f6zbeni id\u0151szakra, azzal kedvez\u0151bb egys\u00e9g\u00e1rat \u00e9rhetnek el \u2013 \u00edrta a szolg\u00e1ltat\u00f3.<\/p>\n<p>Az int\u00e9zked\u00e9s h\u00e1tterek\u00e9nt az MVM kifejtette, hogy az energiapiacon az elm\u00falt \u00e9vekben jelent\u0151sen \u00e1talakultak a termel\u00e9si \u00e9s fogyaszt\u00e1si viszonyok. A hazai villamosenergia-rendszerben n\u0151 a naper\u0151m\u0171vek szerepe, ez egyre nagyobb k\u00fcl\u00f6nbs\u00e9geket eredm\u00e9nyez az egyes napszakokban rendelkez\u00e9sre \u00e1ll\u00f3 villamos energia mennyis\u00e9g\u00e9ben \u00e9s piaci \u00e1r\u00e1ban. Az extr\u00e9m id\u0151j\u00e1r\u00e1si helyzetek, a paksi termel\u00e9s k\u00f6r\u00fcli kih\u00edv\u00e1sok \u00e9s a hazai \u00e1ramig\u00e9nyek alakul\u00e1sa mellett ez\u00e9rt is v\u00e1lik egyre fontosabb\u00e1, hogy a fogyaszt\u00e1s bizonyos r\u00e9sze rugalmasan alkalmazkodjon a rendszer aktu\u00e1lis helyzet\u00e9hez. A dinamikus tarifa ezt a rugalmass\u00e1got \u00f6szt\u00f6n\u00f6zheti: lehet\u0151s\u00e9get teremt arra, hogy az \u00fcgyfelek a nagyobb fogyaszt\u00e1s\u00fa berendez\u00e9seik m\u0171k\u00f6dtet\u00e9s\u00e9t tudatosan azokra az id\u0151szakokra id\u0151z\u00edts\u00e9k, amikor t\u00f6bb villamos energia \u00e1ll rendelkez\u00e9sre, \u00edgy kedvez\u0151bbek a piaci \u00e1rak is.<\/p>\n<p>A dinamikus tarif\u00e1r\u00f3l, az ig\u00e9nybev\u00e9tel r\u00e9szletes felt\u00e9teleir\u0151l \u00e9s az elsz\u00e1mol\u00e1sr\u00f3l az <a href=\"https:\/\/www.mvmnext.hu\/aram\/pages\/aloldal.jsp?id=16455187\" id=\"hyperlink_ddb831e3146f752bb245588df3f76d1a\" rel=\"nofollow noopener\" target=\"_blank\">MVM Next weboldal\u00e1n<\/a> tal\u00e1lhat\u00f3 tov\u00e1bbi inform\u00e1ci\u00f3.<\/p>\n<p><a href=\"https:\/\/dex.hu\/x.php?id=googlepref_desktop&amp;url=https:\/\/google.com\/preferences\/source?q=https:\/\/index.hu\" class=\"google-pref-banner \" id=\"googlePrefBanner\" rel=\"nofollow noopener\" target=\"_blank\"><\/p>\n<p>    Itt \u00e1ll\u00edtsa be, hogy az Index az els\u0151k k\u00f6z\u00f6tt legyen a Google-tal\u00e1latokban!<\/p>\n<p><\/a><\/p>\n<p>    <img decoding=\"async\" src=\"https:\/\/index.hu\/assets\/images\/social-follow\/logo-big.svg\" alt=\"Index.hu logo\"\/><\/p>\n<p>K\u00f6vesse az Indexet Facebookon is!<\/p>\n<p>    <a href=\"https:\/\/facebook.com\/Indexhu\" target=\"_blank\" rel=\"nofollow noopener\"><\/p>\n<p>        K\u00f6vetem!<br \/>\n    <\/a><\/p>\n","protected":false},"excerpt":{"rendered":"Szeptembert\u0151l ig\u00e9nyelhet\u0151, j\u00f6v\u0151re l\u00e9p \u00e9letbe az MVM \u00faj, dinamikus \u00e1ramtarif\u00e1ja \u2013 k\u00f6z\u00f6lte a t\u00e1rsas\u00e1g szerkeszt\u0151s\u00e9g\u00fcnkh\u00f6z eljuttatott k\u00f6zlem\u00e9ny\u00e9ben. Mint&hellip;\n","protected":false},"author":2,"featured_media":230203,"comment_status":"","ping_status":"","sticky":false,"template":"","format":"standard","meta":{"footnotes":"","_share_on_mastodon":"0"},"categories":[33],"tags":[3768,60922,38,63,35,37,44,42,40,43,41,3067,4805,34,30647,36,39],"class_list":["post-230202","post","type-post","status-publish","format-standard","has-post-thumbnail","category-hirek","tag-aram","tag-dinamikus-arkepzes","tag-focimek","tag-gazdasag","tag-headlines","tag-hirek","tag-hu","tag-hungarian","tag-hungary","tag-magyar","tag-magyarorszag","tag-mvm","tag-mvm-next","tag-news","tag-tarifa","tag-top-stories","tag-vezeto-hirek"],"share_on_mastodon":{"url":"https:\/\/pubeurope.com\/@hu\/117202291995040907","error":""},"_links":{"self":[{"href":"https:\/\/www.europesays.com\/hu\/wp-json\/wp\/v2\/posts\/230202","targetHints":{"allow":["GET"]}}],"collection":[{"href":"https:\/\/www.europesays.com\/hu\/wp-json\/wp\/v2\/posts"}],"about":[{"href":"https:\/\/www.europesays.com\/hu\/wp-json\/wp\/v2\/types\/post"}],"author":[{"embeddable":true,"href":"https:\/\/www.europesays.com\/hu\/wp-json\/wp\/v2\/users\/2"}],"replies":[{"embeddable":true,"href":"https:\/\/www.europesays.com\/hu\/wp-json\/wp\/v2\/comments?post=230202"}],"version-history":[{"count":0,"href":"https:\/\/www.europesays.com\/hu\/wp-json\/wp\/v2\/posts\/230202\/revisions"}],"wp:featuredmedia":[{"embeddable":true,"href":"https:\/\/www.europesays.com\/hu\/wp-json\/wp\/v2\/media\/230203"}],"wp:attachment":[{"href":"https:\/\/www.europesays.com\/hu\/wp-json\/wp\/v2\/media?parent=230202"}],"wp:term":[{"taxonomy":"category","embeddable":true,"href":"https:\/\/www.europesays.com\/hu\/wp-json\/wp\/v2\/categories?post=230202"},{"taxonomy":"post_tag","embeddable":true,"href":"https:\/\/www.europesays.com\/hu\/wp-json\/wp\/v2\/tags?post=230202"}],"curies":[{"name":"wp","href":"https:\/\/api.w.org\/{rel}","templated":true}]}}