{"id":230225,"date":"2026-09-02T16:23:13","date_gmt":"2026-09-02T16:23:13","guid":{"rendered":"https:\/\/www.europesays.com\/hu\/230225\/"},"modified":"2026-09-02T16:23:13","modified_gmt":"2026-09-02T16:23:13","slug":"15-ev-utan-visszater-az-x-faktorba-ez-a-magyar-enekesno-a-2011-es-evadban-imadta-a-kozonseg","status":"publish","type":"post","link":"https:\/\/www.europesays.com\/hu\/230225\/","title":{"rendered":"15 \u00e9v ut\u00e1n visszat\u00e9r az X-Faktorba ez a magyar \u00e9nekesn\u0151: a 2011-es \u00e9vadban im\u00e1dta a k\u00f6z\u00f6ns\u00e9g"},"content":{"rendered":"<p data-alignment=\"left\" class=\"text-left\" data-block-key=\"cv7ca\">Te eml\u00e9kszel m\u00e9g a 2011-es X-Faktor aranytork\u00fa \u00e9nekesn\u0151j\u00e9re? 2026-ban most ism\u00e9t felt\u0171nik a k\u00e9perny\u0151n, nem is ak\u00e1rmilyen szerepben.<\/p>\n<p>      Bagosi Alexa most<\/p>\n<p data-alignment=\"left\" class=\"text-left\" data-block-key=\"4r2mh\">Szeptember 5-\u00e9n \u00faj \u00e9vaddal t\u00e9r vissza az X-Faktor, a 14. sz\u00e9ria pedig nemcsak \u00faj \u00e9nekesekkel, hanem ismer\u0151s arcokkal is v\u00e1rja a n\u00e9z\u0151ket, r\u00e1ad\u00e1sul a nyit\u00f3 h\u00e9tv\u00e9g\u00e9n k\u00e9t egym\u00e1st k\u00f6vet\u0151 est\u00e9n is l\u00e1thatj\u00e1k a v\u00e1logat\u00f3kat.<\/p>\n<p data-alignment=\"left\" class=\"text-left\" data-block-key=\"4ts04\">A mentorsz\u00e9kekben ism\u00e9t t\u00f6bb j\u00f3l ismert szem\u00e9lyis\u00e9g foglal helyet, a m\u0171sorvezet\u0151i feladatokat pedig ez\u00fattal <a href=\"https:\/\/femina.hu\/hazai_sztar\/x-faktor-2026-uj-musorvezetok-kollo-babett-ember-mark\/\" rel=\"nofollow noopener\" target=\"_blank\">K\u00f6ll\u0151 Babett \u00e9s Ember M\u00e1rk<\/a> l\u00e1tj\u00e1k el. Az RTL \u00edg\u00e9rete szerint az idei \u00e9vadban sem lesz hi\u00e1ny tehets\u00e9gekb\u0151l, meglepet\u00e9sekb\u0151l \u00e9s fordulatokb\u00f3l.<\/p>\n<p data-alignment=\"left\" class=\"text-left\" data-block-key=\"7ljil\">A v\u00e1logat\u00f3 egyik k\u00fcl\u00f6nleges pillanat\u00e1t egy fiatal versenyz\u0151, Anna \u00e9rkez\u00e9se szolg\u00e1ltatta, akit \u00e9desanyja k\u00eds\u00e9rt el a meghallgat\u00e1sra. Hamar kider\u00fclt azonban, hogy az anyuka sem ismeretlen az X-Faktor k\u00f6z\u00f6ns\u00e9ge sz\u00e1m\u00e1ra. A l\u00e1ny el\u00e1rulta a mentoroknak, hogy \u00e9desanyja, aki nem m\u00e1s, mint Bagosi Alexa, kor\u00e1bban m\u00e1r szerepelt a tehets\u00e9gkutat\u00f3ban &#8211; sz\u00e1molt be err\u0151l a <a href=\"https:\/\/www.blikk.hu\/sztarvilag\/hazai-sztarok\/bagosi-alexa-lanya-x-faktor\/dq022kr\" target=\"_blank\" rel=\" noopener noreferrer nofollow\">Blikk<\/a>.<\/p>\n<p data-alignment=\"left\" class=\"text-left\" data-block-key=\"d0dtl\">Az \u00e9nekesn\u0151 a 2011-es, m\u00e1sodik \u00e9vadban Nagy Fer\u00f3 mentor\u00e1ltjak\u00e9nt v\u00e1lt ismertt\u00e9, a n\u00e9z\u0151k hamar megszerett\u00e9k, \u00e9s eg\u00e9szen az \u00e9l\u0151 show nyolcadik hely\u00e9ig jutott, miel\u0151tt b\u00facs\u00faznia kellett a versenyt\u0151l.<\/p>\n<p data-alignment=\"left\" class=\"text-left\" data-block-key=\"ak6nq\">A tehets\u00e9gkutat\u00f3 ut\u00e1n Debrecenb\u0151l Budapestre k\u00f6lt\u00f6z\u00f6tt, \u00e1m az \u00e9lete v\u00e9g\u00fcl m\u00e1s ir\u00e1nyt vett, mint ahogyan kor\u00e1bban elk\u00e9pzelte. K\u00e9s\u0151bb visszat\u00e9rt sz\u00fcl\u0151v\u00e1ros\u00e1ba, ahol az \u00e9nekl\u00e9s mellett t\u00f6bbf\u00e9le munk\u00e1t is v\u00e1llalt. A zen\u00e9t ugyanakkor sosem hagyta maga m\u00f6g\u00f6tt, saj\u00e1t dalokkal is pr\u00f3b\u00e1lkozott, s\u0151t az Eurov\u00edzi\u00f3s Dalfesztiv\u00e1l magyar el\u0151v\u00e1logat\u00f3j\u00e1ba is jelentkezett.<\/p>\n<p data-alignment=\"left\" class=\"text-left\" data-block-key=\"3k4cn\">Az elm\u00falt \u00e9vekben tudatosan t\u00e1vol tartotta mag\u00e1n\u00e9let\u00e9t a nyilv\u00e1noss\u00e1gt\u00f3l, az\u00f3ta h\u00e1romgyermekes \u00e9desanya lett, Cegl\u00e9dre k\u00f6lt\u00f6z\u00f6tt, dolgozott cukr\u00e1szd\u00e1ban is, mik\u00f6zben tov\u00e1bbra is rendszeresen \u00e9nekel partizenekarban \u00e9s \u00e9ttermi fell\u00e9p\u00e9seken.<\/p>\n<p data-alignment=\"left\" class=\"text-left\" data-block-key=\"6kmpl\">Most azonban \u00fagy t\u0171nik, el\u00e9rkezett a staf\u00e9ta \u00e1tad\u00e1s\u00e1nak ideje, ez\u00fattal m\u00e1r r\u00e1, hanem legid\u0151sebb l\u00e1ny\u00e1ra, Ann\u00e1ra szegez\u0151dik minden tekintet, aki \u00e9desanyja nyomdokaiba l\u00e9pve pr\u00f3b\u00e1lja val\u00f3ra v\u00e1ltani az \u00e1lm\u00e1t az X-Faktor sz\u00ednpad\u00e1n.<\/p>\n<p data-alignment=\"left\" class=\"text-left\" data-block-key=\"5ani5\">Cover-fot\u00f3: RTL<\/p>\n<p>            <a href=\"https:\/\/femina.hu\/hazai_sztar\/opitz-barbi-delhusa-gjon-x-faktor-duett-friss-foto\/\" rel=\"nofollow noopener\" target=\"_blank\"><\/p>\n<p>              <img decoding=\"async\" src=\"https:\/\/femina.hu\/neon\/media\/images\/69976113_5162925_f837070a2ed8bb.format-avif.max-600x400.avif\" alt=\"10 \u00e9ve az X-Faktor gy\u0151ztese volt, most nem ismerni fel annyit v\u00e1ltozott: Delhousa Gjonnal \u00e1llt \u00f6ssze\" class=\"w-full object-cover aspect-square rounded-[24px]\" loading=\"lazy\"\/><\/p>\n<p>            <\/a><\/p>\n<p>          10 \u00e9ve az X-Faktor gy\u0151ztese volt, most nem ismerni fel annyit v\u00e1ltozott: Delhousa Gjonnal \u00e1llt \u00f6ssze<\/p>\n<p class=\"!text-[18px] !leading-[28px] !mb-0\">\n          Opitz Barbi rengeteget v\u00e1ltozott az X-Faktoros gy\u0151zelme \u00f3ta, most pedig Delhusa Gjonnal \u00e1lltak \u00f6ssze egy \u00faj sl\u00e1ger erej\u00e9ig.\n        <\/p>\n<p>          <a href=\"https:\/\/femina.hu\/hazai_sztar\/opitz-barbi-delhusa-gjon-x-faktor-duett-friss-foto\/\" target=\"_blank\" rel=\"noopener noreferrer nofollow\" class=\"!no-underline !text-black flex justify-center items-center text-[20px] h-[62px] w-fit default-rounded-button content-center px-6 py-4 font-semibold after:content-[&#039;&#039;] after:inline-block after:h-[1em] after:w-[1.5em] after:ml-[1em] after:bg-[url(&#039;\/static\/images\/femina\/arrow_link_right.svg&#039;)] after:bg-no-repeat after:bg-center after:bg-[length:100%_auto]\"><br \/>\n            Elolvasom<br \/>\n          <\/a><\/p>\n<p>&#13;<br \/>\n  &#13;\n<\/p>\n<p>`, adoceanServer:&#8221;indexhu.adocean.pl&#8221;, tags:&#8221;[\\u0022szt\\u005Cu00e1r\\u0022, \\u0022x\\u002Dfaktor\\u0022, \\u0022\\u005Cu00e9nekesn\\u005Cu0151\\u0022]&#8221;, identCodes:&#8221;{\\u0022fe30\\u0022: \\u00221\\u0022, \\u0022fe06\\u0022: \\u00221\\u0022}&#8221;})&#8221;<br \/>\n      :id=&#8221;zoneId&#8221; x-cloak<\/p>\n<p>      class=&#8221;ad-node &#8221; x-init=&#8221;load();&#8221;&gt;<\/p>\n<p>\n  hirdet\u00e9s\n<\/p>\n<p><a href=\"https:\/\/google.com\/preferences\/source?q=https%3A\/\/femina.hu\" rel=\"noopener nofollow\" referrerpolicy=\"no-referrer-when-downgrade\" class=\"!flex !items-center !gap-5 !py-2 !px-3 w-full !rounded-xl !font-bold cursor-pointer !no-underline relative !bg-white !text-[#202124] !border !border-[#858585] dark:!bg-[#323232] dark:!text-white dark:border-none my-4 \" target=\"_blank\"><br \/>\n  <img decoding=\"async\" src=\"https:\/\/femina.hu\/neon\/static\/images\/favicons\/google_favicon.svg\" alt=\"Google\" class=\"shrink-0 w-7 h-7\"\/><br \/>\n  \u00c1ll\u00edtsd be a Google keres\u0151j\u00e9t, hogy a tal\u00e1latok k\u00f6z\u00f6tt biztos ott legyen a Femina!<\/p>\n<p><\/a><\/p>\n","protected":false},"excerpt":{"rendered":"Te eml\u00e9kszel m\u00e9g a 2011-es X-Faktor aranytork\u00fa \u00e9nekesn\u0151j\u00e9re? 2026-ban most ism\u00e9t felt\u0171nik a k\u00e9perny\u0151n, nem is ak\u00e1rmilyen szerepben.&hellip;\n","protected":false},"author":2,"featured_media":230226,"comment_status":"","ping_status":"","sticky":false,"template":"","format":"standard","meta":{"footnotes":"","_share_on_mastodon":"0"},"categories":[16],"tags":[329,137,44,42,40,43,41,138,205,1986],"class_list":["post-230225","post","type-post","status-publish","format-standard","has-post-thumbnail","category-szorakozas","tag-enekesno","tag-entertainment","tag-hu","tag-hungarian","tag-hungary","tag-magyar","tag-magyarorszag","tag-szorakozas","tag-sztar","tag-x-faktor"],"share_on_mastodon":{"url":"https:\/\/pubeurope.com\/@hu\/117202374649953272","error":""},"_links":{"self":[{"href":"https:\/\/www.europesays.com\/hu\/wp-json\/wp\/v2\/posts\/230225","targetHints":{"allow":["GET"]}}],"collection":[{"href":"https:\/\/www.europesays.com\/hu\/wp-json\/wp\/v2\/posts"}],"about":[{"href":"https:\/\/www.europesays.com\/hu\/wp-json\/wp\/v2\/types\/post"}],"author":[{"embeddable":true,"href":"https:\/\/www.europesays.com\/hu\/wp-json\/wp\/v2\/users\/2"}],"replies":[{"embeddable":true,"href":"https:\/\/www.europesays.com\/hu\/wp-json\/wp\/v2\/comments?post=230225"}],"version-history":[{"count":0,"href":"https:\/\/www.europesays.com\/hu\/wp-json\/wp\/v2\/posts\/230225\/revisions"}],"wp:featuredmedia":[{"embeddable":true,"href":"https:\/\/www.europesays.com\/hu\/wp-json\/wp\/v2\/media\/230226"}],"wp:attachment":[{"href":"https:\/\/www.europesays.com\/hu\/wp-json\/wp\/v2\/media?parent=230225"}],"wp:term":[{"taxonomy":"category","embeddable":true,"href":"https:\/\/www.europesays.com\/hu\/wp-json\/wp\/v2\/categories?post=230225"},{"taxonomy":"post_tag","embeddable":true,"href":"https:\/\/www.europesays.com\/hu\/wp-json\/wp\/v2\/tags?post=230225"}],"curies":[{"name":"wp","href":"https:\/\/api.w.org\/{rel}","templated":true}]}}