{"id":230279,"date":"2026-09-02T17:12:11","date_gmt":"2026-09-02T17:12:11","guid":{"rendered":"https:\/\/www.europesays.com\/hu\/230279\/"},"modified":"2026-09-02T17:12:11","modified_gmt":"2026-09-02T17:12:11","slug":"index-belfold-magyar-peter-szerint-alhir-terjed-a-paksi-fenekkuszobrol-tiszta-vizet-ontott-a-poharba","status":"publish","type":"post","link":"https:\/\/www.europesays.com\/hu\/230279\/","title":{"rendered":"Index &#8211; Belf\u00f6ld &#8211; Magyar P\u00e9ter szerint \u00e1lh\u00edr terjed a paksi fen\u00e9kk\u00fcsz\u00f6br\u0151l, tiszta vizet \u00f6nt\u00f6tt a poh\u00e1rba"},"content":{"rendered":"<p>        <img decoding=\"async\" src=\"https:\/\/www.europesays.com\/hu\/wp-content\/uploads\/2026\/09\/71158963_c2215ac123aabe3c8b78bd25e0061937_wm.jpg\" alt=\"DSC 7708\"\/><\/p>\n<p>\n                Magyar P\u00e9ter kijelentette, az \u00e1lh\u00edrekkel ellent\u00e9tben a paksi fen\u00e9kk\u00fcsz\u00f6b a tervezett m\u00f3don l\u00e1tja el a munk\u00e1j\u00e1t. A korm\u00e1nyf\u0151 hozz\u00e1tette, a term\u00e9szetes m\u00e9ly\u00fcl\u00e9s miatt a szakemberek felt\u00f6ltik az \u00e9rintett r\u00e9szeket.            <\/p>\n<p>\u201eA sajt\u00f3ban terjesztett \u00e1lh\u00edrekkel szemben a paksi fen\u00e9kk\u00fcsz\u00f6b a tervezett m\u00f3don ell\u00e1tja a funkci\u00f3j\u00e1t, \u00e9s emeli a v\u00edzszintet\u201d \u2013 k\u00f6z\u00f6lte egy szerda d\u00e9lut\u00e1ni <a href=\"https:\/\/www.facebook.com\/peter.magyar.102\/posts\/pfbid02psd3FP6EdzAn2Xa6xNEo9wqvhdiB3rw4QX3UJKwq5SS5cimtckQSHEndxDHZfQqEl\" id=\"hyperlink_a6e1f2dae55f6c99992ac5756c931a3b\" rel=\"nofollow noopener\" target=\"_blank\">Facebook-posztban<\/a> Magyar P\u00e9ter.\u00a0<\/p>\n<p>A minisztereln\u00f6k hozz\u00e1tette, a Duna medr\u00e9nek term\u00e9szetes m\u00e9ly\u00fcl\u00e9se miatt a szakemberek felt\u00f6ltik az \u00e9rintett r\u00e9szeket.<\/p>\n<p>Ahogyan arr\u00f3l kor\u00e1bban besz\u00e1moltunk, az \u00c1tl\u00e1tsz\u00f3 cikke szerint a paksi fen\u00e9kk\u00fcsz\u00f6b k\u00e9t, egym\u00e1ssal szemben kialak\u00edtott fala jelent\u0151sen besz\u0171k\u00edtette a Duna medr\u00e9t, emiatt a v\u00edz sebess\u00e9ge nagym\u00e9rt\u00e9kben megn\u0151tt. R\u00e1ad\u00e1sul maga a m\u0171t\u00e1rgy is megs\u00e9r\u00fclt, ez\u00e9rt egyes inform\u00e1ci\u00f3k szerint <a href=\"https:\/\/index.hu\/belfold\/2026\/09\/02\/duna-paks-fenekkuszob-sodras-meder\/\" id=\"hyperlink_cdda7c43dfc77f217f56b691300434a4\" target=\"_blank\" title=\"\u00c1tl\u00e1tsz\u00f3: k\u00e9rd\u00e9sess\u00e9 v\u00e1lt, hogy az eredeti tervek szerint befejezhet\u0151-e a paksi fen\u00e9kk\u00fcsz\u00f6b\" rel=\"nofollow noopener\">az is k\u00e9rd\u00e9ses, hogy befejezhet\u0151-e az \u00e9p\u00edtm\u00e9ny<\/a>, hovatov\u00e1bb a tov\u00e1bbi m\u00e9ly\u00fcl\u00e9s az \u00e9l\u0151vil\u00e1gra is kihathat. Mag\u00e1val a kimos\u00f3d\u00e1ssal sz\u00e1moltak, a stabiliz\u00e1l\u00e1s rem\u00e9ny\u00e9ben betonkock\u00e1kat juttattak a Dun\u00e1ba.<\/p>\n<p>A paksi fen\u00e9kk\u00fcsz\u00f6b <a href=\"https:\/\/index.hu\/belfold\/2026\/08\/29\/magyar-peter-duna-paks-fenekkuszob-ko\/\" id=\"hyperlink_6aa54cd7e9d24c583384e938c8502f7c\" target=\"_blank\" title=\"Magyar P\u00e9ter: A tett az els\u0151, a (sok) sz\u00f3 a m\u00e1sodik\" rel=\"nofollow noopener\">els\u0151 \u00fctem\u00e9nek befejez\u00e9s\u00e9t<\/a> m\u00falt h\u00e9tv\u00e9g\u00e9n jelentette be Magyar P\u00e9ter. Nem sokkal k\u00e9s\u0151bb egy <a href=\"https:\/\/index.hu\/belfold\/2026\/08\/29\/magyar-peter-paks-duna-fenekkuszob-epitkezes-ko-paksi-atomeromu\/\" id=\"hyperlink_7ee10f6ff146a5d3dea35d8d7539776a\" target=\"_blank\" rel=\"nofollow noopener\">sp\u00e9ci felirat\u00fa baseball sapk\u00e1val<\/a> jelentkezett be.\u00a0<\/p>\n<p>\n                          (Bor\u00edt\u00f3k\u00e9p:\u00a0Magyar P\u00e9ter sajt\u00f3t\u00e1j\u00e9koztat\u00f3t tart Pakson 2026. augusztus 23-\u00e1n. Fot\u00f3: T\u00f6vissi Bence \/ Index)\u00a0\n                        <\/p>\n<p><a href=\"https:\/\/dex.hu\/x.php?id=googlepref_desktop&amp;url=https:\/\/google.com\/preferences\/source?q=https:\/\/index.hu\" class=\"google-pref-banner \" id=\"googlePrefBanner\" rel=\"nofollow noopener\" target=\"_blank\"><\/p>\n<p>    Itt \u00e1ll\u00edtsa be, hogy az Index az els\u0151k k\u00f6z\u00f6tt legyen a Google-tal\u00e1latokban!<\/p>\n<p><\/a><\/p>\n<p>    <img decoding=\"async\" src=\"https:\/\/index.hu\/assets\/images\/social-follow\/logo-big.svg\" alt=\"Index.hu logo\"\/><\/p>\n<p>K\u00f6vesse az Indexet Facebookon is!<\/p>\n<p>    <a href=\"https:\/\/facebook.com\/Indexhu\" target=\"_blank\" rel=\"nofollow noopener\"><\/p>\n<p>        K\u00f6vetem!<br \/>\n    <\/a><\/p>\n","protected":false},"excerpt":{"rendered":"Magyar P\u00e9ter kijelentette, az \u00e1lh\u00edrekkel ellent\u00e9tben a paksi fen\u00e9kk\u00fcsz\u00f6b a tervezett m\u00f3don l\u00e1tja el a munk\u00e1j\u00e1t. A korm\u00e1nyf\u0151&hellip;\n","protected":false},"author":2,"featured_media":230280,"comment_status":"","ping_status":"","sticky":false,"template":"","format":"standard","meta":{"footnotes":"","_share_on_mastodon":"0"},"categories":[6],"tags":[80,3649,56567,44,42,40,43,944,41,36055,60936,3169],"class_list":["post-230279","post","type-post","status-publish","format-standard","has-post-thumbnail","category-magyarorszag","tag-belfold","tag-duna","tag-fenekkuszob","tag-hu","tag-hungarian","tag-hungary","tag-magyar","tag-magyar-peter","tag-magyarorszag","tag-meder","tag-melyules","tag-paks"],"share_on_mastodon":{"url":"https:\/\/pubeurope.com\/@hu\/117202566900483105","error":""},"_links":{"self":[{"href":"https:\/\/www.europesays.com\/hu\/wp-json\/wp\/v2\/posts\/230279","targetHints":{"allow":["GET"]}}],"collection":[{"href":"https:\/\/www.europesays.com\/hu\/wp-json\/wp\/v2\/posts"}],"about":[{"href":"https:\/\/www.europesays.com\/hu\/wp-json\/wp\/v2\/types\/post"}],"author":[{"embeddable":true,"href":"https:\/\/www.europesays.com\/hu\/wp-json\/wp\/v2\/users\/2"}],"replies":[{"embeddable":true,"href":"https:\/\/www.europesays.com\/hu\/wp-json\/wp\/v2\/comments?post=230279"}],"version-history":[{"count":0,"href":"https:\/\/www.europesays.com\/hu\/wp-json\/wp\/v2\/posts\/230279\/revisions"}],"wp:featuredmedia":[{"embeddable":true,"href":"https:\/\/www.europesays.com\/hu\/wp-json\/wp\/v2\/media\/230280"}],"wp:attachment":[{"href":"https:\/\/www.europesays.com\/hu\/wp-json\/wp\/v2\/media?parent=230279"}],"wp:term":[{"taxonomy":"category","embeddable":true,"href":"https:\/\/www.europesays.com\/hu\/wp-json\/wp\/v2\/categories?post=230279"},{"taxonomy":"post_tag","embeddable":true,"href":"https:\/\/www.europesays.com\/hu\/wp-json\/wp\/v2\/tags?post=230279"}],"curies":[{"name":"wp","href":"https:\/\/api.w.org\/{rel}","templated":true}]}}