{"id":230321,"date":"2026-09-02T17:55:12","date_gmt":"2026-09-02T17:55:12","guid":{"rendered":"https:\/\/www.europesays.com\/hu\/230321\/"},"modified":"2026-09-02T17:55:12","modified_gmt":"2026-09-02T17:55:12","slug":"index-belfold-autoval-utkozott-majd-harminc-metert-repult-a-motoros-izsaknal-eletveszelyes-allapotban-szallitottak-korhazba","status":"publish","type":"post","link":"https:\/\/www.europesays.com\/hu\/230321\/","title":{"rendered":"Index &#8211; Belf\u00f6ld &#8211; Aut\u00f3val \u00fctk\u00f6z\u00f6tt, majd harminc m\u00e9tert rep\u00fclt a motoros Izs\u00e1kn\u00e1l, \u00e9letvesz\u00e9lyes \u00e1llapotban sz\u00e1ll\u00edtott\u00e1k k\u00f3rh\u00e1zba"},"content":{"rendered":"<p>Egy motoros \u00e9s egy aut\u00f3s \u00fctk\u00f6z\u00f6tt Izs\u00e1k \u00e9s Orgov\u00e1ny k\u00f6z\u00f6tt h\u00e9tf\u0151 d\u00e9lut\u00e1n, aminek k\u00f6vetkezt\u00e9ben el\u0151bbi \u00e9letvesz\u00e9lyes s\u00e9r\u00fcl\u00e9seket szenvedett \u2013 sz\u00e1molt be r\u00f3la az <a href=\"https:\/\/rtl.hu\/hirado\/2026\/09\/01\/izsak-motoros-baleset-frontalis-utkozes-mentohelikopter\" id=\"hyperlink_82757f82e6b33e89bdad1912e745d5ed\" rel=\"nofollow noopener\" target=\"_blank\">RTL<\/a>.<\/p>\n<p>A motoros Izs\u00e1k fel\u00e9 hajtott, amikor a szemtan\u00fak szerint \u00e1tt\u00e9rt a szembes\u00e1vba, majd front\u00e1lisan \u00fctk\u00f6z\u00f6tt az aut\u00f3val, amelyben egy h\u00e1romtag\u00fa csal\u00e1d \u00fclt, akik \u00e9ppen Kiskunf\u00e9legyh\u00e1z\u00e1ra tartottak koll\u00e9giumi beiratkoz\u00e1s c\u00e9lj\u00e1b\u00f3l.<\/p>\n<p>Az \u00fctk\u00f6z\u00e9s k\u00f6vetkezt\u00e9ben a motor \u00e9s a k\u00f6r\u00fcl\u00f6tte l\u00e9v\u0151 aljn\u00f6v\u00e9nyzet is kigyulladt.<\/p>\n<p>A t\u0171zolt\u00f3k a l\u00e1ngokat k\u00e9t v\u00edzsug\u00e1rral, valamint k\u00e9ziszersz\u00e1mokkal oltott\u00e1k el, majd az aut\u00f3t is \u00e1ramtalan\u00edtott\u00e1k.\u00a0<\/p>\n<p>Az apa el\u00e1rulta, nem tudott el\u00e9gg\u00e9 leh\u00faz\u00f3dni, noha azon igyekezett, hogy elker\u00fclje az \u00fctk\u00f6z\u00e9st. Miut\u00e1n biztons\u00e1gba helyezte a csal\u00e1dj\u00e1t, a p\u00f3rul j\u00e1rt motoros seg\u00edts\u00e9g\u00e9re sietett, majd a motorost \u00e9s a j\u00e1rm\u0171vet\u00a0is f\u00e9lreh\u00fazt\u00e1k.<\/p>\n<p>A motoros harminc m\u00e9tert rep\u00fclt, \u00e9s \u00e9letvesz\u00e9lyes s\u00e9r\u00fcl\u00e9sekkel, ment\u0151helikopterrel sz\u00e1ll\u00edtott\u00e1k k\u00f3rh\u00e1zba.<\/p>\n<p>A csal\u00e1d tagjai k\u00f6z\u00fcl senki sem s\u00e9r\u00fclt meg.\u00a0<\/p>\n<p>Ahogyan arr\u00f3l kor\u00e1bban besz\u00e1moltunk, a Budapesti Aut\u00f3sok\u00a0<a href=\"https:\/\/index.hu\/belfold\/2026\/09\/02\/vaci-ut-gazolas-motoros-gyalogos-budapesti-autosok\/\" id=\"hyperlink_7ed1b7e3c394fa61a24a7946ea940e93\" target=\"_blank\" title=\"Motoros g\u00e1zolta el a piroson \u00e1tkel\u0151 gyalogost a V\u00e1ci \u00faton, a baleset ut\u00e1n v\u00e1ratlan fordulat k\u00f6vetkezett\" rel=\"nofollow noopener\">\u00fajabb tanuls\u00e1gos eseteket osztott meg<\/a>. T\u00f6bbek k\u00f6z\u00f6tt a budapesti V\u00e1ci \u00faton egy piroson \u00e1thalad\u00f3 gyalogost \u00fct\u00f6tt el egy motoros, majd el\u0151bbi annak ellen\u00e9re s\u00e9t\u00e1lt el a helysz\u00ednr\u0151l, hogy kor\u00e1bban ment\u0151t h\u00edvtak r\u00e1.\u00a0<\/p>\n<p><a href=\"https:\/\/dex.hu\/x.php?id=googlepref_desktop&amp;url=https:\/\/google.com\/preferences\/source?q=https:\/\/index.hu\" class=\"google-pref-banner \" id=\"googlePrefBanner\" rel=\"nofollow noopener\" target=\"_blank\"><\/p>\n<p>    Itt \u00e1ll\u00edtsa be, hogy az Index az els\u0151k k\u00f6z\u00f6tt legyen a Google-tal\u00e1latokban!<\/p>\n<p><\/a><\/p>\n<p>    <img decoding=\"async\" src=\"https:\/\/index.hu\/assets\/images\/social-follow\/logo-big.svg\" alt=\"Index.hu logo\"\/><\/p>\n<p>K\u00f6vesse az Indexet Facebookon is!<\/p>\n<p>    <a href=\"https:\/\/facebook.com\/Indexhu\" target=\"_blank\" rel=\"nofollow noopener\"><\/p>\n<p>        K\u00f6vetem!<br \/>\n    <\/a><\/p>\n","protected":false},"excerpt":{"rendered":"Egy motoros \u00e9s egy aut\u00f3s \u00fctk\u00f6z\u00f6tt Izs\u00e1k \u00e9s Orgov\u00e1ny k\u00f6z\u00f6tt h\u00e9tf\u0151 d\u00e9lut\u00e1n, aminek k\u00f6vetkezt\u00e9ben el\u0151bbi \u00e9letvesz\u00e9lyes s\u00e9r\u00fcl\u00e9seket szenvedett&hellip;\n","protected":false},"author":2,"featured_media":230322,"comment_status":"","ping_status":"","sticky":false,"template":"","format":"standard","meta":{"footnotes":"","_share_on_mastodon":"0"},"categories":[6],"tags":[115,469,80,44,42,40,60942,43,41,1333,60943,13697,3321],"class_list":["post-230321","post","type-post","status-publish","format-standard","has-post-thumbnail","category-magyarorszag","tag-auto","tag-baleset","tag-belfold","tag-hu","tag-hungarian","tag-hungary","tag-izsak","tag-magyar","tag-magyarorszag","tag-motor","tag-orgovany","tag-serult","tag-tuz"],"share_on_mastodon":{"url":"https:\/\/pubeurope.com\/@hu\/117202736386415430","error":""},"_links":{"self":[{"href":"https:\/\/www.europesays.com\/hu\/wp-json\/wp\/v2\/posts\/230321","targetHints":{"allow":["GET"]}}],"collection":[{"href":"https:\/\/www.europesays.com\/hu\/wp-json\/wp\/v2\/posts"}],"about":[{"href":"https:\/\/www.europesays.com\/hu\/wp-json\/wp\/v2\/types\/post"}],"author":[{"embeddable":true,"href":"https:\/\/www.europesays.com\/hu\/wp-json\/wp\/v2\/users\/2"}],"replies":[{"embeddable":true,"href":"https:\/\/www.europesays.com\/hu\/wp-json\/wp\/v2\/comments?post=230321"}],"version-history":[{"count":0,"href":"https:\/\/www.europesays.com\/hu\/wp-json\/wp\/v2\/posts\/230321\/revisions"}],"wp:featuredmedia":[{"embeddable":true,"href":"https:\/\/www.europesays.com\/hu\/wp-json\/wp\/v2\/media\/230322"}],"wp:attachment":[{"href":"https:\/\/www.europesays.com\/hu\/wp-json\/wp\/v2\/media?parent=230321"}],"wp:term":[{"taxonomy":"category","embeddable":true,"href":"https:\/\/www.europesays.com\/hu\/wp-json\/wp\/v2\/categories?post=230321"},{"taxonomy":"post_tag","embeddable":true,"href":"https:\/\/www.europesays.com\/hu\/wp-json\/wp\/v2\/tags?post=230321"}],"curies":[{"name":"wp","href":"https:\/\/api.w.org\/{rel}","templated":true}]}}