{"id":230358,"date":"2026-09-02T18:39:06","date_gmt":"2026-09-02T18:39:06","guid":{"rendered":"https:\/\/www.europesays.com\/hu\/230358\/"},"modified":"2026-09-02T18:39:06","modified_gmt":"2026-09-02T18:39:06","slug":"magyar-peter-a-duna-medrenek-termeszetes-melyulese-miatt-a-szakemberek-feltoltik-az-erintett-reszeket-paksnal","status":"publish","type":"post","link":"https:\/\/www.europesays.com\/hu\/230358\/","title":{"rendered":"Magyar P\u00e9ter: A Duna medr\u00e9nek term\u00e9szetes m\u00e9ly\u00fcl\u00e9se miatt a szakemberek felt\u00f6ltik az \u00e9rintett r\u00e9szeket Paksn\u00e1l"},"content":{"rendered":"<p>A sajt\u00f3ban terjesztett \u00e1lh\u00edrekkel szemben a paksi fen\u00e9kk\u00fcsz\u00f6b a tervezett m\u00f3don ell\u00e1tja a funkci\u00f3j\u00e1t, \u00e9s emeli a v\u00edzszintet<\/p>\n<p>\u2013 k\u00f6z\u00f6lte Magyar P\u00e9ter szerd\u00e1n d\u00e9lut\u00e1n a <a href=\"https:\/\/www.facebook.com\/peter.magyar.102\/posts\/pfbid02psd3FP6EdzAn2Xa6xNEo9wqvhdiB3rw4QX3UJKwq5SS5cimtckQSHEndxDHZfQqEl\" target=\"_blank\" rel=\"noopener nofollow\">Facebookon.<\/a><\/p>\n<p>Kor\u00e1bban az <a href=\"https:\/\/atlatszo.hu\/kornyezet\/2026\/09\/02\/paksi-fenekkuszob-kikezdte-az-epitmenyt-a-felgyorsult-sodras-es-a-meder-kimosodasa\/\" target=\"_blank\" rel=\"noopener nofollow\">\u00c1tl\u00e1tsz\u00f3<\/a> \u00edrt arr\u00f3l, k\u00e9rd\u00e9ses, hogy lehets\u00e9ges-e m\u00e9g a fen\u00e9kk\u00fcsz\u00f6b eredeti tervek szerinti, teljes ki\u00e9p\u00edt\u00e9se, vagy \u00e1t kell majd alak\u00edtani.<\/p>\n<p>A probl\u00e9m\u00e1t a lap cikke szerint az okozza, hogy a fen\u00e9kk\u00fcsz\u00f6b\u00f6t k\u00e9t oldalr\u00f3l, egym\u00e1ssal szemben \u00e9p\u00edtik, ez\u00e1ltal j\u00f3csk\u00e1n besz\u0171k\u00fcl a Duna medre. Mivel a foly\u00f3 vize egyel\u0151re nem a g\u00e1t f\u00f6l\u00f6tt bukik \u00e1t, hanem beszorul a k\u00e9t egym\u00e1ssal szemben meg\u00e9p\u00edtett k\u0151g\u00e1t k\u00f6z\u00e9, a sz\u0171k\u00fcleten \u00e1tfoly\u00f3 v\u00edz sebess\u00e9ge rendk\u00edv\u00fcl felgyorsult. Ez a hatalmas sodr\u00e1s\u00fa v\u00edzt\u00f6meg egyr\u00e9szt \u00f3ri\u00e1si terhel\u00e9snek teszi ki mag\u00e1t az \u00e9p\u00edtm\u00e9nyt, m\u00e1sr\u00e9szt nagyon gyorsan m\u00e9ly\u00edti ki maga alatt a medret.<\/p>\n<p>A minisztereln\u00f6k ugyanakkor jelezte,<\/p>\n<p>a Duna medr\u00e9nek term\u00e9szetes m\u00e9ly\u00fcl\u00e9se miatt a szakemberek felt\u00f6ltik az \u00e9rintett r\u00e9szeket.<\/p>\n","protected":false},"excerpt":{"rendered":"A sajt\u00f3ban terjesztett \u00e1lh\u00edrekkel szemben a paksi fen\u00e9kk\u00fcsz\u00f6b a tervezett m\u00f3don ell\u00e1tja a funkci\u00f3j\u00e1t, \u00e9s emeli a v\u00edzszintet&hellip;\n","protected":false},"author":2,"featured_media":230359,"comment_status":"","ping_status":"","sticky":false,"template":"","format":"standard","meta":{"footnotes":"","_share_on_mastodon":"0"},"categories":[6],"tags":[3649,56567,44,42,40,43,944,41,3169],"class_list":["post-230358","post","type-post","status-publish","format-standard","has-post-thumbnail","category-magyarorszag","tag-duna","tag-fenekkuszob","tag-hu","tag-hungarian","tag-hungary","tag-magyar","tag-magyar-peter","tag-magyarorszag","tag-paks"],"share_on_mastodon":{"url":"https:\/\/pubeurope.com\/@hu\/117202908784450564","error":""},"_links":{"self":[{"href":"https:\/\/www.europesays.com\/hu\/wp-json\/wp\/v2\/posts\/230358","targetHints":{"allow":["GET"]}}],"collection":[{"href":"https:\/\/www.europesays.com\/hu\/wp-json\/wp\/v2\/posts"}],"about":[{"href":"https:\/\/www.europesays.com\/hu\/wp-json\/wp\/v2\/types\/post"}],"author":[{"embeddable":true,"href":"https:\/\/www.europesays.com\/hu\/wp-json\/wp\/v2\/users\/2"}],"replies":[{"embeddable":true,"href":"https:\/\/www.europesays.com\/hu\/wp-json\/wp\/v2\/comments?post=230358"}],"version-history":[{"count":0,"href":"https:\/\/www.europesays.com\/hu\/wp-json\/wp\/v2\/posts\/230358\/revisions"}],"wp:featuredmedia":[{"embeddable":true,"href":"https:\/\/www.europesays.com\/hu\/wp-json\/wp\/v2\/media\/230359"}],"wp:attachment":[{"href":"https:\/\/www.europesays.com\/hu\/wp-json\/wp\/v2\/media?parent=230358"}],"wp:term":[{"taxonomy":"category","embeddable":true,"href":"https:\/\/www.europesays.com\/hu\/wp-json\/wp\/v2\/categories?post=230358"},{"taxonomy":"post_tag","embeddable":true,"href":"https:\/\/www.europesays.com\/hu\/wp-json\/wp\/v2\/tags?post=230358"}],"curies":[{"name":"wp","href":"https:\/\/api.w.org\/{rel}","templated":true}]}}