{"id":230364,"date":"2026-09-02T18:47:10","date_gmt":"2026-09-02T18:47:10","guid":{"rendered":"https:\/\/www.europesays.com\/hu\/230364\/"},"modified":"2026-09-02T18:47:10","modified_gmt":"2026-09-02T18:47:10","slug":"ridley-scott-paul-mescalt-hibaztatja-a-gladiator-ii-kudarcaert","status":"publish","type":"post","link":"https:\/\/www.europesays.com\/hu\/230364\/","title":{"rendered":"Ridley Scott Paul Mescalt hib\u00e1ztatja a Gladi\u00e1tor II kudarc\u00e1\u00e9rt"},"content":{"rendered":"<p>\n                        A rendez\u0151 szerint a sz\u00edn\u00e9sz nem volt \u201eel\u00e9g f\u00e9rfias\u201d.                    <\/p>\n<p>Gondolom, egyet\u00e9rt\u00fcnk abban, hogy <a href=\"https:\/\/port.hu\/adatlap\/szemely\/ridley-scott\/person-1368\" rel=\"nofollow noopener\" target=\"_blank\">Ridley Scott<\/a> Gladi\u00e1tor II (2024) c\u00edm\u0171 filmje egy bazi nagy mell\u00e9fog\u00e1s volt. A forgat\u00f3k\u00f6nyv c\u00e9ltalanul csapongott, nyoma sincs benne <a href=\"https:\/\/port.hu\/adatlap\/film\/tv\/gladiator-gladiator\/movie-50460\" rel=\"nofollow noopener\" target=\"_blank\">az eredeti m\u0171<\/a> dr\u00e1mai \u00e9s \u00e9rzelmi erej\u00e9nek,<a href=\"https:\/\/port.hu\/adatlap\/szemely\/paul-mescal\/person-686951\" rel=\"nofollow noopener\" target=\"_blank\"> Paul Mescal<\/a> pedig tot\u00e1lis mell\u00e9ny\u00fal\u00e1s volt Lucius szerep\u00e9ben. B\u00e1r a folytat\u00e1s egy hatalmas z\u0171rzavar lett, a brandnek k\u00f6sz\u00f6nhet\u0151en m\u00e9gis megtal\u00e1lta a maga k\u00f6z\u00f6ns\u00e9g\u00e9t. B\u00e1r az els\u0151 film f\u0151szerepl\u0151je, Russel Crowe m\u00e9g fel sem t\u0171nt benne, a Gladi\u00e1tor II m\u00e9gis termelt 462 milli\u00f3 doll\u00e1rt vil\u00e1gszerte \u2013 annak ellen\u00e9re, hogy a n\u00e9z\u0151kt\u0151l \u00e9s a kritikusokt\u00f3l egyar\u00e1nt h\u0171v\u00f6s fogadtat\u00e1sban r\u00e9szes\u00fclt. A f\u0151 gond ink\u00e1bb az, hogy a h\u00edrek szerint 250 milli\u00f3 doll\u00e1rba ker\u00fclt a gy\u00e1rt\u00e1sa, s\u0151t egyesek szerint a k\u00f6lts\u00e9gvet\u00e9s a 300 milli\u00f3t is meghaladta. Innen n\u00e9zve viszont minden bizonnyal j\u00f3kora vesztes\u00e9get termelt.<\/p>\n<p>&#13;<br \/>\n&#13;<\/p>\n<p>Scott leg\u00fajabb filmje, a<a href=\"https:\/\/port.hu\/adatlap\/film\/mozi\/kutya-csillagkep-the-dog-stars\/movie-268200\" rel=\"nofollow noopener\" target=\"_blank\"> Kutya csillagk\u00e9p<\/a> sem kezdett valami f\u00e9nyesen: mind\u00f6ssze 7,7 milli\u00f3 doll\u00e1ros bev\u00e9tellel nyitott, a b\u00fcdzs\u00e9 pedig \u00e1ll\u00edt\u00f3lag j\u00f3val magasabb volt, mint amir\u0151l kor\u00e1bban cikkeztek: 89 milli\u00f3 doll\u00e1rt tett ki. A film f\u0151szerep\u00e9re eredetileg Mescalt k\u00e9rt\u00e9k fel, \u00e1m az utols\u00f3 pillanatban Jacob Elordi v\u00e1ltotta \u0151t. A sz\u00edn\u00e9sz csapata <a href=\"https:\/\/port.hu\/cikk\/mozi\/elkepeszto-a-hasonlosag-ime-az-elso-fotok-a-keszulo-the-beatles-filmsorozatbol-kepgaleria\/article-122466\" rel=\"nofollow noopener\" target=\"_blank\">Sam Mendes k\u00e9sz\u00fcl\u0151 Beatles-filmjeivel<\/a> val\u00f3 \u201eforgat\u00e1si \u00fctk\u00f6z\u00e9sekre\u201d hivatkozott, \u00e1m ezt sokan vitatj\u00e1k. A st\u00e1bhoz k\u00f6zeli forr\u00e1sok szerint Scott \u00e1ll\u00edt\u00f3lag el\u00e9gedetlen volt Mescallal a Gladi\u00e1tor II ut\u00e1n, \u00e9s \u00fagy \u00e9rezte, a sz\u00edn\u00e9sz \u201enem volt el\u00e9g f\u00e9rfias\u201d ahhoz a szerephez. Persze ut\u00f3lag m\u00e1r k\u00f6nny\u0171 okoskodni, hogy min cs\u00faszott el dolog. Van valami abban, amit Scott mond, de aki l\u00e1tta a filmet, az nyilv\u00e1n \u00e9rzi, hogy az\u00e9rt nem minden Mescal j\u00e1t\u00e9k\u00e1n m\u00falott. A sz\u00edn\u00e9sz r\u00e1ad\u00e1sul szerencs\u00e9sen j\u00f6tt ki a dologb\u00f3l: A Kutya csillagk\u00e9p orbit\u00e1lis buk\u00e1s, \u0151 pedig most Paul McCartney b\u0151r\u00e9be b\u00fajhat n\u00e9gy Beatles-filmben is. Ut\u00f3lag visszatekintve a szerep elveszt\u00e9se lehetett a legjobb dolog, ami mostans\u00e1g t\u00f6rt\u00e9nt.<\/p>\n<p>&#13;<br \/>\n&#13;<\/p>\n<p>\u00a0<\/p>\n<p>&#13;<\/p>\n<p>(via<a href=\"https:\/\/www.worldofreel.com\/blog\/2026\/9\/1\/ridley-scott-blamed-paul-mescal-for-gladiator-ii-fail-not-masculine-enough\" rel=\"nofollow noopener\" target=\"_blank\"> WordofReel<\/a>)<\/p>\n<p>                <a href=\"https:\/\/google.com\/preferences\/source?q=https:\/\/port.hu\" target=\"_blank\" class=\"google-pref-banner\" id=\"googlePrefBanner\" rel=\"nofollow noopener\"><br \/>\n                    <img loading=\"lazy\" decoding=\"async\" src=\"https:\/\/port.hu\/img\/svg\/google-logo.svg\" width=\"52\" height=\"52\"\/><br \/>\n                    Itt \u00e1ll\u00edtsa be, hogy a Port az els\u0151k k\u00f6z\u00f6tt legyen a Google-tal\u00e1latokban!<\/p>\n<p>                <\/a><\/p>\n","protected":false},"excerpt":{"rendered":"A rendez\u0151 szerint a sz\u00edn\u00e9sz nem volt \u201eel\u00e9g f\u00e9rfias\u201d. Gondolom, egyet\u00e9rt\u00fcnk abban, hogy Ridley Scott Gladi\u00e1tor II (2024)&hellip;\n","protected":false},"author":2,"featured_media":230365,"comment_status":"","ping_status":"","sticky":false,"template":"","format":"standard","meta":{"footnotes":"","_share_on_mastodon":"0"},"categories":[16],"tags":[1173,137,4520,11820,42860,44,42,40,25576,43,41,166,9781,14969,138],"class_list":["post-230364","post","type-post","status-publish","format-standard","has-post-thumbnail","category-szorakozas","tag-bukas","tag-entertainment","tag-folytatas","tag-gladiator","tag-gladiator-ii","tag-hu","tag-hungarian","tag-hungary","tag-kutya-csillagkep","tag-magyar","tag-magyarorszag","tag-mozi","tag-paul-mescal","tag-ridley-scott","tag-szorakozas"],"share_on_mastodon":{"url":"https:\/\/pubeurope.com\/@hu\/117202940733398507","error":""},"_links":{"self":[{"href":"https:\/\/www.europesays.com\/hu\/wp-json\/wp\/v2\/posts\/230364","targetHints":{"allow":["GET"]}}],"collection":[{"href":"https:\/\/www.europesays.com\/hu\/wp-json\/wp\/v2\/posts"}],"about":[{"href":"https:\/\/www.europesays.com\/hu\/wp-json\/wp\/v2\/types\/post"}],"author":[{"embeddable":true,"href":"https:\/\/www.europesays.com\/hu\/wp-json\/wp\/v2\/users\/2"}],"replies":[{"embeddable":true,"href":"https:\/\/www.europesays.com\/hu\/wp-json\/wp\/v2\/comments?post=230364"}],"version-history":[{"count":0,"href":"https:\/\/www.europesays.com\/hu\/wp-json\/wp\/v2\/posts\/230364\/revisions"}],"wp:featuredmedia":[{"embeddable":true,"href":"https:\/\/www.europesays.com\/hu\/wp-json\/wp\/v2\/media\/230365"}],"wp:attachment":[{"href":"https:\/\/www.europesays.com\/hu\/wp-json\/wp\/v2\/media?parent=230364"}],"wp:term":[{"taxonomy":"category","embeddable":true,"href":"https:\/\/www.europesays.com\/hu\/wp-json\/wp\/v2\/categories?post=230364"},{"taxonomy":"post_tag","embeddable":true,"href":"https:\/\/www.europesays.com\/hu\/wp-json\/wp\/v2\/tags?post=230364"}],"curies":[{"name":"wp","href":"https:\/\/api.w.org\/{rel}","templated":true}]}}